{"id":4347,"date":"2022-01-31T09:39:51","date_gmt":"2022-01-31T09:39:51","guid":{"rendered":"http:\/\/gkvitkovice.cz\/?p=4347"},"modified":"2022-01-31T09:40:50","modified_gmt":"2022-01-31T09:40:50","slug":"novorocni-pohar-2022","status":"publish","type":"post","link":"https:\/\/gkvitkovice.cz\/?p=4347","title":{"rendered":"Novoro\u010dn\u00ed poh\u00e1r 2022"},"content":{"rendered":"<div id=\"fb-root\"><\/div>\n<p><script async=\"\" defer=\"\" crossorigin=\"anonymous\" src=\"https:\/\/connect.facebook.net\/cs_CZ\/sdk.js#xfbml=1&amp;version=v12.0\" nonce=\"f4fOljB9\"><\/script><\/p>\n\n\n<div class=\"wp-block-image\"><figure class=\"aligncenter size-large is-resized\"><a href=\"http:\/\/gkvitkovice.cz\/wp-content\/uploads\/2022\/01\/IMG_6455.jpg\"><img loading=\"lazy\" src=\"http:\/\/gkvitkovice.cz\/wp-content\/uploads\/2022\/01\/IMG_6455-1024x682.jpg\" alt=\"\" class=\"wp-image-4348\" width=\"512\" height=\"341\" srcset=\"https:\/\/gkvitkovice.cz\/wp-content\/uploads\/2022\/01\/IMG_6455-1024x682.jpg 1024w, https:\/\/gkvitkovice.cz\/wp-content\/uploads\/2022\/01\/IMG_6455-300x200.jpg 300w, https:\/\/gkvitkovice.cz\/wp-content\/uploads\/2022\/01\/IMG_6455-768x512.jpg 768w, https:\/\/gkvitkovice.cz\/wp-content\/uploads\/2022\/01\/IMG_6455-1536x1024.jpg 1536w, https:\/\/gkvitkovice.cz\/wp-content\/uploads\/2022\/01\/IMG_6455.jpg 2000w\" sizes=\"(max-width: 512px) 100vw, 512px\" \/><\/a><\/figure><\/div>\n\n\n<p>Ji\u017e tradi\u010dn\u011b jsme se \u00fa\u010dastnili Novoro\u010dn\u00edho poh\u00e1ru ve Fren\u0161t\u00e1tu. Letos poprv\u00e9 formou dru\u017estev 3+1. Tak\u0159ka v\u0161echny na\u0161e z\u00e1vodnice si odvezly medaile.<\/p>\n<p>Zlato: VS5B (<strong>Hynek, O\u017eanov\u00e1, Kr\u00fdsov\u00e1<\/strong>)<br>St\u0159\u00edbro: VS4C (<strong>Z\u00e1vodn\u00e1, \u0160krochov\u00e1, Ludwigov\u00e1, Svobodov\u00e1<\/strong>), VS3C (<strong>Li\u0161kov\u00e1, Bujokov\u00e1, Nesvadbov\u00e1<\/strong>)<br>Bronz: VS5C (<strong>Kosteleck\u00e1, Koci\u00e1nov\u00e1, Najdekov\u00e1, Sta\u0148kov\u00e1<\/strong>), Mimi (<strong>Oplerov\u00e1, Nov\u00e1kov\u00e1 N. a A., P\u0159e\u010dkov\u00e1<\/strong>)<br>Jedin\u00e1 V. liga (2012 a mlad\u0161\u00ed) z\u016fstala bez medail\u00ed, ale vzhledem k tomu, \u017ee t\u0159i z d\u011bv\u010dat byly ro\u010dn\u00edky 2015 a vlastn\u011b nejmlad\u0161\u00ed z\u00e1vodnice cel\u00e9ho z\u00e1vodu, tak si vedly naprosto skv\u011ble. V jednotlivkyn\u00edch skon\u010dila <strong>Juli Marszolkov\u00e1<\/strong> na d\u011blen\u00e9m 7.-8. m\u00edst\u011b, <strong>Vivi Farn\u00edkov\u00e1<\/strong> na 10. m\u00edst\u011b a <strong>K\u00e1ja Ka\u0148ov\u00e1<\/strong> na 22. m\u00edst\u011b z celkov\u00e9ho po\u010dtu 24 z\u00e1vodnic.<\/p>\n<p>Gratulujeme!<\/p>\n<p>Fotky <a href=\"https:\/\/gkvitkovice.rajce.idnes.cz\/Novorocni_pohar%2C_29._1._2022\/\" target=\"_blank\" rel=\"noopener\">ZDE<\/a><\/p>\n<p>V\u00fdsledky <a href=\"https:\/\/www.gymfed.cz\/kalendar\/detail\/2326\" target=\"_blank\" rel=\"noopener\">ZDE<\/a><\/p>\n<p><em>(Gabriela Hynek)<\/em><\/p>\n<div class=\"fb-like\" data-href=\"http:\/\/gkvitkovice.cz\/?p=4347\" data-width=\"\" data-layout=\"standard\" data-action=\"like\" data-size=\"small\" data-share=\"true\"><\/div>","protected":false},"excerpt":{"rendered":"<p><!-- wp:image {\"align\":\"center\",\"id\":4348,\"width\":512,\"height\":341,\"sizeSlug\":\"large\",\"linkDestination\":\"media\"} --><\/p>\n<div class=\"wp-block-image\">\n<figure class=\"aligncenter size-large is-resized\"><a href=\"http:\/\/gkvitkovice.cz\/wp-content\/uploads\/2022\/01\/IMG_6455.jpg\"><img loading=\"lazy\" src=\"http:\/\/gkvitkovice.cz\/wp-content\/uploads\/2022\/01\/IMG_6455-1024x682.jpg\" alt=\"\" class=\"wp-image-4348\" width=\"512\" height=\"341\" srcset=\"https:\/\/gkvitkovice.cz\/wp-content\/uploads\/2022\/01\/IMG_6455-1024x682.jpg 1024w, https:\/\/gkvitkovice.cz\/wp-content\/uploads\/2022\/01\/IMG_6455-300x200.jpg 300w, https:\/\/gkvitkovice.cz\/wp-content\/uploads\/2022\/01\/IMG_6455-768x512.jpg 768w, https:\/\/gkvitkovice.cz\/wp-content\/uploads\/2022\/01\/IMG_6455-1536x1024.jpg 1536w, https:\/\/gkvitkovice.cz\/wp-content\/uploads\/2022\/01\/IMG_6455.jpg 2000w\" sizes=\"(max-width: 512px) 100vw, 512px\" \/><\/a><\/figure>\n<\/div>\n<p><!-- \/wp:image --><\/p>\n<p>Ji\u017e tradi\u010dn\u011b jsme se \u00fa\u010dastnili Novoro\u010dn\u00edho poh\u00e1ru ve Fren\u0161t\u00e1tu.<\/p>\n","protected":false},"author":1,"featured_media":0,"comment_status":"closed","ping_status":"open","sticky":false,"template":"","format":"standard","meta":[],"categories":[17],"tags":[],"_links":{"self":[{"href":"https:\/\/gkvitkovice.cz\/index.php?rest_route=\/wp\/v2\/posts\/4347"}],"collection":[{"href":"https:\/\/gkvitkovice.cz\/index.php?rest_route=\/wp\/v2\/posts"}],"about":[{"href":"https:\/\/gkvitkovice.cz\/index.php?rest_route=\/wp\/v2\/types\/post"}],"author":[{"embeddable":true,"href":"https:\/\/gkvitkovice.cz\/index.php?rest_route=\/wp\/v2\/users\/1"}],"replies":[{"embeddable":true,"href":"https:\/\/gkvitkovice.cz\/index.php?rest_route=%2Fwp%2Fv2%2Fcomments&post=4347"}],"version-history":[{"count":2,"href":"https:\/\/gkvitkovice.cz\/index.php?rest_route=\/wp\/v2\/posts\/4347\/revisions"}],"predecessor-version":[{"id":4350,"href":"https:\/\/gkvitkovice.cz\/index.php?rest_route=\/wp\/v2\/posts\/4347\/revisions\/4350"}],"wp:attachment":[{"href":"https:\/\/gkvitkovice.cz\/index.php?rest_route=%2Fwp%2Fv2%2Fmedia&parent=4347"}],"wp:term":[{"taxonomy":"category","embeddable":true,"href":"https:\/\/gkvitkovice.cz\/index.php?rest_route=%2Fwp%2Fv2%2Fcategories&post=4347"},{"taxonomy":"post_tag","embeddable":true,"href":"https:\/\/gkvitkovice.cz\/index.php?rest_route=%2Fwp%2Fv2%2Ftags&post=4347"}],"curies":[{"name":"wp","href":"https:\/\/api.w.org\/{rel}","templated":true}]}}