{"id":4353,"date":"2022-02-06T13:58:51","date_gmt":"2022-02-06T13:58:51","guid":{"rendered":"http:\/\/gkvitkovice.cz\/?p=4353"},"modified":"2022-02-06T13:59:46","modified_gmt":"2022-02-06T13:59:46","slug":"sgc-minicup-2022","status":"publish","type":"post","link":"https:\/\/gkvitkovice.cz\/?p=4353","title":{"rendered":"SGC Minicup 2022"},"content":{"rendered":"<div id=\"fb-root\"><\/div>\n<p><script async=\"\" defer=\"\" crossorigin=\"anonymous\" src=\"https:\/\/connect.facebook.net\/cs_CZ\/sdk.js#xfbml=1&amp;version=v12.0\" nonce=\"lLBVrYST\"><\/script><\/p>\n\n\n<div class=\"wp-block-image\"><figure class=\"aligncenter size-large is-resized\"><a href=\"http:\/\/gkvitkovice.cz\/wp-content\/uploads\/2022\/02\/02_SGC_04-scaled.jpg\"><img loading=\"lazy\" src=\"http:\/\/gkvitkovice.cz\/wp-content\/uploads\/2022\/02\/02_SGC_04-1024x683.jpg\" alt=\"\" class=\"wp-image-4354\" width=\"512\" height=\"342\" srcset=\"https:\/\/gkvitkovice.cz\/wp-content\/uploads\/2022\/02\/02_SGC_04-1024x683.jpg 1024w, https:\/\/gkvitkovice.cz\/wp-content\/uploads\/2022\/02\/02_SGC_04-300x200.jpg 300w, https:\/\/gkvitkovice.cz\/wp-content\/uploads\/2022\/02\/02_SGC_04-768x512.jpg 768w, https:\/\/gkvitkovice.cz\/wp-content\/uploads\/2022\/02\/02_SGC_04-1536x1024.jpg 1536w, https:\/\/gkvitkovice.cz\/wp-content\/uploads\/2022\/02\/02_SGC_04-2048x1365.jpg 2048w\" sizes=\"(max-width: 512px) 100vw, 512px\" \/><\/a><\/figure><\/div>\n\n\n\n<p>Poprv\u00e9 jsme nav\u0161t\u00edvili t\u011blocvi\u010dnu odd\u00edlu SGC Ostrava, kter\u00fd uspo\u0159\u00e1dal z\u00e1vod pro nejmen\u0161\u00ed gymnastky a gymnasty. N\u00e1\u0161 odd\u00edl m\u011bl zastoupen\u00ed pouze v d\u00edvenk\u00e1ch. <\/p>\n\n\n\n<p>Nejmlad\u0161\u00ed na\u0161e z\u00e1vodnice byla <strong>Terezka Prouzov\u00e1<\/strong> 2016, kter\u00e1 z\u00edskala st\u0159\u00edbrnou medaili. <\/p>\n\n\n\n<p>Velmi se zada\u0159ilo holk\u00e1m v kategorii 2015, obsadily prvn\u00edch p\u011bt m\u00edst \ud83d\ude42 1. <strong>Elenka \u0160ilerov\u00e1<\/strong>, 2. <strong>Marika \u0160perl\u00ednov\u00e1<\/strong>, 3. <strong>Julinka Marszolkov\u00e1<\/strong>, 4. <strong>Vivi Farn\u00edkov\u00e1<\/strong> a 5. <strong>Maru\u0161ka Je\u017ekov\u00e1<\/strong>. <\/p>\n\n\n\n<p>Posledn\u00ed zastoupen\u00ed jsme m\u011bli v kategorii 2014, kde ani <strong>Ani\u010dka Ulehlov\u00e1<\/strong> nezav\u00e1hala a skon\u010dila na prvn\u00edm m\u00edst\u011b, na kr\u00e1sn\u00e9m \u010dtvrt\u00e9m m\u00edst\u011b pak <strong>Natka Mat\u00fa\u0161ov\u00e1<\/strong>.<\/p>\n\n\n\n<p><br>V ostatn\u00edch kategori\u00edch jsme vzhledem k nucen\u00fdm karant\u00e9n\u00e1m a nemocem nem\u011bli zastoupen\u00ed.<br>D\u011bkujeme po\u0159adatel\u016fm za p\u0159\u00edjemn\u00fd a pohodov\u00fd z\u00e1vod, p\u0159\u00e1telskou atmosf\u00e9ru a v\u00fdborn\u00e9 ob\u010derstven\u00ed pro rozhod\u010d\u00ed i tren\u00e9ry&#8230; kol\u00e1\u010de byly opravdu v\u00fdborn\u00e9 \ud83d\ude42 <\/p>\n\n\n\n<p>Taky d\u011bkujeme v\u0161em na\u0161im rozhod\u010d\u00edm, kte\u0159\u00ed se vypravili naposledy si zabodovat podle star\u00fdch pravidel. A p\u0159ejeme jim, a\u0165 se jim na nast\u00e1vaj\u00edc\u00edch \u00fanorov\u00fdch a b\u0159eznov\u00fdch \u0161kolen\u00edch a zkou\u0161k\u00e1ch moc da\u0159\u00ed! <\/p>\n\n\n\n<p>V\u00fdsledky <a rel=\"noreferrer noopener\" href=\"https:\/\/www.gymfed.cz\/kalendar\/detail\/2288\" target=\"_blank\">ZDE<\/a><\/p>\n\n\n\n<p>Fotky <a rel=\"noreferrer noopener\" href=\"https:\/\/gkvitkovice.rajce.idnes.cz\/SGC_Mini_Cup_2022\/\" target=\"_blank\">ZDE<\/a><\/p>\n\n\n\n<p><em>(Gabriela Hynek)<\/em><\/p>\n\n\n<div class=\"fb-like\" data-href=\"http:\/\/gkvitkovice.cz\/?p=4353\" data-width=\"\" data-layout=\"standard\" data-action=\"like\" data-size=\"small\" data-share=\"true\"><\/div>","protected":false},"excerpt":{"rendered":"<p><!-- wp:image {\"align\":\"center\",\"id\":4354,\"width\":512,\"height\":342,\"sizeSlug\":\"large\",\"linkDestination\":\"media\"} --><\/p>\n<div class=\"wp-block-image\">\n<figure class=\"aligncenter size-large is-resized\"><a href=\"http:\/\/gkvitkovice.cz\/wp-content\/uploads\/2022\/02\/02_SGC_04-scaled.jpg\"><img loading=\"lazy\" src=\"http:\/\/gkvitkovice.cz\/wp-content\/uploads\/2022\/02\/02_SGC_04-1024x683.jpg\" alt=\"\" class=\"wp-image-4354\" width=\"512\" height=\"342\" srcset=\"https:\/\/gkvitkovice.cz\/wp-content\/uploads\/2022\/02\/02_SGC_04-1024x683.jpg 1024w, https:\/\/gkvitkovice.cz\/wp-content\/uploads\/2022\/02\/02_SGC_04-300x200.jpg 300w, https:\/\/gkvitkovice.cz\/wp-content\/uploads\/2022\/02\/02_SGC_04-768x512.jpg 768w, https:\/\/gkvitkovice.cz\/wp-content\/uploads\/2022\/02\/02_SGC_04-1536x1024.jpg 1536w, https:\/\/gkvitkovice.cz\/wp-content\/uploads\/2022\/02\/02_SGC_04-2048x1365.jpg 2048w\" sizes=\"(max-width: 512px) 100vw, 512px\" \/><\/a><\/figure>\n<\/div>\n<p><!-- \/wp:image --><\/p>\n<p><!-- wp:paragraph --><\/p>\n<p>Poprv\u00e9 jsme nav\u0161t\u00edvili t\u011blocvi\u010dnu odd\u00edlu SGC Ostrava, kter\u00fd uspo\u0159\u00e1dal z\u00e1vod pro nejmen\u0161\u00ed gymnastky a gymnasty. <\/p>\n","protected":false},"author":1,"featured_media":0,"comment_status":"closed","ping_status":"open","sticky":false,"template":"","format":"standard","meta":[],"categories":[17],"tags":[],"_links":{"self":[{"href":"https:\/\/gkvitkovice.cz\/index.php?rest_route=\/wp\/v2\/posts\/4353"}],"collection":[{"href":"https:\/\/gkvitkovice.cz\/index.php?rest_route=\/wp\/v2\/posts"}],"about":[{"href":"https:\/\/gkvitkovice.cz\/index.php?rest_route=\/wp\/v2\/types\/post"}],"author":[{"embeddable":true,"href":"https:\/\/gkvitkovice.cz\/index.php?rest_route=\/wp\/v2\/users\/1"}],"replies":[{"embeddable":true,"href":"https:\/\/gkvitkovice.cz\/index.php?rest_route=%2Fwp%2Fv2%2Fcomments&post=4353"}],"version-history":[{"count":2,"href":"https:\/\/gkvitkovice.cz\/index.php?rest_route=\/wp\/v2\/posts\/4353\/revisions"}],"predecessor-version":[{"id":4356,"href":"https:\/\/gkvitkovice.cz\/index.php?rest_route=\/wp\/v2\/posts\/4353\/revisions\/4356"}],"wp:attachment":[{"href":"https:\/\/gkvitkovice.cz\/index.php?rest_route=%2Fwp%2Fv2%2Fmedia&parent=4353"}],"wp:term":[{"taxonomy":"category","embeddable":true,"href":"https:\/\/gkvitkovice.cz\/index.php?rest_route=%2Fwp%2Fv2%2Fcategories&post=4353"},{"taxonomy":"post_tag","embeddable":true,"href":"https:\/\/gkvitkovice.cz\/index.php?rest_route=%2Fwp%2Fv2%2Ftags&post=4353"}],"curies":[{"name":"wp","href":"https:\/\/api.w.org\/{rel}","templated":true}]}}