{"id":4561,"date":"2022-03-14T09:16:55","date_gmt":"2022-03-14T09:16:55","guid":{"rendered":"http:\/\/gkvitkovice.cz\/?p=4561"},"modified":"2022-03-14T09:16:55","modified_gmt":"2022-03-14T09:16:55","slug":"sbirka-pro-lidi-prchajici-pred-valkou","status":"publish","type":"post","link":"https:\/\/gkvitkovice.cz\/?p=4561","title":{"rendered":"Sb\u00edrka pro lidi prchaj\u00edc\u00ed p\u0159ed v\u00e1lkou"},"content":{"rendered":"\n<p>M\u011bstsk\u00fd obvod Ostrava-Jih po\u0159\u00e1d\u00e1 \u201e<strong>SB\u00cdRKU PRO LIDI PRCHAJ\u00cdC\u00cd P\u0158ED V\u00c1LKOU\u201c.\u00a0<\/strong>Z\u00a0tohoto d\u016fvodu se na V\u00e1s obrac\u00edme s\u00a0prosbou o pomoc s\u00a0dod\u00e1n\u00edm pot\u0159ebn\u00fdch v\u011bc\u00ed, kter\u00e9 jsou uvedeny n\u00ed\u017ee.<\/p>\n\n\n\n<p>Sb\u011br se uskute\u010dn\u00ed v\u00a0ob\u0159adn\u00ed s\u00edni \u00daMOb Ostrava-Jih, ul. Horn\u00ed 3, Ostrava-Hrab\u016fvka,\u00a0<strong>od pond\u011bl\u00ed 14. 03. 2022 do \u010dtvrtku 17. 03. 2022, a to denn\u011b od 8 do 17 hod.<\/strong><\/p>\n\n\n\n<p>Velice d\u011bkujeme, \u017ee pom\u00e1h\u00e1te.<\/p>\n\n\n\n<p>POT\u0158EBN\u00c9 V\u011aCI:<\/p>\n\n\n\n<ul><li>\u0161atn\u00ed ram\u00ednka<\/li><li>povle\u010den\u00ed, prost\u011bradlo, pol\u0161t\u00e1\u0159, pe\u0159ina, chr\u00e1ni\u010d matrace<\/li><li>deka<\/li><li>su\u0161\u00e1k na pr\u00e1dlo<\/li><li>ru\u010dn\u00edk, osu\u0161ka, ut\u011brky<\/li><li>sklenice, hrn\u00ed\u010dky, sada hrnc\u016f, p\u0159\u00edbory, misky, va\u0159e\u010dky, nab\u011bra\u010dka, apod..<\/li><li>kbel\u00edk, mop, \u010dist\u00edc\u00ed pot\u0159eby do dom\u00e1cnosti, smet\u00e1\u010dek a lopatka<\/li><li>odpadkov\u00e9 ko\u0161e a pytl\u00edky na odpad<\/li><li><strong>Hygienick\u00e9 pot\u0159eby d\u011bti i dosp\u011bl\u00ed:<\/strong> sprchov\u00fd gel, \u0161amp\u00f3n, kondicion\u00e9r, kr\u00e9my, t\u011blov\u00e9<br>ml\u00e9ko, kart\u00e1\u010d na vlasy, vlo\u017eky, kart\u00e1\u010dek na zuby, pleny, vlh\u010den\u00e9 ubrousky, toaletn\u00ed pap\u00edr<\/li><li><strong>Vybaven\u00ed pro d\u011bti:<\/strong> aktovky, batohy, \u0161koln\u00ed pytl\u00edky, pastelky, fixy, omalov\u00e1nky, kreativn\u00ed<br>sady pro d\u011bti na tvo\u0159en\u00ed, hra\u010dky, d\u011btsk\u00e9 hrac\u00ed koberce<\/li><li><strong>Strava pro nejmen\u0161\u00ed d\u011bti:<\/strong> sunary, p\u0159esn\u00edd\u00e1vky<\/li><li><strong>Dom\u00e1c\u00ed spot\u0159ebi\u010de:<\/strong> \u017eehli\u010dky, f\u00e9ny na vlasy, rychlovarn\u00e9 konvice, plot\u00fdnkov\u00e9 elektrick\u00e9 va\u0159i\u010de, lednice (do v\u00fd\u0161ky cca 90 cm v\u00fd\u0161ky) a pra\u010dky s platn\u00fdm z\u00e1ru\u010dn\u00edm listem<\/li><\/ul>\n","protected":false},"excerpt":{"rendered":"<p><!-- wp:paragraph --><\/p>\n<p>M\u011bstsk\u00fd obvod Ostrava-Jih po\u0159\u00e1d\u00e1 \u201e<strong>SB\u00cdRKU PRO LIDI PRCHAJ\u00cdC\u00cd P\u0158ED V\u00c1LKOU\u201c.\u00a0<\/strong>Z\u00a0tohoto d\u016fvodu se na V\u00e1s obrac\u00edme s\u00a0prosbou o pomoc s\u00a0dod\u00e1n\u00edm pot\u0159ebn\u00fdch v\u011bc\u00ed, kter\u00e9 jsou uvedeny n\u00ed\u017ee.<\/p>\n<p><!-- \/wp:paragraph --><\/p>\n<p><!-- wp:paragraph --><\/p>\n<p>Sb\u011br se uskute\u010dn\u00ed v\u00a0ob\u0159adn\u00ed s\u00edni \u00daMOb Ostrava-Jih, ul. Horn\u00ed 3, Ostrava-Hrab\u016fvka,\u00a0<strong>od pond\u011bl\u00ed 14. 03. 2022 do \u010dtvrtku 17. 03. 2022, a to denn\u011b od 8 do 17 hod.<\/strong><\/p>\n<p><!-- \/wp:paragraph --><\/p>\n<p><!-- wp:paragraph --><\/p>\n<p>Velice d\u011bkujeme, \u017ee pom\u00e1h\u00e1te.<\/p>\n<p><!-- \/wp:paragraph --><\/p>\n<p><!-- wp:paragraph --><\/p>\n<p>POT\u0158EBN\u00c9 V\u011aCI:<\/p>\n<p><!-- \/wp:paragraph --><\/p>\n<p><!-- wp:list --><\/p>\n<ul>\n<li>\u0161atn\u00ed ram\u00ednka<\/li>\n<li>povle\u010den\u00ed, prost\u011bradlo, pol\u0161t\u00e1\u0159, pe\u0159ina, chr\u00e1ni\u010d matrace<\/li>\n<li>deka<\/li>\n<li>su\u0161\u00e1k na pr\u00e1dlo<\/li>\n<li>ru\u010dn\u00edk, osu\u0161ka, ut\u011brky<\/li>\n<li>sklenice, hrn\u00ed\u010dky, sada hrnc\u016f, p\u0159\u00edbory, misky, va\u0159e\u010dky, nab\u011bra\u010dka, apod..<\/li>\n<li>kbel\u00edk, mop, \u010dist\u00edc\u00ed pot\u0159eby do dom\u00e1cnosti, smet\u00e1\u010dek a lopatka<\/li>\n<li>odpadkov\u00e9 ko\u0161e a pytl\u00edky na odpad<\/li>\n<li><strong>Hygienick\u00e9 pot\u0159eby d\u011bti i dosp\u011bl\u00ed:<\/strong> sprchov\u00fd gel, \u0161amp\u00f3n, kondicion\u00e9r, kr\u00e9my, t\u011blov\u00e9<br \/>ml\u00e9ko, kart\u00e1\u010d na vlasy, vlo\u017eky, kart\u00e1\u010dek na zuby, pleny, vlh\u010den\u00e9 ubrousky, toaletn\u00ed pap\u00edr<\/li>\n<li><strong>Vybaven\u00ed pro d\u011bti:<\/strong> aktovky, batohy, \u0161koln\u00ed pytl\u00edky, pastelky, fixy, omalov\u00e1nky, kreativn\u00ed<br \/>sady pro d\u011bti na tvo\u0159en\u00ed, hra\u010dky, d\u011btsk\u00e9 hrac\u00ed koberce<\/li>\n<li><strong>Strava pro nejmen\u0161\u00ed d\u011bti:<\/strong> sunary, p\u0159esn\u00edd\u00e1vky<\/li>\n<li><strong>Dom\u00e1c\u00ed spot\u0159ebi\u010de:<\/strong> \u017eehli\u010dky, f\u00e9ny na vlasy, rychlovarn\u00e9 konvice, plot\u00fdnkov\u00e9 elektrick\u00e9 va\u0159i\u010de, lednice (do v\u00fd\u0161ky cca 90 cm v\u00fd\u0161ky) a pra\u010dky s platn\u00fdm z\u00e1ru\u010dn\u00edm listem<\/li>\n<\/ul>\n<p><!-- \/wp:list --><\/p>\n","protected":false},"author":1,"featured_media":0,"comment_status":"closed","ping_status":"open","sticky":false,"template":"","format":"standard","meta":[],"categories":[17],"tags":[],"_links":{"self":[{"href":"https:\/\/gkvitkovice.cz\/index.php?rest_route=\/wp\/v2\/posts\/4561"}],"collection":[{"href":"https:\/\/gkvitkovice.cz\/index.php?rest_route=\/wp\/v2\/posts"}],"about":[{"href":"https:\/\/gkvitkovice.cz\/index.php?rest_route=\/wp\/v2\/types\/post"}],"author":[{"embeddable":true,"href":"https:\/\/gkvitkovice.cz\/index.php?rest_route=\/wp\/v2\/users\/1"}],"replies":[{"embeddable":true,"href":"https:\/\/gkvitkovice.cz\/index.php?rest_route=%2Fwp%2Fv2%2Fcomments&post=4561"}],"version-history":[{"count":1,"href":"https:\/\/gkvitkovice.cz\/index.php?rest_route=\/wp\/v2\/posts\/4561\/revisions"}],"predecessor-version":[{"id":4562,"href":"https:\/\/gkvitkovice.cz\/index.php?rest_route=\/wp\/v2\/posts\/4561\/revisions\/4562"}],"wp:attachment":[{"href":"https:\/\/gkvitkovice.cz\/index.php?rest_route=%2Fwp%2Fv2%2Fmedia&parent=4561"}],"wp:term":[{"taxonomy":"category","embeddable":true,"href":"https:\/\/gkvitkovice.cz\/index.php?rest_route=%2Fwp%2Fv2%2Fcategories&post=4561"},{"taxonomy":"post_tag","embeddable":true,"href":"https:\/\/gkvitkovice.cz\/index.php?rest_route=%2Fwp%2Fv2%2Ftags&post=4561"}],"curies":[{"name":"wp","href":"https:\/\/api.w.org\/{rel}","templated":true}]}}