{"id":4571,"date":"2022-03-18T06:30:38","date_gmt":"2022-03-18T06:30:38","guid":{"rendered":"http:\/\/gkvitkovice.cz\/?p=4571"},"modified":"2022-03-18T06:31:49","modified_gmt":"2022-03-18T06:31:49","slug":"1-a-2-tg-sraz-v-praze-2022","status":"publish","type":"post","link":"https:\/\/gkvitkovice.cz\/?p=4571","title":{"rendered":"1. a 2. TG sraz v Praze 2022"},"content":{"rendered":"<div id=\"fb-root\"><\/div>\n<p><script async=\"\" defer=\"\" crossorigin=\"anonymous\" src=\"https:\/\/connect.facebook.net\/cs_CZ\/sdk.js#xfbml=1&amp;version=v13.0\" nonce=\"0ML5fewj\"><\/script><\/p>\n\n\n<div class=\"wp-block-image\"><figure class=\"aligncenter size-large is-resized\"><a href=\"http:\/\/gkvitkovice.cz\/wp-content\/uploads\/2022\/03\/06_TG_2_sraz_09.jpg\"><img loading=\"lazy\" src=\"http:\/\/gkvitkovice.cz\/wp-content\/uploads\/2022\/03\/06_TG_2_sraz_09-1024x682.jpg\" alt=\"\" class=\"wp-image-4572\" width=\"512\" height=\"341\" srcset=\"https:\/\/gkvitkovice.cz\/wp-content\/uploads\/2022\/03\/06_TG_2_sraz_09-1024x682.jpg 1024w, https:\/\/gkvitkovice.cz\/wp-content\/uploads\/2022\/03\/06_TG_2_sraz_09-300x200.jpg 300w, https:\/\/gkvitkovice.cz\/wp-content\/uploads\/2022\/03\/06_TG_2_sraz_09-768x512.jpg 768w, https:\/\/gkvitkovice.cz\/wp-content\/uploads\/2022\/03\/06_TG_2_sraz_09-1536x1024.jpg 1536w, https:\/\/gkvitkovice.cz\/wp-content\/uploads\/2022\/03\/06_TG_2_sraz_09.jpg 2000w\" sizes=\"(max-width: 512px) 100vw, 512px\" \/><\/a><\/figure><\/div>\n\n\n\n<p>TG sraz prob\u011bhl tak trochu ve znamen\u00ed \u00faraz\u016f. Po tom, co si K\u00e1ja hned prvn\u00ed den zvrtla nohu u pr\u016fprav, to pokra\u010dovalo Luckou, kter\u00e1 nechala prst v trampol\u00edn\u011b p\u0159i odrazu a Anni, kterou rozbolely nohy po \u0161patn\u00e9m dopadu mezi j\u00e1mu a \u017e\u00edn\u011bnku. Na druh\u00e9m srazu si R\u00f3za st\u011b\u017eovala na bolest zad po dvojn\u00fdch saltech s vrutem. No uvid\u00edme, snad u\u017e se ponesou dal\u0161\u00ed srazy v lep\u0161\u00edm duchu \ud83d\ude42 V\u00edkendy v Praze jsou n\u00e1ro\u010dn\u00e9 fyzicky i \u010dasov\u011b, ale holky p\u016fsob\u00ed spokojen\u011b a makaj\u00ed na sob\u011b.<\/p>\n\n\n\n<p><br>Tak\u017ee p\u0159eji, a\u0165 v\u0161em p\u00edle a snaha vydr\u017e\u00ed a\u017e do z\u00e1\u0159\u00ed!<\/p>\n\n\n\n<p>Fotky <a rel=\"noreferrer noopener\" href=\"https:\/\/gkvitkovice.rajce.idnes.cz\/1._a_2._TG_sraz_v_Praze%2C_unor_2022\/\" target=\"_blank\">ZDE<\/a><\/p>\n\n\n\n<p><em>(Gabriela Hynek)<\/em><\/p>\n\n\n<div class=\"fb-like\" data-href=\"http:\/\/gkvitkovice.cz\/?p=4571\" data-width=\"\" data-layout=\"standard\" data-action=\"like\" data-size=\"small\" data-share=\"true\"><\/div>","protected":false},"excerpt":{"rendered":"<p><!-- wp:image {\"align\":\"center\",\"id\":4572,\"width\":512,\"height\":341,\"sizeSlug\":\"large\",\"linkDestination\":\"media\"} --><\/p>\n<div class=\"wp-block-image\">\n<figure class=\"aligncenter size-large is-resized\"><a href=\"http:\/\/gkvitkovice.cz\/wp-content\/uploads\/2022\/03\/06_TG_2_sraz_09.jpg\"><img loading=\"lazy\" src=\"http:\/\/gkvitkovice.cz\/wp-content\/uploads\/2022\/03\/06_TG_2_sraz_09-1024x682.jpg\" alt=\"\" class=\"wp-image-4572\" width=\"512\" height=\"341\" srcset=\"https:\/\/gkvitkovice.cz\/wp-content\/uploads\/2022\/03\/06_TG_2_sraz_09-1024x682.jpg 1024w, https:\/\/gkvitkovice.cz\/wp-content\/uploads\/2022\/03\/06_TG_2_sraz_09-300x200.jpg 300w, https:\/\/gkvitkovice.cz\/wp-content\/uploads\/2022\/03\/06_TG_2_sraz_09-768x512.jpg 768w, https:\/\/gkvitkovice.cz\/wp-content\/uploads\/2022\/03\/06_TG_2_sraz_09-1536x1024.jpg 1536w, https:\/\/gkvitkovice.cz\/wp-content\/uploads\/2022\/03\/06_TG_2_sraz_09.jpg 2000w\" sizes=\"(max-width: 512px) 100vw, 512px\" \/><\/a><\/figure>\n<\/div>\n<p><!-- \/wp:image --><\/p>\n<p><!-- wp:paragraph --><\/p>\n<p>TG sraz prob\u011bhl tak trochu ve znamen\u00ed \u00faraz\u016f. <\/p>\n","protected":false},"author":1,"featured_media":0,"comment_status":"closed","ping_status":"open","sticky":false,"template":"","format":"standard","meta":[],"categories":[17],"tags":[],"_links":{"self":[{"href":"https:\/\/gkvitkovice.cz\/index.php?rest_route=\/wp\/v2\/posts\/4571"}],"collection":[{"href":"https:\/\/gkvitkovice.cz\/index.php?rest_route=\/wp\/v2\/posts"}],"about":[{"href":"https:\/\/gkvitkovice.cz\/index.php?rest_route=\/wp\/v2\/types\/post"}],"author":[{"embeddable":true,"href":"https:\/\/gkvitkovice.cz\/index.php?rest_route=\/wp\/v2\/users\/1"}],"replies":[{"embeddable":true,"href":"https:\/\/gkvitkovice.cz\/index.php?rest_route=%2Fwp%2Fv2%2Fcomments&post=4571"}],"version-history":[{"count":2,"href":"https:\/\/gkvitkovice.cz\/index.php?rest_route=\/wp\/v2\/posts\/4571\/revisions"}],"predecessor-version":[{"id":4574,"href":"https:\/\/gkvitkovice.cz\/index.php?rest_route=\/wp\/v2\/posts\/4571\/revisions\/4574"}],"wp:attachment":[{"href":"https:\/\/gkvitkovice.cz\/index.php?rest_route=%2Fwp%2Fv2%2Fmedia&parent=4571"}],"wp:term":[{"taxonomy":"category","embeddable":true,"href":"https:\/\/gkvitkovice.cz\/index.php?rest_route=%2Fwp%2Fv2%2Fcategories&post=4571"},{"taxonomy":"post_tag","embeddable":true,"href":"https:\/\/gkvitkovice.cz\/index.php?rest_route=%2Fwp%2Fv2%2Ftags&post=4571"}],"curies":[{"name":"wp","href":"https:\/\/api.w.org\/{rel}","templated":true}]}}