{"id":4583,"date":"2022-03-25T20:06:32","date_gmt":"2022-03-25T20:06:32","guid":{"rendered":"http:\/\/gkvitkovice.cz\/?p=4583"},"modified":"2022-03-25T20:12:18","modified_gmt":"2022-03-25T20:12:18","slug":"skoleni-treneru-iii-tridy","status":"publish","type":"post","link":"https:\/\/gkvitkovice.cz\/?p=4583","title":{"rendered":"\u0160kolen\u00ed tren\u00e9r\u016f III. t\u0159\u00eddy"},"content":{"rendered":"<div id=\"fb-root\"><\/div>\n<p><script async=\"\" defer=\"\" crossorigin=\"anonymous\" src=\"https:\/\/connect.facebook.net\/cs_CZ\/sdk.js#xfbml=1&amp;version=v13.0\" nonce=\"GK1JlxVw\"><\/script><\/p>\n\n\n<div class=\"wp-block-image\"><figure class=\"aligncenter size-large is-resized\"><a href=\"http:\/\/gkvitkovice.cz\/wp-content\/uploads\/2022\/03\/IMG_20220320_114859.jpg\"><img loading=\"lazy\" src=\"http:\/\/gkvitkovice.cz\/wp-content\/uploads\/2022\/03\/IMG_20220320_114859.jpg\" alt=\"\" class=\"wp-image-4584\" width=\"500\" height=\"376\" srcset=\"https:\/\/gkvitkovice.cz\/wp-content\/uploads\/2022\/03\/IMG_20220320_114859.jpg 1000w, https:\/\/gkvitkovice.cz\/wp-content\/uploads\/2022\/03\/IMG_20220320_114859-300x225.jpg 300w, https:\/\/gkvitkovice.cz\/wp-content\/uploads\/2022\/03\/IMG_20220320_114859-768x577.jpg 768w\" sizes=\"(max-width: 500px) 100vw, 500px\" \/><\/a><\/figure><\/div>\n\n\n\n<p>Ve dnech 18. \u2013 20. 3. 2022 prob\u011bhlo v na\u0161em klubu ji\u017e druh\u00e9 \u0161kolen\u00ed tren\u00e9r\u016f 3. t\u0159\u00eddy sportovn\u00ed gymnastiky mu\u017e\u016f a \u017een. Po\u0159adatelem \u0161kolen\u00ed je Moravskoslezsk\u00fd gymnastick\u00fd svaz, kter\u00fd p\u0159ipravil \u0161kolen\u00ed ve spolupr\u00e1ci s \u010cGF a Ostravskou univerzitou.<\/p>\n\n\n\n<p>15 nov\u00fdch tren\u00e9r\u016f z cel\u00e9 Moravy zah\u00e1jilo \u0161kolen\u00ed na Ostravsk\u00e9 univerzit\u011b p\u0159edn\u00e1\u0161kami z teorie, kter\u00e9 vedl doc. Mgr. Roman Farana, Ph.D., b\u00fdval\u00fd gymnasta a tren\u00e9r na\u0161eho klubu. Praktick\u00e1 \u010d\u00e1st pak prob\u00edhala v sobotu a v ned\u011bli pod veden\u00edm dal\u0161\u00ed b\u00fdval\u00e9 gymnastky V\u00edtkovic a reprezentantky Mgr. Katky Vlkov\u00e9, v sou\u010dasnosti tren\u00e9rky Sokola Brno I., a Ericha Szlauera, tren\u00e9ra reprezentant\u016f z TJ T\u017d T\u0159inec. V\u0161ichni lekto\u0159i se sna\u017eili p\u0159edat nov\u00fdm z\u00e1jemc\u016fm o tren\u00e9rskou licenci sv\u00e9 zku\u0161enosti z tren\u00e9rsk\u00e9 pr\u00e1ce a p\u0159ipravit je na kr\u00e1snou, ale z\u00e1rove\u0148 n\u00e1ro\u010dnou pr\u00e1ci tren\u00e9ra sportovn\u00ed gymnastiky. \u00da\u010dastn\u00edci se sezn\u00e1mili s metodikou n\u00e1cviku z\u00e1kladn\u00edch prvk\u016f, s obsahem sportovn\u00ed p\u0159\u00edpravy a na na\u0161ich gymnastk\u00e1ch si vyzkou\u0161eli dopomoc p\u0159i n\u00e1cviku prvk\u016f.<\/p>\n\n\n\n<p>V sobotu 26. 3. 2022 prob\u011bhne druh\u00e1 \u010d\u00e1st \u0161kolen\u00ed a z\u00e1v\u011bre\u010dn\u00e9 zkou\u0161ky. P\u0159ejeme v\u0161em \u00fa\u010dastn\u00edk\u016fm hodn\u011b \u0161t\u011bst\u00ed u z\u00e1v\u011bre\u010dn\u00fdch zkou\u0161ek i v dal\u0161\u00ed tren\u00e9rsk\u00e9 pr\u00e1ci.<\/p>\n\n\n\n<p>Fotky <a href=\"https:\/\/gkvitkovice.rajce.idnes.cz\/Skoleni_treneru_III.tridy_18.-20.3.2022\/\" target=\"_blank\" rel=\"noreferrer noopener\">ZDE<\/a><\/p>\n\n\n\n<p><em>(Sv\u011btlana Grmelov\u00e1)<\/em><\/p>\n\n\n<div class=\"fb-like\" data-href=\"http:\/\/gkvitkovice.cz\/?p=4583\" data-width=\"\" data-layout=\"standard\" data-action=\"like\" data-size=\"small\" data-share=\"true\"><\/div>","protected":false},"excerpt":{"rendered":"<p><!-- wp:image {\"align\":\"center\",\"id\":4584,\"width\":500,\"height\":376,\"sizeSlug\":\"large\",\"linkDestination\":\"media\"} --><\/p>\n<div class=\"wp-block-image\">\n<figure class=\"aligncenter size-large is-resized\"><a href=\"http:\/\/gkvitkovice.cz\/wp-content\/uploads\/2022\/03\/IMG_20220320_114859.jpg\"><img loading=\"lazy\" src=\"http:\/\/gkvitkovice.cz\/wp-content\/uploads\/2022\/03\/IMG_20220320_114859.jpg\" alt=\"\" class=\"wp-image-4584\" width=\"500\" height=\"376\" srcset=\"https:\/\/gkvitkovice.cz\/wp-content\/uploads\/2022\/03\/IMG_20220320_114859.jpg 1000w, https:\/\/gkvitkovice.cz\/wp-content\/uploads\/2022\/03\/IMG_20220320_114859-300x225.jpg 300w, https:\/\/gkvitkovice.cz\/wp-content\/uploads\/2022\/03\/IMG_20220320_114859-768x577.jpg 768w\" sizes=\"(max-width: 500px) 100vw, 500px\" \/><\/a><\/figure>\n<\/div>\n<p><!-- \/wp:image --><\/p>\n<p><!-- wp:paragraph --><\/p>\n<p>Ve dnech 18. \u2013 20. 3. 2022 prob\u011bhlo v na\u0161em klubu ji\u017e druh\u00e9 \u0161kolen\u00ed tren\u00e9r\u016f 3. t\u0159\u00eddy sportovn\u00ed gymnastiky mu\u017e\u016f a \u017een. Po\u0159adatelem \u0161kolen\u00ed je Moravskoslezsk\u00fd gymnastick\u00fd svaz, kter\u00fd p\u0159ipravil \u0161kolen\u00ed ve spolupr\u00e1ci s \u010cGF a Ostravskou univerzitou.<\/p>\n<p><!-- \/wp:paragraph --><\/p>\n","protected":false},"author":1,"featured_media":0,"comment_status":"closed","ping_status":"open","sticky":false,"template":"","format":"standard","meta":[],"categories":[17],"tags":[],"_links":{"self":[{"href":"https:\/\/gkvitkovice.cz\/index.php?rest_route=\/wp\/v2\/posts\/4583"}],"collection":[{"href":"https:\/\/gkvitkovice.cz\/index.php?rest_route=\/wp\/v2\/posts"}],"about":[{"href":"https:\/\/gkvitkovice.cz\/index.php?rest_route=\/wp\/v2\/types\/post"}],"author":[{"embeddable":true,"href":"https:\/\/gkvitkovice.cz\/index.php?rest_route=\/wp\/v2\/users\/1"}],"replies":[{"embeddable":true,"href":"https:\/\/gkvitkovice.cz\/index.php?rest_route=%2Fwp%2Fv2%2Fcomments&post=4583"}],"version-history":[{"count":2,"href":"https:\/\/gkvitkovice.cz\/index.php?rest_route=\/wp\/v2\/posts\/4583\/revisions"}],"predecessor-version":[{"id":4586,"href":"https:\/\/gkvitkovice.cz\/index.php?rest_route=\/wp\/v2\/posts\/4583\/revisions\/4586"}],"wp:attachment":[{"href":"https:\/\/gkvitkovice.cz\/index.php?rest_route=%2Fwp%2Fv2%2Fmedia&parent=4583"}],"wp:term":[{"taxonomy":"category","embeddable":true,"href":"https:\/\/gkvitkovice.cz\/index.php?rest_route=%2Fwp%2Fv2%2Fcategories&post=4583"},{"taxonomy":"post_tag","embeddable":true,"href":"https:\/\/gkvitkovice.cz\/index.php?rest_route=%2Fwp%2Fv2%2Ftags&post=4583"}],"curies":[{"name":"wp","href":"https:\/\/api.w.org\/{rel}","templated":true}]}}