{"id":4691,"date":"2022-05-01T21:29:11","date_gmt":"2022-05-01T21:29:11","guid":{"rendered":"http:\/\/gkvitkovice.cz\/?p=4691"},"modified":"2022-05-01T21:30:53","modified_gmt":"2022-05-01T21:30:53","slug":"vsky-na-necisto","status":"publish","type":"post","link":"https:\/\/gkvitkovice.cz\/?p=4691","title":{"rendered":"VSky na ne\u010disto"},"content":{"rendered":"<div id=\"fb-root\"><\/div>\n<p><script async=\"\" defer=\"\" crossorigin=\"anonymous\" src=\"https:\/\/connect.facebook.net\/cs_CZ\/sdk.js#xfbml=1&amp;version=v13.0\" nonce=\"qvmSLJyq\"><\/script><\/p>\n<p style=\"text-align: left;\"><a href=\"http:\/\/gkvitkovice.cz\/wp-content\/uploads\/2022\/05\/104_VSky2022.jpg\"><img loading=\"lazy\" class=\"alignleft size-medium wp-image-4692\" src=\"http:\/\/gkvitkovice.cz\/wp-content\/uploads\/2022\/05\/104_VSky2022-200x300.jpg\" alt=\"\" width=\"200\" height=\"300\" srcset=\"https:\/\/gkvitkovice.cz\/wp-content\/uploads\/2022\/05\/104_VSky2022-200x300.jpg 200w, https:\/\/gkvitkovice.cz\/wp-content\/uploads\/2022\/05\/104_VSky2022-682x1024.jpg 682w, https:\/\/gkvitkovice.cz\/wp-content\/uploads\/2022\/05\/104_VSky2022-768x1152.jpg 768w, https:\/\/gkvitkovice.cz\/wp-content\/uploads\/2022\/05\/104_VSky2022-1024x1536.jpg 1024w, https:\/\/gkvitkovice.cz\/wp-content\/uploads\/2022\/05\/104_VSky2022.jpg 1333w\" sizes=\"(max-width: 200px) 100vw, 200px\" \/><\/a>T\u00fdden p\u0159ed m\u011bstsk\u00fdm p\u0159eborem jsme si cht\u011bli vyzkou\u0161et VSky na ne\u010disto. Tak jsme se rozhodli ud\u011blat si Velikonoce veselej\u0161\u00ed a v ned\u011bli 17. 4. 2022 jsme uspo\u0159\u00e1dali z\u00e1vod. Z nejv\u011bt\u0161\u00ed d\u00e1lky p\u0159ijela d\u011bv\u010data z \u010cesk\u00fdch Bud\u011bjovic, d\u00e1le pak z Olomouce, \u0160umperku, Fren\u0161t\u00e1tu, Ro\u017enova a Ostravy.<\/p>\n<p style=\"text-align: left;\">Na\u0161e z\u00e1vodnice z\u00edskaly hned p\u011bt medail\u00ed:<br \/>\n1. m\u00edsto <strong>Nat\u00e1lie Papou\u0161kov\u00e1<\/strong> VS4A, 2. m\u00edsto <strong>Anna Ulehlov\u00e1<\/strong> VS1A a 3. m\u00edsto <strong>Barbora Lubojack\u00e1<\/strong> VS1B, <strong>Lucie Li\u0161kov\u00e1<\/strong> VS3C a <strong>Veronika Koci\u00e1nov\u00e1<\/strong> VS5C.<\/p>\n<p style=\"text-align: left;\">Krom\u011b d\u011bv\u010dat startovali tak\u00e9 na\u0161i kluci, kte\u0159\u00ed porovnali s\u00edly s SGC Ostrava. Pro n\u011bkter\u00e9 to byl dokonce prvn\u00ed z\u00e1vod v jejich gymnastick\u00e9 kari\u00e9\u0159e. Mlad\u0161\u00ed \u017e\u00e1ci z\u016fstali bohu\u017eel bez medaile, ale ve star\u0161\u00edch \u017e\u00e1c\u00edch vyhr\u00e1l 1. m\u00edsto <strong>Eli\u00e1\u0161 Veselsk\u00fd<\/strong> a 2. m\u00edsto <strong>Kristi\u00e1n Pala<\/strong>.<\/p>\n<p style=\"text-align: left;\"><a href=\"http:\/\/gkvitkovice.cz\/wp-content\/uploads\/2022\/05\/111_VSky2022.jpg\"><img loading=\"lazy\" class=\"alignleft size-medium wp-image-4694\" src=\"http:\/\/gkvitkovice.cz\/wp-content\/uploads\/2022\/05\/111_VSky2022-200x300.jpg\" alt=\"\" width=\"200\" height=\"300\" srcset=\"https:\/\/gkvitkovice.cz\/wp-content\/uploads\/2022\/05\/111_VSky2022-200x300.jpg 200w, https:\/\/gkvitkovice.cz\/wp-content\/uploads\/2022\/05\/111_VSky2022-682x1024.jpg 682w, https:\/\/gkvitkovice.cz\/wp-content\/uploads\/2022\/05\/111_VSky2022-768x1152.jpg 768w, https:\/\/gkvitkovice.cz\/wp-content\/uploads\/2022\/05\/111_VSky2022-1024x1536.jpg 1024w, https:\/\/gkvitkovice.cz\/wp-content\/uploads\/2022\/05\/111_VSky2022.jpg 1333w\" sizes=\"(max-width: 200px) 100vw, 200px\" \/><\/a>I kdy\u017e bylo uspo\u0159\u00e1d\u00e1n\u00ed trochu n\u00e1ro\u010dn\u00e9, p\u0159edev\u0161\u00edm kv\u016fli vysok\u00e9mu po\u010dtu odhl\u00e1\u0161en\u00fdch, tak si mysl\u00edm, \u017ee se z\u00e1vod nakonec vyda\u0159il a v\u0161e prob\u011bhlo v klidu. Rozhod\u010d\u00ed ocenili &#8222;osv\u011b\u017een\u00ed&#8220; si pam\u011bti p\u0159ed nast\u00e1vaj\u00edc\u00edmi p\u0159ebory a kvalifikacemi a d\u011bv\u010data a chlapci zjistili, kde je je\u0161t\u011b pot\u0159eba zabrat \ud83d\ude42<\/p>\n<p>Fotky <a href=\"https:\/\/gkvitkovice.rajce.idnes.cz\/VSky_na_necisto%2C_duben_2022\/\" target=\"_blank\" rel=\"noopener\">ZDE<\/a><\/p>\n<p><em>(Gabriela Hynek)<\/em><\/p>\n<div class=\"fb-like\" data-href=\"http:\/\/gkvitkovice.cz\/?p=4691\" data-width=\"\" data-layout=\"standard\" data-action=\"like\" data-size=\"small\" data-share=\"true\"><\/div>\n","protected":false},"excerpt":{"rendered":"<p style=\"text-align: left;\"><a href=\"http:\/\/gkvitkovice.cz\/wp-content\/uploads\/2022\/05\/104_VSky2022.jpg\"><img loading=\"lazy\" class=\"alignleft size-medium wp-image-4692\" src=\"http:\/\/gkvitkovice.cz\/wp-content\/uploads\/2022\/05\/104_VSky2022-200x300.jpg\" alt=\"\" width=\"200\" height=\"300\" srcset=\"https:\/\/gkvitkovice.cz\/wp-content\/uploads\/2022\/05\/104_VSky2022-200x300.jpg 200w, https:\/\/gkvitkovice.cz\/wp-content\/uploads\/2022\/05\/104_VSky2022-682x1024.jpg 682w, https:\/\/gkvitkovice.cz\/wp-content\/uploads\/2022\/05\/104_VSky2022-768x1152.jpg 768w, https:\/\/gkvitkovice.cz\/wp-content\/uploads\/2022\/05\/104_VSky2022-1024x1536.jpg 1024w, https:\/\/gkvitkovice.cz\/wp-content\/uploads\/2022\/05\/104_VSky2022.jpg 1333w\" sizes=\"(max-width: 200px) 100vw, 200px\" \/><\/a>T\u00fdden p\u0159ed m\u011bstsk\u00fdm p\u0159eborem jsme si cht\u011bli vyzkou\u0161et VSky na ne\u010disto. <\/p>\n","protected":false},"author":1,"featured_media":0,"comment_status":"closed","ping_status":"open","sticky":false,"template":"","format":"standard","meta":[],"categories":[17],"tags":[],"_links":{"self":[{"href":"https:\/\/gkvitkovice.cz\/index.php?rest_route=\/wp\/v2\/posts\/4691"}],"collection":[{"href":"https:\/\/gkvitkovice.cz\/index.php?rest_route=\/wp\/v2\/posts"}],"about":[{"href":"https:\/\/gkvitkovice.cz\/index.php?rest_route=\/wp\/v2\/types\/post"}],"author":[{"embeddable":true,"href":"https:\/\/gkvitkovice.cz\/index.php?rest_route=\/wp\/v2\/users\/1"}],"replies":[{"embeddable":true,"href":"https:\/\/gkvitkovice.cz\/index.php?rest_route=%2Fwp%2Fv2%2Fcomments&post=4691"}],"version-history":[{"count":5,"href":"https:\/\/gkvitkovice.cz\/index.php?rest_route=\/wp\/v2\/posts\/4691\/revisions"}],"predecessor-version":[{"id":4698,"href":"https:\/\/gkvitkovice.cz\/index.php?rest_route=\/wp\/v2\/posts\/4691\/revisions\/4698"}],"wp:attachment":[{"href":"https:\/\/gkvitkovice.cz\/index.php?rest_route=%2Fwp%2Fv2%2Fmedia&parent=4691"}],"wp:term":[{"taxonomy":"category","embeddable":true,"href":"https:\/\/gkvitkovice.cz\/index.php?rest_route=%2Fwp%2Fv2%2Fcategories&post=4691"},{"taxonomy":"post_tag","embeddable":true,"href":"https:\/\/gkvitkovice.cz\/index.php?rest_route=%2Fwp%2Fv2%2Ftags&post=4691"}],"curies":[{"name":"wp","href":"https:\/\/api.w.org\/{rel}","templated":true}]}}