{"id":4713,"date":"2022-05-11T18:19:11","date_gmt":"2022-05-11T18:19:11","guid":{"rendered":"https:\/\/gkvitkovice.cz\/?p=4713"},"modified":"2022-05-11T18:20:41","modified_gmt":"2022-05-11T18:20:41","slug":"gymnasticka-mimina-2022","status":"publish","type":"post","link":"https:\/\/gkvitkovice.cz\/?p=4713","title":{"rendered":"Gymnastick\u00e1 mimina 2022"},"content":{"rendered":"<div id=\"fb-root\"><\/div>\n<p><script async=\"\" defer=\"\" crossorigin=\"anonymous\" src=\"https:\/\/connect.facebook.net\/cs_CZ\/sdk.js#xfbml=1&amp;version=v13.0\" nonce=\"nVRm56Yd\"><\/script><\/p>\n\n\n<div class=\"wp-block-image\"><figure class=\"aligncenter size-large is-resized\"><a href=\"https:\/\/gkvitkovice.cz\/wp-content\/uploads\/2022\/05\/IMG_20220501_152532.jpg\"><img loading=\"lazy\" src=\"https:\/\/gkvitkovice.cz\/wp-content\/uploads\/2022\/05\/IMG_20220501_152532.jpg\" alt=\"\" class=\"wp-image-4714\" width=\"500\" height=\"376\" srcset=\"https:\/\/gkvitkovice.cz\/wp-content\/uploads\/2022\/05\/IMG_20220501_152532.jpg 1000w, https:\/\/gkvitkovice.cz\/wp-content\/uploads\/2022\/05\/IMG_20220501_152532-300x225.jpg 300w, https:\/\/gkvitkovice.cz\/wp-content\/uploads\/2022\/05\/IMG_20220501_152532-768x577.jpg 768w\" sizes=\"(max-width: 500px) 100vw, 500px\" \/><\/a><\/figure><\/div>\n\n\n\n<p>Ani na Sv\u00e1tek pr\u00e1ce jsme nezah\u00e1lely a rozjely jsme se na dal\u0161\u00ed z\u00e1vod, tentokr\u00e1t do Prost\u011bjova. D\u011bv\u010dat\u016fm se v\u011bt\u0161inou da\u0159ilo a op\u011bt si odvezla&nbsp;medaile a kr\u00e1sn\u00e9 poh\u00e1ry.<\/p>\n\n\n\n<p><br>Sou\u010d\u00e1st\u00ed z\u00e1vodu byl Memori\u00e1l M. Vacul\u00edka, do n\u011bho\u017e se kvalifikovala d\u011bv\u010data ze z\u00e1vodu &#8222;Gymnastick\u00e1 mimina&#8220; ro\u010dn\u00edk\u016f 2012-2013. Fin\u00e1le prob\u011bhlo na bradlech a kladin\u011b. Ve fin\u00e1lov\u00e9m z\u00e1vod\u011b jsme m\u011bli hned n\u011bkolik &#8222;\u017eel\u00edzek v ohni&#8220; a op\u011bt se na\u0161im gymnastk\u00e1m poda\u0159ilo z\u00edskat n\u011bkolik medail\u00ed.<\/p>\n\n\n\n<p><br>D\u011bv\u010d\u00e1tk\u016fm d\u011bkujeme za p\u0159edveden\u00e9 v\u00fdkony a tak\u00e9 d\u011bkujeme tren\u00e9r\u016fm a rozhod\u010d\u00edm.<\/p>\n\n\n\n<p>Fotky <a rel=\"noreferrer noopener\" href=\"https:\/\/gkvitkovice.rajce.idnes.cz\/Gymnasticka_mimina,_Prostejov_1.5.2022\" target=\"_blank\">ZDE<\/a><\/p>\n\n\n\n<div class=\"wp-block-file\"><a href=\"https:\/\/gkvitkovice.cz\/wp-content\/uploads\/2022\/05\/Vysledkova_listina_GMimina_2022.pdf\">Vysledkova_listina_GMimina_2022<\/a><a href=\"https:\/\/gkvitkovice.cz\/wp-content\/uploads\/2022\/05\/Vysledkova_listina_GMimina_2022.pdf\" class=\"wp-block-file__button\" download>St\u00e1hnout<\/a><\/div>\n\n\n\n<div class=\"wp-block-file\"><a href=\"https:\/\/gkvitkovice.cz\/wp-content\/uploads\/2022\/05\/Vysledkova_listina_mem_Vaculika_2022.pdf\">Vysledkova_listina_mem_Vaculika_2022<\/a><a href=\"https:\/\/gkvitkovice.cz\/wp-content\/uploads\/2022\/05\/Vysledkova_listina_mem_Vaculika_2022.pdf\" class=\"wp-block-file__button\" download>St\u00e1hnout<\/a><\/div>\n\n\n\n<p><\/p>\n\n\n\n<p><em>(Monika Prutkayov\u00e1)<\/em><\/p>\n\n\n<div class=\"fb-like\" data-href=\"https:\/\/gkvitkovice.cz\/?p=4713\" data-width=\"\" data-layout=\"standard\" data-action=\"like\" data-size=\"small\" data-share=\"true\"><\/div>","protected":false},"excerpt":{"rendered":"<p><!-- wp:image {\"align\":\"center\",\"id\":4714,\"width\":500,\"height\":376,\"sizeSlug\":\"large\",\"linkDestination\":\"media\"} --><\/p>\n<div class=\"wp-block-image\">\n<figure class=\"aligncenter size-large is-resized\"><a href=\"https:\/\/gkvitkovice.cz\/wp-content\/uploads\/2022\/05\/IMG_20220501_152532.jpg\"><img loading=\"lazy\" src=\"https:\/\/gkvitkovice.cz\/wp-content\/uploads\/2022\/05\/IMG_20220501_152532.jpg\" alt=\"\" class=\"wp-image-4714\" width=\"500\" height=\"376\" srcset=\"https:\/\/gkvitkovice.cz\/wp-content\/uploads\/2022\/05\/IMG_20220501_152532.jpg 1000w, https:\/\/gkvitkovice.cz\/wp-content\/uploads\/2022\/05\/IMG_20220501_152532-300x225.jpg 300w, https:\/\/gkvitkovice.cz\/wp-content\/uploads\/2022\/05\/IMG_20220501_152532-768x577.jpg 768w\" sizes=\"(max-width: 500px) 100vw, 500px\" \/><\/a><\/figure>\n<\/div>\n<p><!-- \/wp:image --><\/p>\n<p><!-- wp:paragraph --><\/p>\n<p>Ani na Sv\u00e1tek pr\u00e1ce jsme nezah\u00e1lely a rozjely jsme se na dal\u0161\u00ed z\u00e1vod, tentokr\u00e1t do Prost\u011bjova.<\/p>\n","protected":false},"author":1,"featured_media":0,"comment_status":"closed","ping_status":"open","sticky":false,"template":"","format":"standard","meta":[],"categories":[17],"tags":[],"_links":{"self":[{"href":"https:\/\/gkvitkovice.cz\/index.php?rest_route=\/wp\/v2\/posts\/4713"}],"collection":[{"href":"https:\/\/gkvitkovice.cz\/index.php?rest_route=\/wp\/v2\/posts"}],"about":[{"href":"https:\/\/gkvitkovice.cz\/index.php?rest_route=\/wp\/v2\/types\/post"}],"author":[{"embeddable":true,"href":"https:\/\/gkvitkovice.cz\/index.php?rest_route=\/wp\/v2\/users\/1"}],"replies":[{"embeddable":true,"href":"https:\/\/gkvitkovice.cz\/index.php?rest_route=%2Fwp%2Fv2%2Fcomments&post=4713"}],"version-history":[{"count":2,"href":"https:\/\/gkvitkovice.cz\/index.php?rest_route=\/wp\/v2\/posts\/4713\/revisions"}],"predecessor-version":[{"id":4720,"href":"https:\/\/gkvitkovice.cz\/index.php?rest_route=\/wp\/v2\/posts\/4713\/revisions\/4720"}],"wp:attachment":[{"href":"https:\/\/gkvitkovice.cz\/index.php?rest_route=%2Fwp%2Fv2%2Fmedia&parent=4713"}],"wp:term":[{"taxonomy":"category","embeddable":true,"href":"https:\/\/gkvitkovice.cz\/index.php?rest_route=%2Fwp%2Fv2%2Fcategories&post=4713"},{"taxonomy":"post_tag","embeddable":true,"href":"https:\/\/gkvitkovice.cz\/index.php?rest_route=%2Fwp%2Fv2%2Ftags&post=4713"}],"curies":[{"name":"wp","href":"https:\/\/api.w.org\/{rel}","templated":true}]}}