{"id":4721,"date":"2022-05-16T09:25:11","date_gmt":"2022-05-16T09:25:11","guid":{"rendered":"http:\/\/gkvitkovice.cz\/?p=4721"},"modified":"2022-05-16T09:28:23","modified_gmt":"2022-05-16T09:28:23","slug":"memorial-marie-siroke-2022","status":"publish","type":"post","link":"https:\/\/gkvitkovice.cz\/?p=4721","title":{"rendered":"Memori\u00e1l Marie \u0160irok\u00e9 2022"},"content":{"rendered":"<div id=\"fb-root\"><\/div>\n<p><script async=\"\" defer=\"\" crossorigin=\"anonymous\" src=\"https:\/\/connect.facebook.net\/cs_CZ\/sdk.js#xfbml=1&amp;version=v13.0\" nonce=\"toJSG5do\"><\/script><\/p>\n\n\n<div class=\"wp-block-image\"><figure class=\"aligncenter size-large is-resized\"><a href=\"http:\/\/gkvitkovice.cz\/wp-content\/uploads\/2022\/05\/IMG_20220507_135334.jpg\"><img loading=\"lazy\" src=\"http:\/\/gkvitkovice.cz\/wp-content\/uploads\/2022\/05\/IMG_20220507_135334.jpg\" alt=\"\" class=\"wp-image-4722\" width=\"500\" height=\"376\" srcset=\"https:\/\/gkvitkovice.cz\/wp-content\/uploads\/2022\/05\/IMG_20220507_135334.jpg 1000w, https:\/\/gkvitkovice.cz\/wp-content\/uploads\/2022\/05\/IMG_20220507_135334-300x225.jpg 300w, https:\/\/gkvitkovice.cz\/wp-content\/uploads\/2022\/05\/IMG_20220507_135334-768x577.jpg 768w\" sizes=\"(max-width: 500px) 100vw, 500px\" \/><\/a><\/figure><\/div>\n\n\n\n<p>O v\u00edkendu 7. &#8211; 8. 5. 2022 se konal v t\u011blocvi\u010dn\u011b TJ Bohemians Praha prvn\u00ed kvalifika\u010dn\u00ed z\u00e1vod na mistrovstv\u00ed \u010cR 2022. <\/p>\n\n\n\n<p>V\u00fdkony d\u011bv\u010dat na n\u011bkter\u00fdch n\u00e1\u0159ad\u00edch v\u011bt\u0161inou odpov\u00eddaly kr\u00e1tk\u00e9 p\u0159\u00edprav\u011b k povinn\u00fdm sestav\u00e1m z d\u016fvodu covidu a z d\u016fvodu zm\u011bn v z\u00e1vodn\u00edm programu. Celkem se kvalifika\u010dn\u00edho z\u00e1vodu z\u00fa\u010dastnilo 11 z\u00e1vodnic na\u0161eho klubu &#8211; <strong>Kristin Bujokov\u00e1<\/strong>, <strong>Elen Kantorov\u00e1<\/strong>, <strong>S\u00e1ra K\u0159i\u017eo\u0161\u010dakov\u00e1<\/strong>, <strong>Lucie Li\u0161kov\u00e1<\/strong>, <strong>Liliana Mlyn\u00e1\u0159ov\u00e1<\/strong> a <strong>Frederika Prutkayov\u00e1 <\/strong>v kategorii VS 2A, <strong>Kate\u0159ina Ad\u00e1mkov\u00e1<\/strong>, <strong>Julie Biolkov\u00e1<\/strong> a <strong>Linda Rakov\u00e1<\/strong> v kategorii VS 3A a <strong>Ad\u00e9la Nykodymov\u00e1<\/strong> a <strong>S\u00e1ra Novotn\u00e1 <\/strong>v kategorii kadetek. <\/p>\n\n\n\n<p>Nejl\u00e9pe si vedla Frederka, kter\u00e1 vyhr\u00e1la sout\u011b\u017e v kategorii VS 2A, v prvn\u00ed des\u00edtce startovn\u00edho pole se um\u00edstila je\u0161t\u011b Lin\u010fa na 8. m\u00edst\u011b v kategorii VS 3A a Ela na 10. m\u00edst\u011b v kategorii VS 2A. <\/p>\n\n\n\n<p>Dr\u017e\u00edme v\u0161em na\u0161im d\u011bv\u010dat\u016fm p\u011bsti, aby se v dal\u0161\u00edch kvalifika\u010dn\u00edch z\u00e1vodech zlep\u0161ovaly, posouvaly sv\u00e9 v\u00fdkony d\u00e1le a nominovaly se na \u010dervnov\u00e9 M\u010cR.<\/p>\n\n\n\n<p>Fotky <a href=\"https:\/\/gkvitkovice.rajce.idnes.cz\/Memorial_Marie_Siroke_-_1KZ_M-CR%2C_Praha_7.-8.5.2022\/\" target=\"_blank\" rel=\"noreferrer noopener\">ZDE<\/a><br>V\u00fdsledky <a href=\"https:\/\/www.gymfed.cz\/vysledky\/detail\/2410\" target=\"_blank\" rel=\"noreferrer noopener\">ZDE<\/a><\/p>\n\n\n\n<p><em>(Monika Prutkayov\u00e1)<\/em><\/p>\n\n\n<div class=\"fb-like\" data-href=\"http:\/\/gkvitkovice.cz\/?p=4721\" data-width=\"\" data-layout=\"standard\" data-action=\"like\" data-size=\"small\" data-share=\"true\"><\/div>","protected":false},"excerpt":{"rendered":"<p><!-- wp:image {\"align\":\"center\",\"id\":4722,\"width\":500,\"height\":376,\"sizeSlug\":\"large\",\"linkDestination\":\"media\"} --><\/p>\n<div class=\"wp-block-image\">\n<figure class=\"aligncenter size-large is-resized\"><a href=\"http:\/\/gkvitkovice.cz\/wp-content\/uploads\/2022\/05\/IMG_20220507_135334.jpg\"><img loading=\"lazy\" src=\"http:\/\/gkvitkovice.cz\/wp-content\/uploads\/2022\/05\/IMG_20220507_135334.jpg\" alt=\"\" class=\"wp-image-4722\" width=\"500\" height=\"376\" srcset=\"https:\/\/gkvitkovice.cz\/wp-content\/uploads\/2022\/05\/IMG_20220507_135334.jpg 1000w, https:\/\/gkvitkovice.cz\/wp-content\/uploads\/2022\/05\/IMG_20220507_135334-300x225.jpg 300w, https:\/\/gkvitkovice.cz\/wp-content\/uploads\/2022\/05\/IMG_20220507_135334-768x577.jpg 768w\" sizes=\"(max-width: 500px) 100vw, 500px\" \/><\/a><\/figure>\n<\/div>\n<p><!-- \/wp:image --><\/p>\n<p><!-- wp:paragraph --><\/p>\n<p>O v\u00edkendu 7. &#8211; 8. 5. 2022 se konal v t\u011blocvi\u010dn\u011b TJ Bohemians Praha prvn\u00ed kvalifika\u010dn\u00ed z\u00e1vod na mistrovstv\u00ed \u010cR 2022. <\/p>\n","protected":false},"author":1,"featured_media":0,"comment_status":"closed","ping_status":"open","sticky":false,"template":"","format":"standard","meta":[],"categories":[17],"tags":[],"_links":{"self":[{"href":"https:\/\/gkvitkovice.cz\/index.php?rest_route=\/wp\/v2\/posts\/4721"}],"collection":[{"href":"https:\/\/gkvitkovice.cz\/index.php?rest_route=\/wp\/v2\/posts"}],"about":[{"href":"https:\/\/gkvitkovice.cz\/index.php?rest_route=\/wp\/v2\/types\/post"}],"author":[{"embeddable":true,"href":"https:\/\/gkvitkovice.cz\/index.php?rest_route=\/wp\/v2\/users\/1"}],"replies":[{"embeddable":true,"href":"https:\/\/gkvitkovice.cz\/index.php?rest_route=%2Fwp%2Fv2%2Fcomments&post=4721"}],"version-history":[{"count":2,"href":"https:\/\/gkvitkovice.cz\/index.php?rest_route=\/wp\/v2\/posts\/4721\/revisions"}],"predecessor-version":[{"id":4724,"href":"https:\/\/gkvitkovice.cz\/index.php?rest_route=\/wp\/v2\/posts\/4721\/revisions\/4724"}],"wp:attachment":[{"href":"https:\/\/gkvitkovice.cz\/index.php?rest_route=%2Fwp%2Fv2%2Fmedia&parent=4721"}],"wp:term":[{"taxonomy":"category","embeddable":true,"href":"https:\/\/gkvitkovice.cz\/index.php?rest_route=%2Fwp%2Fv2%2Fcategories&post=4721"},{"taxonomy":"post_tag","embeddable":true,"href":"https:\/\/gkvitkovice.cz\/index.php?rest_route=%2Fwp%2Fv2%2Ftags&post=4721"}],"curies":[{"name":"wp","href":"https:\/\/api.w.org\/{rel}","templated":true}]}}