{"id":4725,"date":"2022-05-16T09:33:08","date_gmt":"2022-05-16T09:33:08","guid":{"rendered":"http:\/\/gkvitkovice.cz\/?p=4725"},"modified":"2022-05-16T09:33:49","modified_gmt":"2022-05-16T09:33:49","slug":"memorial-very-ruzickove-2022","status":"publish","type":"post","link":"https:\/\/gkvitkovice.cz\/?p=4725","title":{"rendered":"Memori\u00e1l V\u011bry R\u016f\u017ei\u010dkov\u00e9 2022"},"content":{"rendered":"<div id=\"fb-root\"><\/div>\n<p><script async=\"\" defer=\"\" crossorigin=\"anonymous\" src=\"https:\/\/connect.facebook.net\/cs_CZ\/sdk.js#xfbml=1&amp;version=v13.0\" nonce=\"UwtCgI3x\"><\/script><\/p>\n\n\n<div class=\"wp-block-image\"><figure class=\"aligncenter size-large is-resized\"><a href=\"http:\/\/gkvitkovice.cz\/wp-content\/uploads\/2022\/05\/IMG-20220514-WA0007.jpg\"><img loading=\"lazy\" src=\"http:\/\/gkvitkovice.cz\/wp-content\/uploads\/2022\/05\/IMG-20220514-WA0007.jpg\" alt=\"\" class=\"wp-image-4726\" width=\"375\" height=\"500\" srcset=\"https:\/\/gkvitkovice.cz\/wp-content\/uploads\/2022\/05\/IMG-20220514-WA0007.jpg 750w, https:\/\/gkvitkovice.cz\/wp-content\/uploads\/2022\/05\/IMG-20220514-WA0007-225x300.jpg 225w\" sizes=\"(max-width: 375px) 100vw, 375px\" \/><\/a><\/figure><\/div>\n\n\n\n<p>Dal\u0161\u00edm kvalifika\u010dn\u00edm z\u00e1vodem na mistrovstv\u00ed \u010cR byl v sobotu 14. 5. 2022 Memori\u00e1l V\u011bry R\u016f\u017ei\u010dkov\u00e9 v Brn\u011b. <\/p>\n\n\n\n<p>V kategorii VS 2A startovalo celkem 57 z\u00e1vodnic v\u010detn\u011b 6 z\u00e1vodnic na\u0161eho klubu. Nejlep\u0161\u00edho v\u00fdsledku dos\u00e1hla op\u011bt <strong>Frederika Prutkayov\u00e1<\/strong>, kter\u00e1 z\u00edskala st\u0159\u00edbrnou medaili. Ale da\u0159ilo se i ostatn\u00edm d\u011bv\u010dat\u016fm, <strong>Elen Kantorov\u00e1 <\/strong>obsadila 7. m\u00edsto a <strong>Liliana Mlyn\u00e1\u0159ov\u00e1<\/strong> 10. m\u00edsto. Tak\u00e9 <strong>Lucie Li\u0161kov\u00e1<\/strong> a <strong>S\u00e1ra K\u0159i\u017eo\u0161\u010dakov\u00e1 <\/strong>zlep\u0161ily sv\u016fj v\u00fdkon a posunuly se v po\u0159ad\u00ed dop\u0159edu. Poprv\u00e9 si vyzkou\u0161ela sv\u00e9 sestavy i <strong>Emma Kiesewetterov\u00e1<\/strong>. <\/p>\n\n\n\n<p>V dal\u0161\u00ed kategorii &#8211; VS3A zacvi\u010dilo na\u0161e trio v pod\u00e1n\u00ed <strong>Lindy Rakov\u00e9<\/strong>, <strong>Kate\u0159iny Ad\u00e1mkov\u00e9<\/strong> a <strong>Julie Biolkov\u00e9<\/strong> s v\u011bt\u0161\u00ed jistotou a z\u00edskalo vy\u0161\u0161\u00ed celkov\u00e9 hodnocen\u00ed oproti kvalifika\u010dn\u00edmu z\u00e1vodu v Praze. <\/p>\n\n\n\n<p>V posledn\u00ed kategori\u00ed kadetek nastoupila 4 na\u0161e d\u011bv\u010data, a to <strong>Kate\u0159ina B\u00e1rtkov\u00e1<\/strong>,<strong> S\u00e1ra Novotn\u00e1<\/strong>, <strong>Ad\u00e9la Nykodymov\u00e1<\/strong> a <strong>Nat\u00e1lie Papou\u0161kov\u00e1<\/strong>. Nejlep\u0161\u00edho v\u00fdsledku dos\u00e1hla Katka, kter\u00e1 obsadila v konkurenci 34 z\u00e1vodnic 10. m\u00edsto. <\/p>\n\n\n\n<p>V\u011b\u0159\u00edme, \u017ee se v\u00fdkony na\u0161ich d\u011bv\u010dat budou st\u00e1le zlep\u0161ovat. Posledn\u00ed kvalifika\u010dn\u00ed z\u00e1vod na M\u010cR se kon\u00e1 ji\u017e tuto sobotu v Ostrav\u011b. Dr\u017e\u00edme p\u011bsti!<\/p>\n\n\n\n<p>Fotky <a href=\"https:\/\/gkvitkovice.rajce.idnes.cz\/Memorial_Very_Ruzickove_-_2KZ_M-CR%2C_Brno_14.5.2022\/\" target=\"_blank\" rel=\"noreferrer noopener\">ZDE<\/a><\/p>\n\n\n\n<p>V\u00fdsledky<a href=\"https:\/\/www.gymfed.cz\/vysledky\/detail\/2381\" target=\"_blank\" rel=\"noreferrer noopener\"> ZDE<\/a><\/p>\n\n\n\n<p><em>(Monika Prutkayov\u00e1)<\/em><\/p>\n\n\n<div class=\"fb-like\" data-href=\"http:\/\/gkvitkovice.cz\/?p=4725\" data-width=\"\" data-layout=\"standard\" data-action=\"like\" data-size=\"small\" data-share=\"true\"><\/div>","protected":false},"excerpt":{"rendered":"<p><!-- wp:image {\"align\":\"center\",\"id\":4726,\"width\":375,\"height\":500,\"sizeSlug\":\"large\",\"linkDestination\":\"media\"} --><\/p>\n<div class=\"wp-block-image\">\n<figure class=\"aligncenter size-large is-resized\"><a href=\"http:\/\/gkvitkovice.cz\/wp-content\/uploads\/2022\/05\/IMG-20220514-WA0007.jpg\"><img loading=\"lazy\" src=\"http:\/\/gkvitkovice.cz\/wp-content\/uploads\/2022\/05\/IMG-20220514-WA0007.jpg\" alt=\"\" class=\"wp-image-4726\" width=\"375\" height=\"500\" srcset=\"https:\/\/gkvitkovice.cz\/wp-content\/uploads\/2022\/05\/IMG-20220514-WA0007.jpg 750w, https:\/\/gkvitkovice.cz\/wp-content\/uploads\/2022\/05\/IMG-20220514-WA0007-225x300.jpg 225w\" sizes=\"(max-width: 375px) 100vw, 375px\" \/><\/a><\/figure>\n<\/div>\n<p><!-- \/wp:image --><\/p>\n<p><!-- wp:paragraph --><\/p>\n<p>Dal\u0161\u00edm kvalifika\u010dn\u00edm z\u00e1vodem na mistrovstv\u00ed \u010cR byl v sobotu 14. 5. 2022 Memori\u00e1l V\u011bry R\u016f\u017ei\u010dkov\u00e9 v Brn\u011b. <\/p>\n<p><!-- \/wp:paragraph --><\/p>\n","protected":false},"author":1,"featured_media":0,"comment_status":"closed","ping_status":"open","sticky":false,"template":"","format":"standard","meta":[],"categories":[17],"tags":[],"_links":{"self":[{"href":"https:\/\/gkvitkovice.cz\/index.php?rest_route=\/wp\/v2\/posts\/4725"}],"collection":[{"href":"https:\/\/gkvitkovice.cz\/index.php?rest_route=\/wp\/v2\/posts"}],"about":[{"href":"https:\/\/gkvitkovice.cz\/index.php?rest_route=\/wp\/v2\/types\/post"}],"author":[{"embeddable":true,"href":"https:\/\/gkvitkovice.cz\/index.php?rest_route=\/wp\/v2\/users\/1"}],"replies":[{"embeddable":true,"href":"https:\/\/gkvitkovice.cz\/index.php?rest_route=%2Fwp%2Fv2%2Fcomments&post=4725"}],"version-history":[{"count":2,"href":"https:\/\/gkvitkovice.cz\/index.php?rest_route=\/wp\/v2\/posts\/4725\/revisions"}],"predecessor-version":[{"id":4728,"href":"https:\/\/gkvitkovice.cz\/index.php?rest_route=\/wp\/v2\/posts\/4725\/revisions\/4728"}],"wp:attachment":[{"href":"https:\/\/gkvitkovice.cz\/index.php?rest_route=%2Fwp%2Fv2%2Fmedia&parent=4725"}],"wp:term":[{"taxonomy":"category","embeddable":true,"href":"https:\/\/gkvitkovice.cz\/index.php?rest_route=%2Fwp%2Fv2%2Fcategories&post=4725"},{"taxonomy":"post_tag","embeddable":true,"href":"https:\/\/gkvitkovice.cz\/index.php?rest_route=%2Fwp%2Fv2%2Ftags&post=4725"}],"curies":[{"name":"wp","href":"https:\/\/api.w.org\/{rel}","templated":true}]}}