{"id":4749,"date":"2022-06-06T19:11:51","date_gmt":"2022-06-06T19:11:51","guid":{"rendered":"http:\/\/gkvitkovice.cz\/?p=4749"},"modified":"2022-06-06T19:12:35","modified_gmt":"2022-06-06T19:12:35","slug":"mcr-mt-kadetky-2022","status":"publish","type":"post","link":"https:\/\/gkvitkovice.cz\/?p=4749","title":{"rendered":"M\u010cR &#8211; MT &#8211; kadetky 2022"},"content":{"rendered":"<div id=\"fb-root\"><\/div>\n<p><script async=\"\" defer=\"\" crossorigin=\"anonymous\" src=\"https:\/\/connect.facebook.net\/cs_CZ\/sdk.js#xfbml=1&amp;version=v14.0\" nonce=\"WKjfDK3H\"><\/script><\/p>\n\n\n<div class=\"wp-block-image\"><figure class=\"aligncenter size-large is-resized\"><a href=\"http:\/\/gkvitkovice.cz\/wp-content\/uploads\/2022\/06\/WhatsApp-Image-2022-06-06-at-14.36.26.jpeg\"><img loading=\"lazy\" src=\"http:\/\/gkvitkovice.cz\/wp-content\/uploads\/2022\/06\/WhatsApp-Image-2022-06-06-at-14.36.26-1024x575.jpeg\" alt=\"\" class=\"wp-image-4750\" width=\"512\" height=\"288\" srcset=\"https:\/\/gkvitkovice.cz\/wp-content\/uploads\/2022\/06\/WhatsApp-Image-2022-06-06-at-14.36.26-1024x575.jpeg 1024w, https:\/\/gkvitkovice.cz\/wp-content\/uploads\/2022\/06\/WhatsApp-Image-2022-06-06-at-14.36.26-300x169.jpeg 300w, https:\/\/gkvitkovice.cz\/wp-content\/uploads\/2022\/06\/WhatsApp-Image-2022-06-06-at-14.36.26-768x432.jpeg 768w, https:\/\/gkvitkovice.cz\/wp-content\/uploads\/2022\/06\/WhatsApp-Image-2022-06-06-at-14.36.26-1536x863.jpeg 1536w, https:\/\/gkvitkovice.cz\/wp-content\/uploads\/2022\/06\/WhatsApp-Image-2022-06-06-at-14.36.26.jpeg 2000w\" sizes=\"(max-width: 512px) 100vw, 512px\" \/><\/a><\/figure><\/div>\n\n\n\n<p>O v\u00edkendu 4. &#8211; 5. 6. 2022 prob\u011bhlo M\u010cR kategorie A. N\u00e1\u0161 odd\u00edl m\u011bl zastoupen\u00ed pouze v kadetk\u00e1ch. <strong>Ad\u00e9la Nykodymov\u00e1 <\/strong>skon\u010dila na 14. m\u00edst\u011b, <strong>Katka B\u00e1rtkov\u00e1<\/strong> na 18. m\u00edst\u011b,<strong> Natka Papou\u0161kov\u00e1 <\/strong>na 24. m\u00edst\u011b a <strong>S\u00e1ra Novotn\u00e1<\/strong> na 31. m\u00edst\u011b. Holk\u00e1m se z\u00e1vod vyda\u0159il, v konkurenci 42 z\u00e1vodnic se neztratily, nicm\u00e9n\u011b na postup do fin\u00e1le to nesta\u010dilo ani u jedn\u00e9.<br>Po kadetk\u00e1ch jsme m\u011bli mo\u017enost vid\u011bt je\u0161t\u011b juniorky, juniory, \u017eeny a mu\u017ee. V ned\u011bli pak prob\u011bhlo fin\u00e1le na jednotliv\u00fdch n\u00e1\u0159ad\u00edch.<\/p>\n\n\n\n<p>Gratulujeme a d\u011bkujeme tren\u00e9r\u016fm za p\u0159\u00edpravu.<\/p>\n\n\n\n<p>V\u00fdsledky <a href=\"https:\/\/www.gymfed.cz\/vysledky\/detail\/2317?kategorie=5535\" target=\"_blank\" rel=\"noreferrer noopener\">ZDE<\/a><\/p>\n\n\n\n<p><em>(Gabriela Hynek)<\/em><\/p>\n\n\n<div class=\"fb-like\" data-href=\"http:\/\/gkvitkovice.cz\/?p=4749\" data-width=\"\" data-layout=\"standard\" data-action=\"like\" data-size=\"small\" data-share=\"true\"><\/div>","protected":false},"excerpt":{"rendered":"<p><!-- wp:image {\"align\":\"center\",\"id\":4750,\"width\":512,\"height\":288,\"sizeSlug\":\"large\",\"linkDestination\":\"media\"} --><\/p>\n<div class=\"wp-block-image\">\n<figure class=\"aligncenter size-large is-resized\"><a href=\"http:\/\/gkvitkovice.cz\/wp-content\/uploads\/2022\/06\/WhatsApp-Image-2022-06-06-at-14.36.26.jpeg\"><img loading=\"lazy\" src=\"http:\/\/gkvitkovice.cz\/wp-content\/uploads\/2022\/06\/WhatsApp-Image-2022-06-06-at-14.36.26-1024x575.jpeg\" alt=\"\" class=\"wp-image-4750\" width=\"512\" height=\"288\" srcset=\"https:\/\/gkvitkovice.cz\/wp-content\/uploads\/2022\/06\/WhatsApp-Image-2022-06-06-at-14.36.26-1024x575.jpeg 1024w, https:\/\/gkvitkovice.cz\/wp-content\/uploads\/2022\/06\/WhatsApp-Image-2022-06-06-at-14.36.26-300x169.jpeg 300w, https:\/\/gkvitkovice.cz\/wp-content\/uploads\/2022\/06\/WhatsApp-Image-2022-06-06-at-14.36.26-768x432.jpeg 768w, https:\/\/gkvitkovice.cz\/wp-content\/uploads\/2022\/06\/WhatsApp-Image-2022-06-06-at-14.36.26-1536x863.jpeg 1536w, https:\/\/gkvitkovice.cz\/wp-content\/uploads\/2022\/06\/WhatsApp-Image-2022-06-06-at-14.36.26.jpeg 2000w\" sizes=\"(max-width: 512px) 100vw, 512px\" \/><\/a><\/figure>\n<\/div>\n<p><!-- \/wp:image --><\/p>\n<p><!-- wp:paragraph --><\/p>\n<p>O v\u00edkendu 4. &#8211; 5. 6. 2022 prob\u011bhlo M\u010cR kategorie A. <\/p>\n","protected":false},"author":1,"featured_media":0,"comment_status":"closed","ping_status":"open","sticky":false,"template":"","format":"standard","meta":[],"categories":[17],"tags":[],"_links":{"self":[{"href":"https:\/\/gkvitkovice.cz\/index.php?rest_route=\/wp\/v2\/posts\/4749"}],"collection":[{"href":"https:\/\/gkvitkovice.cz\/index.php?rest_route=\/wp\/v2\/posts"}],"about":[{"href":"https:\/\/gkvitkovice.cz\/index.php?rest_route=\/wp\/v2\/types\/post"}],"author":[{"embeddable":true,"href":"https:\/\/gkvitkovice.cz\/index.php?rest_route=\/wp\/v2\/users\/1"}],"replies":[{"embeddable":true,"href":"https:\/\/gkvitkovice.cz\/index.php?rest_route=%2Fwp%2Fv2%2Fcomments&post=4749"}],"version-history":[{"count":2,"href":"https:\/\/gkvitkovice.cz\/index.php?rest_route=\/wp\/v2\/posts\/4749\/revisions"}],"predecessor-version":[{"id":4752,"href":"https:\/\/gkvitkovice.cz\/index.php?rest_route=\/wp\/v2\/posts\/4749\/revisions\/4752"}],"wp:attachment":[{"href":"https:\/\/gkvitkovice.cz\/index.php?rest_route=%2Fwp%2Fv2%2Fmedia&parent=4749"}],"wp:term":[{"taxonomy":"category","embeddable":true,"href":"https:\/\/gkvitkovice.cz\/index.php?rest_route=%2Fwp%2Fv2%2Fcategories&post=4749"},{"taxonomy":"post_tag","embeddable":true,"href":"https:\/\/gkvitkovice.cz\/index.php?rest_route=%2Fwp%2Fv2%2Ftags&post=4749"}],"curies":[{"name":"wp","href":"https:\/\/api.w.org\/{rel}","templated":true}]}}