{"id":4753,"date":"2022-06-07T19:29:38","date_gmt":"2022-06-07T19:29:38","guid":{"rendered":"http:\/\/gkvitkovice.cz\/?p=4753"},"modified":"2022-06-07T19:30:18","modified_gmt":"2022-06-07T19:30:18","slug":"mimi-pohar-2022","status":"publish","type":"post","link":"https:\/\/gkvitkovice.cz\/?p=4753","title":{"rendered":"Mimi poh\u00e1r 2022"},"content":{"rendered":"<div id=\"fb-root\"><\/div>\n<p><script async=\"\" defer=\"\" crossorigin=\"anonymous\" src=\"https:\/\/connect.facebook.net\/cs_CZ\/sdk.js#xfbml=1&amp;version=v14.0\" nonce=\"hSAPQ6X3\"><\/script><\/p>\n\n\n<div class=\"wp-block-image\"><figure class=\"aligncenter size-large is-resized\"><a href=\"http:\/\/gkvitkovice.cz\/wp-content\/uploads\/2022\/06\/IMG-20220606-WA0002.jpg\"><img loading=\"lazy\" src=\"http:\/\/gkvitkovice.cz\/wp-content\/uploads\/2022\/06\/IMG-20220606-WA0002.jpg\" alt=\"\" class=\"wp-image-4754\" width=\"512\" height=\"384\" srcset=\"https:\/\/gkvitkovice.cz\/wp-content\/uploads\/2022\/06\/IMG-20220606-WA0002.jpg 1024w, https:\/\/gkvitkovice.cz\/wp-content\/uploads\/2022\/06\/IMG-20220606-WA0002-300x225.jpg 300w, https:\/\/gkvitkovice.cz\/wp-content\/uploads\/2022\/06\/IMG-20220606-WA0002-768x576.jpg 768w\" sizes=\"(max-width: 512px) 100vw, 512px\" \/><\/a><\/figure><\/div>\n\n\n\n<p>V ned\u011bli 5. 6. 2022 jsme se z\u00fa\u010dastnily z\u00e1vodu pro nejmen\u0161\u00ed gymnastky, kter\u00fd po\u0159\u00e1dal Klub sportovn\u00ed gymnastiky Moravsk\u00e1 Slavia Brno. D\u011bv\u010dat\u016fm se v\u011bt\u0161inou opravdu da\u0159ilo.&nbsp;<\/p>\n\n\n\n<p>Ve star\u0161\u00ed kategorii (2013 a mlad\u0161\u00ed) z\u00edskala st\u0159\u00edbrnou medaili <strong>Ani\u010dka Ulehlov\u00e1<\/strong>, pro bramborovou medaili si vystoupila <strong>Nat\u00e1lka Mat\u00fa\u0161ov\u00e1 <\/strong>a <strong>Verunka Bolibruchov\u00e1 <\/strong>si, i p\u0159es nezdar na kladin\u011b, zajistila velice p\u011bkn\u00e9 um\u00edst\u011bn\u00ed, a to 9. pozici. <\/p>\n\n\n\n<p>V kategorii mlad\u0161\u00edch gymnastek (2015 a mlad\u0161\u00ed) si po velice p\u011bkn\u00e9m v\u00fdkonu vystoupila na nejvy\u0161\u0161\u00ed p\u0159\u00ed\u010dku <strong>Lilianka Such\u00e1<\/strong> a hned za n\u00ed si pro st\u0159\u00edbrnou medaili vystoupila <strong>Elenka \u0160ilerov\u00e1<\/strong>. Takt\u00e9\u017e <strong>Terezka Prouzov\u00e1<\/strong> zacvi\u010dila sv\u00e9 sestavy zda\u0159ile a obsadila 5. m\u00edsto. Na dal\u0161\u00edch m\u00edstech byly <strong>Barunka Kr\u00e1\u010dal\u00edkov\u00e1 <\/strong>7. m\u00edsto, <strong>Zorinka Janotov\u00e1<\/strong> 10. m\u00edsto,<strong> Maru\u0161ka Je\u017ekov\u00e1<\/strong> 11. m\u00edsto, <strong>Mari \u0160perl\u00ednov\u00e1<\/strong> 12. m\u00edsto a <strong>Barunka Vychodilov\u00e1<\/strong> 22. m\u00edsto.<\/p>\n\n\n\n<p>Gratulujeme z\u00e1vodnic\u00edm i tren\u00e9r\u016fm. <\/p>\n\n\n\n<p>Fotky <a href=\"https:\/\/gkvitkovice.rajce.idnes.cz\/Mimi_pohar_Brno,_5.6.2022\/\">ZDE<\/a><\/p>\n\n\n\n<p>V\u00fdsledky<a href=\"https:\/\/www.gymfed.cz\/vysledky\/detail\/2389\"> ZDE<\/a><\/p>\n\n\n\n<p><em>(Monika Prutkayov\u00e1)<\/em><\/p>\n\n\n<div class=\"fb-like\" data-href=\"http:\/\/gkvitkovice.cz\/?p=4753\" data-width=\"\" data-layout=\"standard\" data-action=\"like\" data-size=\"small\" data-share=\"true\"><\/div>","protected":false},"excerpt":{"rendered":"<p><!-- wp:image {\"align\":\"center\",\"id\":4754,\"width\":512,\"height\":384,\"sizeSlug\":\"large\",\"linkDestination\":\"media\"} --><\/p>\n<div class=\"wp-block-image\">\n<figure class=\"aligncenter size-large is-resized\"><a href=\"http:\/\/gkvitkovice.cz\/wp-content\/uploads\/2022\/06\/IMG-20220606-WA0002.jpg\"><img loading=\"lazy\" src=\"http:\/\/gkvitkovice.cz\/wp-content\/uploads\/2022\/06\/IMG-20220606-WA0002.jpg\" alt=\"\" class=\"wp-image-4754\" width=\"512\" height=\"384\" srcset=\"https:\/\/gkvitkovice.cz\/wp-content\/uploads\/2022\/06\/IMG-20220606-WA0002.jpg 1024w, https:\/\/gkvitkovice.cz\/wp-content\/uploads\/2022\/06\/IMG-20220606-WA0002-300x225.jpg 300w, https:\/\/gkvitkovice.cz\/wp-content\/uploads\/2022\/06\/IMG-20220606-WA0002-768x576.jpg 768w\" sizes=\"(max-width: 512px) 100vw, 512px\" \/><\/a><\/figure>\n<\/div>\n<p><!-- \/wp:image --><\/p>\n<p><!-- wp:paragraph --><\/p>\n<p>V ned\u011bli 5. 6. 2022 jsme se z\u00fa\u010dastnily z\u00e1vodu pro nejmen\u0161\u00ed gymnastky, kter\u00fd po\u0159\u00e1dal Klub sportovn\u00ed gymnastiky Moravsk\u00e1 Slavia Brno.<\/p>\n","protected":false},"author":1,"featured_media":0,"comment_status":"closed","ping_status":"open","sticky":false,"template":"","format":"standard","meta":[],"categories":[17],"tags":[],"_links":{"self":[{"href":"https:\/\/gkvitkovice.cz\/index.php?rest_route=\/wp\/v2\/posts\/4753"}],"collection":[{"href":"https:\/\/gkvitkovice.cz\/index.php?rest_route=\/wp\/v2\/posts"}],"about":[{"href":"https:\/\/gkvitkovice.cz\/index.php?rest_route=\/wp\/v2\/types\/post"}],"author":[{"embeddable":true,"href":"https:\/\/gkvitkovice.cz\/index.php?rest_route=\/wp\/v2\/users\/1"}],"replies":[{"embeddable":true,"href":"https:\/\/gkvitkovice.cz\/index.php?rest_route=%2Fwp%2Fv2%2Fcomments&post=4753"}],"version-history":[{"count":2,"href":"https:\/\/gkvitkovice.cz\/index.php?rest_route=\/wp\/v2\/posts\/4753\/revisions"}],"predecessor-version":[{"id":4756,"href":"https:\/\/gkvitkovice.cz\/index.php?rest_route=\/wp\/v2\/posts\/4753\/revisions\/4756"}],"wp:attachment":[{"href":"https:\/\/gkvitkovice.cz\/index.php?rest_route=%2Fwp%2Fv2%2Fmedia&parent=4753"}],"wp:term":[{"taxonomy":"category","embeddable":true,"href":"https:\/\/gkvitkovice.cz\/index.php?rest_route=%2Fwp%2Fv2%2Fcategories&post=4753"},{"taxonomy":"post_tag","embeddable":true,"href":"https:\/\/gkvitkovice.cz\/index.php?rest_route=%2Fwp%2Fv2%2Ftags&post=4753"}],"curies":[{"name":"wp","href":"https:\/\/api.w.org\/{rel}","templated":true}]}}