{"id":4773,"date":"2022-06-15T20:15:25","date_gmt":"2022-06-15T20:15:25","guid":{"rendered":"http:\/\/gkvitkovice.cz\/?p=4773"},"modified":"2022-06-15T20:15:25","modified_gmt":"2022-06-15T20:15:25","slug":"charitativni-sbirka","status":"publish","type":"post","link":"https:\/\/gkvitkovice.cz\/?p=4773","title":{"rendered":"Charitativn\u00ed sb\u00edrka"},"content":{"rendered":"\n<div class=\"wp-block-image\"><figure class=\"aligncenter size-large\"><a href=\"http:\/\/gkvitkovice.cz\/wp-content\/uploads\/2022\/06\/ksm-logo.png\"><img loading=\"lazy\" width=\"308\" height=\"120\" src=\"http:\/\/gkvitkovice.cz\/wp-content\/uploads\/2022\/06\/ksm-logo.png\" alt=\"\" class=\"wp-image-4774\" srcset=\"https:\/\/gkvitkovice.cz\/wp-content\/uploads\/2022\/06\/ksm-logo.png 308w, https:\/\/gkvitkovice.cz\/wp-content\/uploads\/2022\/06\/ksm-logo-300x117.png 300w\" sizes=\"(max-width: 308px) 100vw, 308px\" \/><\/a><\/figure><\/div>\n\n\n\n<p>V\u00e1\u017een\u00ed rodi\u010de, gymnastky a tren\u00e9\u0159i,<br>ve dnech\u00a020. 6. &#8211; 23. 6. 2022 od 14.00 &#8211; 19.00 hod.\u00a0prob\u011bhne v na\u0161\u00ed t\u011blocvi\u010dn\u011b charitativn\u00ed sb\u00edrka oble\u010den\u00ed pro neziskovou organizaci Klub svobodn\u00fdch matek.\u00a0<\/p>\n\n\n\n<p>B\u011bhem t\u011bchto dn\u016f je mo\u017en\u00e9 don\u00e9st d\u00e1msk\u00e9 nebo d\u011btsk\u00e9 oble\u010den\u00ed a boty v pou\u017eiteln\u00e9m stavu, kter\u00e9 V\u00e1m ji\u017e neslou\u017e\u00ed, ale poslou\u017e\u00ed jinde.\u00a0<\/p>\n\n\n\n<p>Ve\u0161ker\u00e9 oble\u010den\u00ed bude p\u0159ed\u00e1no do Fashion Charity Shopu v OC Forum Nov\u00e1 Karolina, kde se \u010d\u00e1st nachyst\u00e1 k prodeji a zbytek roze\u0161le p\u0159\u00edmo do rodin.<\/p>\n\n\n\n<p><br>Samo\u017eivitel\u00e9 a d\u011bti z Klubu svobodn\u00fdch matek jsou velice vd\u011b\u010dn\u00ed za jakoukoliv pomoc.<\/p>\n\n\n\n<p>Pro bli\u017e\u0161\u00ed informace ohledn\u011b sb\u00edrky m\u016f\u017eete kontaktovat p. Suchou na tel.\u00a0736 437 928.<\/p>\n\n\n\n<p>D\u011bkujeme za podporu!<\/p>\n\n\n\n<p><a rel=\"noreferrer noopener\" href=\"https:\/\/www.klubsvobodnychmatek.cz\/\" target=\"_blank\">https:\/\/www.klubsvobodnychmatek.cz\/<\/a><\/p>\n","protected":false},"excerpt":{"rendered":"<p><!-- wp:image {\"align\":\"center\",\"id\":4774,\"sizeSlug\":\"large\",\"linkDestination\":\"media\"} --><\/p>\n<div class=\"wp-block-image\">\n<figure class=\"aligncenter size-large\"><a href=\"http:\/\/gkvitkovice.cz\/wp-content\/uploads\/2022\/06\/ksm-logo.png\"><img loading=\"lazy\" width=\"308\" height=\"120\" src=\"http:\/\/gkvitkovice.cz\/wp-content\/uploads\/2022\/06\/ksm-logo.png\" alt=\"\" class=\"wp-image-4774\" srcset=\"https:\/\/gkvitkovice.cz\/wp-content\/uploads\/2022\/06\/ksm-logo.png 308w, https:\/\/gkvitkovice.cz\/wp-content\/uploads\/2022\/06\/ksm-logo-300x117.png 300w\" sizes=\"(max-width: 308px) 100vw, 308px\" \/><\/a><\/figure>\n<\/div>\n<p><!-- \/wp:image --><br \/>\n<!-- wp:paragraph --><\/p>\n<p>V\u00e1\u017een\u00ed rodi\u010de, gymnastky a tren\u00e9\u0159i,<br \/>ve dnech\u00a020. 6. &#8211; 23. 6. 2022 od 14.00 &#8211; 19.00 hod.\u00a0prob\u011bhne v na\u0161\u00ed t\u011blocvi\u010dn\u011b charitativn\u00ed sb\u00edrka oble\u010den\u00ed pro neziskovou organizaci Klub svobodn\u00fdch matek.\u00a0<\/p>\n<p><!-- \/wp:paragraph --><\/p>\n<p><!-- wp:paragraph --><\/p>\n<p>B\u011bhem t\u011bchto dn\u016f je mo\u017en\u00e9 don\u00e9st d\u00e1msk\u00e9 nebo d\u011btsk\u00e9 oble\u010den\u00ed a boty v pou\u017eiteln\u00e9m stavu, kter\u00e9 V\u00e1m ji\u017e neslou\u017e\u00ed, ale poslou\u017e\u00ed jinde.\u00a0<\/p>\n<p><!-- \/wp:paragraph --><\/p>\n<p><!-- wp:paragraph --><\/p>\n<p>Ve\u0161ker\u00e9 oble\u010den\u00ed bude p\u0159ed\u00e1no do Fashion Charity Shopu v OC Forum Nov\u00e1 Karolina, kde se \u010d\u00e1st nachyst\u00e1 k prodeji a zbytek roze\u0161le p\u0159\u00edmo do rodin.<\/p>\n<p><!-- \/wp:paragraph --><\/p>\n<p><!-- wp:paragraph --><\/p>\n<p>Samo\u017eivitel\u00e9 a d\u011bti z Klubu svobodn\u00fdch matek jsou velice vd\u011b\u010dn\u00ed za jakoukoliv pomoc.<\/p>\n<p><!-- \/wp:paragraph --><\/p>\n<p><!-- wp:paragraph --><\/p>\n<p>Pro bli\u017e\u0161\u00ed informace ohledn\u011b sb\u00edrky m\u016f\u017eete kontaktovat p. Suchou na tel.\u00a0736 437 928.<\/p>\n<p><!-- \/wp:paragraph --><\/p>\n<p><!-- wp:paragraph --><\/p>\n<p>D\u011bkujeme za podporu!<\/p>\n<p><!-- \/wp:paragraph --><\/p>\n<p><!-- wp:paragraph --><\/p>\n<p><a rel=\"noreferrer noopener\" href=\"https:\/\/www.klubsvobodnychmatek.cz\/\" target=\"_blank\">https:\/\/www.klubsvobodnychmatek.cz\/<\/a><\/p>\n<p><!-- \/wp:paragraph --><\/p>\n","protected":false},"author":1,"featured_media":0,"comment_status":"closed","ping_status":"open","sticky":false,"template":"","format":"standard","meta":[],"categories":[17],"tags":[],"_links":{"self":[{"href":"https:\/\/gkvitkovice.cz\/index.php?rest_route=\/wp\/v2\/posts\/4773"}],"collection":[{"href":"https:\/\/gkvitkovice.cz\/index.php?rest_route=\/wp\/v2\/posts"}],"about":[{"href":"https:\/\/gkvitkovice.cz\/index.php?rest_route=\/wp\/v2\/types\/post"}],"author":[{"embeddable":true,"href":"https:\/\/gkvitkovice.cz\/index.php?rest_route=\/wp\/v2\/users\/1"}],"replies":[{"embeddable":true,"href":"https:\/\/gkvitkovice.cz\/index.php?rest_route=%2Fwp%2Fv2%2Fcomments&post=4773"}],"version-history":[{"count":1,"href":"https:\/\/gkvitkovice.cz\/index.php?rest_route=\/wp\/v2\/posts\/4773\/revisions"}],"predecessor-version":[{"id":4775,"href":"https:\/\/gkvitkovice.cz\/index.php?rest_route=\/wp\/v2\/posts\/4773\/revisions\/4775"}],"wp:attachment":[{"href":"https:\/\/gkvitkovice.cz\/index.php?rest_route=%2Fwp%2Fv2%2Fmedia&parent=4773"}],"wp:term":[{"taxonomy":"category","embeddable":true,"href":"https:\/\/gkvitkovice.cz\/index.php?rest_route=%2Fwp%2Fv2%2Fcategories&post=4773"},{"taxonomy":"post_tag","embeddable":true,"href":"https:\/\/gkvitkovice.cz\/index.php?rest_route=%2Fwp%2Fv2%2Ftags&post=4773"}],"curies":[{"name":"wp","href":"https:\/\/api.w.org\/{rel}","templated":true}]}}