{"id":4776,"date":"2022-06-16T11:18:48","date_gmt":"2022-06-16T11:18:48","guid":{"rendered":"http:\/\/gkvitkovice.cz\/?p=4776"},"modified":"2022-06-16T11:20:01","modified_gmt":"2022-06-16T11:20:01","slug":"mcr-vs-2022","status":"publish","type":"post","link":"https:\/\/gkvitkovice.cz\/?p=4776","title":{"rendered":"M\u010cR &#8211; VS 2022"},"content":{"rendered":"<div id=\"fb-root\"><\/div>\n<p><script async=\"\" defer=\"\" crossorigin=\"anonymous\" src=\"https:\/\/connect.facebook.net\/cs_CZ\/sdk.js#xfbml=1&amp;version=v14.0\" nonce=\"xjt0OCXB\"><\/script><\/p>\n\n\n<div class=\"wp-block-image\"><figure class=\"aligncenter size-large is-resized\"><a href=\"http:\/\/gkvitkovice.cz\/wp-content\/uploads\/2022\/06\/WhatsAppImage2022-06-11at11.28.413.jpg\"><img loading=\"lazy\" src=\"http:\/\/gkvitkovice.cz\/wp-content\/uploads\/2022\/06\/WhatsAppImage2022-06-11at11.28.413-575x1024.jpg\" alt=\"\" class=\"wp-image-4782\" width=\"288\" height=\"512\" srcset=\"https:\/\/gkvitkovice.cz\/wp-content\/uploads\/2022\/06\/WhatsAppImage2022-06-11at11.28.413-575x1024.jpg 575w, https:\/\/gkvitkovice.cz\/wp-content\/uploads\/2022\/06\/WhatsAppImage2022-06-11at11.28.413-169x300.jpg 169w, https:\/\/gkvitkovice.cz\/wp-content\/uploads\/2022\/06\/WhatsAppImage2022-06-11at11.28.413-768x1367.jpg 768w, https:\/\/gkvitkovice.cz\/wp-content\/uploads\/2022\/06\/WhatsAppImage2022-06-11at11.28.413-863x1536.jpg 863w, https:\/\/gkvitkovice.cz\/wp-content\/uploads\/2022\/06\/WhatsAppImage2022-06-11at11.28.413.jpg 1124w\" sizes=\"(max-width: 288px) 100vw, 288px\" \/><\/a><figcaption>VS3A<\/figcaption><\/figure><\/div>\n\n\n\n<p>Jednou z vrcholn\u00fdch akc\u00ed jarn\u00ed z\u00e1vodn\u00ed sezony bylo Mistrovstv\u00ed \u010cesk\u00e9 republiky VS, kter\u00e9 se tentokr\u00e1t konalo v Hale V\u011bry \u010c\u00e1slavsk\u00e9 v \u010cerno\u0161ic\u00edch ve dnech 10. &#8211; 12. 6. 2022. <\/p>\n\n\n\n<p>V p\u00e1tek se jako prvn\u00ed p\u0159edstavily gymnastky v kategorii VS3A. <strong>Jul\u010de Biolkov\u00e9<\/strong> se opravdu zada\u0159ilo nejen na kladin\u011b, ale i bradlech, kter\u00e9 v kvalifika\u010dn\u00edch z\u00e1vodech v\u011bt\u0161inou nezvl\u00e1dla podle p\u0159edstav. Na M-\u010cR se j\u00ed sestavy poda\u0159ily mnohem l\u00e9pe a zajistila si t\u00edm skv\u011bl\u00e9 6. m\u00edsto. <strong>Linda Rakov\u00e1<\/strong>, i p\u0159es zdravotn\u00ed probl\u00e9my v p\u0159\u00edprav\u011b, zvl\u00e1dla v\u0161echny sestavy a um\u00edstila se na 10. m\u00edst\u011b. Taky <strong>K\u00e1\u0165a Ad\u00e1mkov\u00e1<\/strong> sv\u00e9 sestavy zacvi\u010dila velmi slu\u0161n\u011b a um\u00edstila se v prvn\u00ed polovin\u011b z\u00e1vodn\u00edho pole na 18. m\u00edst\u011b. V kategorii startovalo 37 z\u00e1vodnic.<\/p>\n\n\n\n<div class=\"wp-block-image\"><figure class=\"aligncenter size-large is-resized\"><a href=\"http:\/\/gkvitkovice.cz\/wp-content\/uploads\/2022\/06\/FB_IMG_1655103060707.jpg\"><img loading=\"lazy\" src=\"http:\/\/gkvitkovice.cz\/wp-content\/uploads\/2022\/06\/FB_IMG_1655103060707-1024x1024.jpg\" alt=\"\" class=\"wp-image-4781\" width=\"512\" height=\"512\" srcset=\"https:\/\/gkvitkovice.cz\/wp-content\/uploads\/2022\/06\/FB_IMG_1655103060707-1024x1024.jpg 1024w, https:\/\/gkvitkovice.cz\/wp-content\/uploads\/2022\/06\/FB_IMG_1655103060707-300x300.jpg 300w, https:\/\/gkvitkovice.cz\/wp-content\/uploads\/2022\/06\/FB_IMG_1655103060707-150x150.jpg 150w, https:\/\/gkvitkovice.cz\/wp-content\/uploads\/2022\/06\/FB_IMG_1655103060707-768x768.jpg 768w, https:\/\/gkvitkovice.cz\/wp-content\/uploads\/2022\/06\/FB_IMG_1655103060707.jpg 1080w\" sizes=\"(max-width: 512px) 100vw, 512px\" \/><\/a><figcaption>VS4B<\/figcaption><\/figure><\/div>\n\n\n\n<p>V sobotu zah\u00e1jila kategorie VS4B celodenn\u00ed sobotn\u00ed maraton. <strong>Zoe Laura Kol\u00e1\u0159ov\u00e1<\/strong>, i p\u0159es sv\u016fj zdravotn\u00ed hendikep, zacvi\u010dila hezk\u00e9 sestavy, krom\u011b p\u0159eskoku, kter\u00fd je\u0161t\u011b nem\u011bla pln\u011b natr\u00e9nov\u00e1n, a o pouh\u00fdch 0,05 bodu se um\u00edstila na nepopul\u00e1rn\u00edm \u010dtvrt\u00e9m &#8222;bramborov\u00e9m&#8220; m\u00edst\u011b. <strong>Krista \u0160krochov\u00e1<\/strong> skon\u010dila na p\u011bkn\u00e9m 7. m\u00edst\u011b, <strong>Anet Neni\u010dkov\u00e1<\/strong> na 16. m\u00edst\u011b,<strong> Kl\u00e1rka Pape\u017eov\u00e1<\/strong> na 23. m\u00edst\u011b a <strong>Sofi \u010cechov\u00e1<\/strong> na 36. m\u00edst\u011b. Celkem startovalo v t\u00e9to kategorii 48 d\u00edvek.<\/p>\n\n\n\n<div class=\"wp-block-image\"><figure class=\"aligncenter size-large is-resized\"><a href=\"http:\/\/gkvitkovice.cz\/wp-content\/uploads\/2022\/06\/FB_IMG_1655103109477.jpg\"><img loading=\"lazy\" src=\"http:\/\/gkvitkovice.cz\/wp-content\/uploads\/2022\/06\/FB_IMG_1655103109477-1024x1024.jpg\" alt=\"\" class=\"wp-image-4780\" width=\"512\" height=\"512\" srcset=\"https:\/\/gkvitkovice.cz\/wp-content\/uploads\/2022\/06\/FB_IMG_1655103109477-1024x1024.jpg 1024w, https:\/\/gkvitkovice.cz\/wp-content\/uploads\/2022\/06\/FB_IMG_1655103109477-300x300.jpg 300w, https:\/\/gkvitkovice.cz\/wp-content\/uploads\/2022\/06\/FB_IMG_1655103109477-150x150.jpg 150w, https:\/\/gkvitkovice.cz\/wp-content\/uploads\/2022\/06\/FB_IMG_1655103109477-768x767.jpg 768w, https:\/\/gkvitkovice.cz\/wp-content\/uploads\/2022\/06\/FB_IMG_1655103109477.jpg 1080w\" sizes=\"(max-width: 512px) 100vw, 512px\" \/><\/a><figcaption>VS6B<\/figcaption><\/figure><\/div>\n\n\n\n<p><br>Ve\u010der nastoupily k sv\u00e9mu z\u00e1vodu <strong>Ani\u010dka Kr\u00fdsov\u00e1 <\/strong>s <strong>Anet Nykodymovou<\/strong>. Ani\u010dka zacvi\u010dila velmi p\u011bkn\u00e1 prostn\u00e1 a p\u0159eskok, na kladin\u011b se bohu\u017eel nevyvarovala p\u00e1du a skon\u010dila na 11. m\u00edst\u011b. Anet se naopak poda\u0159ila velmi p\u011bkn\u00e1 kladina, ale na prostn\u00fdch zav\u00e1hala ve dvousaltov\u00e9 \u0159ad\u011b a s p\u0159eru\u0161en\u00edm na bradlech obsadila p\u0159i sv\u00e9m prvn\u00edm startu mezi \u017eenami 18. m\u00edsto.<\/p>\n\n\n\n<div class=\"wp-block-image\"><figure class=\"aligncenter size-large is-resized\"><a href=\"http:\/\/gkvitkovice.cz\/wp-content\/uploads\/2022\/06\/FB_IMG_1655103216331.jpg\"><img loading=\"lazy\" src=\"http:\/\/gkvitkovice.cz\/wp-content\/uploads\/2022\/06\/FB_IMG_1655103216331-1024x768.jpg\" alt=\"\" class=\"wp-image-4779\" width=\"512\" height=\"384\" srcset=\"https:\/\/gkvitkovice.cz\/wp-content\/uploads\/2022\/06\/FB_IMG_1655103216331-1024x768.jpg 1024w, https:\/\/gkvitkovice.cz\/wp-content\/uploads\/2022\/06\/FB_IMG_1655103216331-300x225.jpg 300w, https:\/\/gkvitkovice.cz\/wp-content\/uploads\/2022\/06\/FB_IMG_1655103216331-768x576.jpg 768w, https:\/\/gkvitkovice.cz\/wp-content\/uploads\/2022\/06\/FB_IMG_1655103216331.jpg 1080w\" sizes=\"(max-width: 512px) 100vw, 512px\" \/><\/a><figcaption>VS1A<\/figcaption><\/figure><\/div>\n\n\n\n<p>Ned\u011bln\u00ed r\u00e1no jsme se t\u011b\u0161ili na na\u0161e nejmlad\u0161\u00ed z\u00e1vodnice. V kategorii VS1A to poprv\u00e9 zacinkalo a <strong>Ani\u010dka Ulehlov\u00e1<\/strong> si velmi p\u011bkn\u00fdm a \u010dist\u00fdm cvi\u010den\u00edm zajistila kr\u00e1snou st\u0159\u00edbrnou medaili. <strong>Elenka \u0160ilerov\u00e1 <\/strong>(11. m\u00edsto) s <strong>Nat\u00e1lkou Mat\u00fa\u0161ovou <\/strong>(19. m\u00edsto) zacvi\u010dily tak\u00e9 moc p\u011bkn\u00e9 sestavy. Na z\u00e1vod je p\u0159i\u0161la podpo\u0159it <strong>Lili Such\u00e1<\/strong> v pozici n\u00e1hradnice a jejich odd\u00edlov\u00e1 kolegyn\u011b <strong>Ver\u010da Bolibruchov\u00e1<\/strong>.<\/p>\n\n\n\n<div class=\"wp-block-image\"><figure class=\"aligncenter size-large is-resized\"><a href=\"http:\/\/gkvitkovice.cz\/wp-content\/uploads\/2022\/06\/IMG_20220612_165904.jpg\"><img loading=\"lazy\" src=\"http:\/\/gkvitkovice.cz\/wp-content\/uploads\/2022\/06\/IMG_20220612_165904-768x1024.jpg\" alt=\"\" class=\"wp-image-4777\" width=\"384\" height=\"512\" srcset=\"https:\/\/gkvitkovice.cz\/wp-content\/uploads\/2022\/06\/IMG_20220612_165904-768x1024.jpg 768w, https:\/\/gkvitkovice.cz\/wp-content\/uploads\/2022\/06\/IMG_20220612_165904-225x300.jpg 225w, https:\/\/gkvitkovice.cz\/wp-content\/uploads\/2022\/06\/IMG_20220612_165904-1152x1536.jpg 1152w, https:\/\/gkvitkovice.cz\/wp-content\/uploads\/2022\/06\/IMG_20220612_165904.jpg 1500w\" sizes=\"(max-width: 384px) 100vw, 384px\" \/><\/a><figcaption>VS2A<\/figcaption><\/figure><\/div>\n\n\n\n<p>Posledn\u00ed kategori\u00ed na mistrovstv\u00ed \u010cR byla kategorie VS2A, kde startovalo 5 na\u0161ich z\u00e1vodnic. Nejl\u00e9pe si vedla <strong>Frederka Prutkayov\u00e1<\/strong>, kter\u00e9 utekla o 0,1 bodu bronzov\u00e1 medaile. Skoro t\u0159\u00edt\u00fddenn\u00ed v\u00fdpadek d\u00edky nemoci se podepsal na cvi\u010den\u00ed, kde ji nejv\u00edc asi bude mrzet zav\u00e1h\u00e1n\u00ed na bradlech, jeliko\u017e se j\u00ed sestava p\u0159\u00edli\u0161 nepovedla. Na dal\u0161\u00edch n\u00e1\u0159ad\u00edch ale zabojovala a ztr\u00e1tu postupn\u011b stahovala, bohu\u017eel to vy\u0161lo jen na to neobl\u00edben\u00e9 4. m\u00edsto. Velmi p\u011bkn\u00e9 sestavy zacvi\u010dily i <strong>Elen Kantorov\u00e1 <\/strong>a <strong>Lili Mlyn\u00e1\u0159ov\u00e1<\/strong>, kter\u00e9 se um\u00edstily v prvn\u00ed des\u00edtce, Elenka na 5. m\u00edst\u011b a Lili na 9. m\u00edst\u011b. P\u011bkn\u00fd z\u00e1vod zajely i <strong>S\u00e1ra K\u0159i\u017eo\u0161\u010dakov\u00e1<\/strong> a<strong> Lucka Li\u0161kov\u00e1<\/strong>, S\u00e1ra jen d\u00edky slab\u0161\u00edmu p\u0159eskoku obsadila 26. m\u00edsto a Lucka 37. m\u00edsto. Tato kategorie byla v jarn\u00edm obdob\u00ed nejpo\u010detn\u011bj\u0161\u00ed, kvalifikac\u00ed se z\u00fa\u010dastnilo 73 z\u00e1vodnic a na mistrovstv\u00ed se kvalifikovalo 56 z\u00e1vodnic.<\/p>\n\n\n\n<p>D\u011bkujeme v\u0161em z\u00e1vodnic\u00edm za reprezentaci klubu, tren\u00e9r\u016fm d\u011bkujeme za zodpov\u011bdnou p\u0159\u00edpravu z\u00e1vodnic a p\u0159ejeme v\u0161em hodn\u011b \u00fasp\u011bch\u016f v p\u0159\u00edprav\u011b na dal\u0161\u00ed sout\u011b\u017ee.<\/p>\n\n\n\n<p>Fotky <a href=\"https:\/\/gkvitkovice.rajce.idnes.cz\/Mistrovstvi_CR_jednotlivkyn,_10.-12.6.2022,_Cernosice\/\" target=\"_blank\" rel=\"noreferrer noopener\">ZDE<\/a><\/p>\n\n\n\n<p>V\u00fdsledky <a href=\"https:\/\/www.gymfed.cz\/vysledky\/detail\/2318?kategorie=5485\" target=\"_blank\" rel=\"noreferrer noopener\">ZDE<\/a><\/p>\n\n\n\n<p><em>(Monika Prutkayov\u00e1)<\/em><\/p>\n\n\n<div class=\"fb-like\" data-href=\"http:\/\/gkvitkovice.cz\/?p=4776\" data-width=\"\" data-layout=\"standard\" data-action=\"like\" data-size=\"small\" data-share=\"true\"><\/div>","protected":false},"excerpt":{"rendered":"<p><!-- wp:image {\"align\":\"center\",\"id\":4782,\"width\":288,\"height\":512,\"sizeSlug\":\"large\",\"linkDestination\":\"media\"} --><\/p>\n<div class=\"wp-block-image\">\n<figure class=\"aligncenter size-large is-resized\"><a href=\"http:\/\/gkvitkovice.cz\/wp-content\/uploads\/2022\/06\/WhatsAppImage2022-06-11at11.28.413.jpg\"><img loading=\"lazy\" src=\"http:\/\/gkvitkovice.cz\/wp-content\/uploads\/2022\/06\/WhatsAppImage2022-06-11at11.28.413-575x1024.jpg\" alt=\"\" class=\"wp-image-4782\" width=\"288\" height=\"512\" srcset=\"https:\/\/gkvitkovice.cz\/wp-content\/uploads\/2022\/06\/WhatsAppImage2022-06-11at11.28.413-575x1024.jpg 575w, https:\/\/gkvitkovice.cz\/wp-content\/uploads\/2022\/06\/WhatsAppImage2022-06-11at11.28.413-169x300.jpg 169w, https:\/\/gkvitkovice.cz\/wp-content\/uploads\/2022\/06\/WhatsAppImage2022-06-11at11.28.413-768x1367.jpg 768w, https:\/\/gkvitkovice.cz\/wp-content\/uploads\/2022\/06\/WhatsAppImage2022-06-11at11.28.413-863x1536.jpg 863w, https:\/\/gkvitkovice.cz\/wp-content\/uploads\/2022\/06\/WhatsAppImage2022-06-11at11.28.413.jpg 1124w\" sizes=\"(max-width: 288px) 100vw, 288px\" \/><\/a><figcaption>VS3A<\/figcaption><\/figure>\n<\/div>\n<p><!-- \/wp:image --><\/p>\n<p><!-- wp:paragraph --><\/p>\n<p>Jednou z vrcholn\u00fdch akc\u00ed jarn\u00ed z\u00e1vodn\u00ed sezony bylo Mistrovstv\u00ed \u010cesk\u00e9 republiky VS, kter\u00e9 se tentokr\u00e1t konalo v Hale V\u011bry \u010c\u00e1slavsk\u00e9 v \u010cerno\u0161ic\u00edch ve dnech 10. &#8211; 12. 6. 2022. <\/p>\n<p><!-- \/wp:paragraph --><\/p>\n","protected":false},"author":1,"featured_media":0,"comment_status":"closed","ping_status":"open","sticky":false,"template":"","format":"standard","meta":[],"categories":[17],"tags":[],"_links":{"self":[{"href":"https:\/\/gkvitkovice.cz\/index.php?rest_route=\/wp\/v2\/posts\/4776"}],"collection":[{"href":"https:\/\/gkvitkovice.cz\/index.php?rest_route=\/wp\/v2\/posts"}],"about":[{"href":"https:\/\/gkvitkovice.cz\/index.php?rest_route=\/wp\/v2\/types\/post"}],"author":[{"embeddable":true,"href":"https:\/\/gkvitkovice.cz\/index.php?rest_route=\/wp\/v2\/users\/1"}],"replies":[{"embeddable":true,"href":"https:\/\/gkvitkovice.cz\/index.php?rest_route=%2Fwp%2Fv2%2Fcomments&post=4776"}],"version-history":[{"count":2,"href":"https:\/\/gkvitkovice.cz\/index.php?rest_route=\/wp\/v2\/posts\/4776\/revisions"}],"predecessor-version":[{"id":4785,"href":"https:\/\/gkvitkovice.cz\/index.php?rest_route=\/wp\/v2\/posts\/4776\/revisions\/4785"}],"wp:attachment":[{"href":"https:\/\/gkvitkovice.cz\/index.php?rest_route=%2Fwp%2Fv2%2Fmedia&parent=4776"}],"wp:term":[{"taxonomy":"category","embeddable":true,"href":"https:\/\/gkvitkovice.cz\/index.php?rest_route=%2Fwp%2Fv2%2Fcategories&post=4776"},{"taxonomy":"post_tag","embeddable":true,"href":"https:\/\/gkvitkovice.cz\/index.php?rest_route=%2Fwp%2Fv2%2Ftags&post=4776"}],"curies":[{"name":"wp","href":"https:\/\/api.w.org\/{rel}","templated":true}]}}