{"id":4786,"date":"2022-06-20T11:06:11","date_gmt":"2022-06-20T11:06:11","guid":{"rendered":"http:\/\/gkvitkovice.cz\/?p=4786"},"modified":"2022-06-20T11:07:00","modified_gmt":"2022-06-20T11:07:00","slug":"slavnosti-jihu-2022","status":"publish","type":"post","link":"https:\/\/gkvitkovice.cz\/?p=4786","title":{"rendered":"Slavnosti Jihu 2022"},"content":{"rendered":"<div id=\"fb-root\"><\/div>\n<p><script async=\"\" defer=\"\" crossorigin=\"anonymous\" src=\"https:\/\/connect.facebook.net\/cs_CZ\/sdk.js#xfbml=1&amp;version=v14.0\" nonce=\"HeJD1qo7\"><\/script><\/p>\n\n\n<div class=\"wp-block-image\"><figure class=\"aligncenter size-large is-resized\"><a href=\"http:\/\/gkvitkovice.cz\/wp-content\/uploads\/2022\/06\/WhatsAppImage2022-06-18at13.10.461.jpg\"><img loading=\"lazy\" src=\"http:\/\/gkvitkovice.cz\/wp-content\/uploads\/2022\/06\/WhatsAppImage2022-06-18at13.10.461-1024x768.jpg\" alt=\"\" class=\"wp-image-4787\" width=\"512\" height=\"384\" srcset=\"https:\/\/gkvitkovice.cz\/wp-content\/uploads\/2022\/06\/WhatsAppImage2022-06-18at13.10.461-1024x768.jpg 1024w, https:\/\/gkvitkovice.cz\/wp-content\/uploads\/2022\/06\/WhatsAppImage2022-06-18at13.10.461-300x225.jpg 300w, https:\/\/gkvitkovice.cz\/wp-content\/uploads\/2022\/06\/WhatsAppImage2022-06-18at13.10.461-768x576.jpg 768w, https:\/\/gkvitkovice.cz\/wp-content\/uploads\/2022\/06\/WhatsAppImage2022-06-18at13.10.461-1536x1152.jpg 1536w, https:\/\/gkvitkovice.cz\/wp-content\/uploads\/2022\/06\/WhatsAppImage2022-06-18at13.10.461.jpg 2000w\" sizes=\"(max-width: 512px) 100vw, 512px\" \/><\/a><\/figure><\/div>\n\n\n\n<p>Dne 18. 6. 2022 jsme se z\u00fa\u010dastnily ka\u017edoro\u010dn\u00ed slavnosti m\u011bstsk\u00e9ho obvodu Ostrava &#8211; Jih &#8222;Slavnosti Jihu&#8220;. D\u011bv\u010data si spole\u010dn\u011b s jejich tren\u00e9rkami natr\u00e9novaly velice l\u00edbiv\u00e9 vystoupen\u00ed. P\u0159ed nadch\u00e1zej\u00edc\u00edmi letn\u00edmi pr\u00e1zdninami si v\u0161echny na\u0161e gymnastky u\u017eily jak slun\u00ed\u010dka, tak i mo\u017enosti p\u0159edv\u00e9st se sv\u00fdm rodinn\u00fdm p\u0159\u00edslu\u0161n\u00edk\u016fm a div\u00e1k\u016fm v jin\u00e9m prost\u0159ed\u00ed ne\u017e v t\u011blocvi\u010dn\u00e1ch na gymnastick\u00e9m n\u00e1\u0159ad\u00ed.<\/p>\n\n\n\n<p><br>D\u011bkujeme za pozv\u00e1n\u00ed MO Ostrava &#8211; Jih.<\/p>\n\n\n\n<p>Fotky a videa <a rel=\"noreferrer noopener\" href=\"https:\/\/gkvitkovice.rajce.idnes.cz\/Slavnosti_Jihu,_18.6.2022\/\" target=\"_blank\">ZDE<\/a><\/p>\n\n\n\n<p><em>(Monika Prutkayov\u00e1)<\/em><\/p>\n\n\n<div class=\"fb-like\" data-href=\"http:\/\/gkvitkovice.cz\/?p=4786\" data-width=\"\" data-layout=\"standard\" data-action=\"like\" data-size=\"small\" data-share=\"true\"><\/div>","protected":false},"excerpt":{"rendered":"<p><!-- wp:image {\"align\":\"center\",\"id\":4787,\"width\":512,\"height\":384,\"sizeSlug\":\"large\",\"linkDestination\":\"media\"} --><\/p>\n<div class=\"wp-block-image\">\n<figure class=\"aligncenter size-large is-resized\"><a href=\"http:\/\/gkvitkovice.cz\/wp-content\/uploads\/2022\/06\/WhatsAppImage2022-06-18at13.10.461.jpg\"><img loading=\"lazy\" src=\"http:\/\/gkvitkovice.cz\/wp-content\/uploads\/2022\/06\/WhatsAppImage2022-06-18at13.10.461-1024x768.jpg\" alt=\"\" class=\"wp-image-4787\" width=\"512\" height=\"384\" srcset=\"https:\/\/gkvitkovice.cz\/wp-content\/uploads\/2022\/06\/WhatsAppImage2022-06-18at13.10.461-1024x768.jpg 1024w, https:\/\/gkvitkovice.cz\/wp-content\/uploads\/2022\/06\/WhatsAppImage2022-06-18at13.10.461-300x225.jpg 300w, https:\/\/gkvitkovice.cz\/wp-content\/uploads\/2022\/06\/WhatsAppImage2022-06-18at13.10.461-768x576.jpg 768w, https:\/\/gkvitkovice.cz\/wp-content\/uploads\/2022\/06\/WhatsAppImage2022-06-18at13.10.461-1536x1152.jpg 1536w, https:\/\/gkvitkovice.cz\/wp-content\/uploads\/2022\/06\/WhatsAppImage2022-06-18at13.10.461.jpg 2000w\" sizes=\"(max-width: 512px) 100vw, 512px\" \/><\/a><\/figure>\n<\/div>\n<p><!-- \/wp:image --><\/p>\n<p><!-- wp:paragraph --><\/p>\n<p>Dne 18. 6. 2022 jsme se z\u00fa\u010dastnily ka\u017edoro\u010dn\u00ed slavnosti m\u011bstsk\u00e9ho obvodu Ostrava &#8211; Jih &#8222;Slavnosti Jihu&#8220;. <\/p>\n","protected":false},"author":1,"featured_media":0,"comment_status":"closed","ping_status":"open","sticky":false,"template":"","format":"standard","meta":[],"categories":[17],"tags":[],"_links":{"self":[{"href":"https:\/\/gkvitkovice.cz\/index.php?rest_route=\/wp\/v2\/posts\/4786"}],"collection":[{"href":"https:\/\/gkvitkovice.cz\/index.php?rest_route=\/wp\/v2\/posts"}],"about":[{"href":"https:\/\/gkvitkovice.cz\/index.php?rest_route=\/wp\/v2\/types\/post"}],"author":[{"embeddable":true,"href":"https:\/\/gkvitkovice.cz\/index.php?rest_route=\/wp\/v2\/users\/1"}],"replies":[{"embeddable":true,"href":"https:\/\/gkvitkovice.cz\/index.php?rest_route=%2Fwp%2Fv2%2Fcomments&post=4786"}],"version-history":[{"count":2,"href":"https:\/\/gkvitkovice.cz\/index.php?rest_route=\/wp\/v2\/posts\/4786\/revisions"}],"predecessor-version":[{"id":4789,"href":"https:\/\/gkvitkovice.cz\/index.php?rest_route=\/wp\/v2\/posts\/4786\/revisions\/4789"}],"wp:attachment":[{"href":"https:\/\/gkvitkovice.cz\/index.php?rest_route=%2Fwp%2Fv2%2Fmedia&parent=4786"}],"wp:term":[{"taxonomy":"category","embeddable":true,"href":"https:\/\/gkvitkovice.cz\/index.php?rest_route=%2Fwp%2Fv2%2Fcategories&post=4786"},{"taxonomy":"post_tag","embeddable":true,"href":"https:\/\/gkvitkovice.cz\/index.php?rest_route=%2Fwp%2Fv2%2Ftags&post=4786"}],"curies":[{"name":"wp","href":"https:\/\/api.w.org\/{rel}","templated":true}]}}