{"id":4795,"date":"2022-06-24T10:48:49","date_gmt":"2022-06-24T10:48:49","guid":{"rendered":"http:\/\/gkvitkovice.cz\/?p=4795"},"modified":"2022-06-24T10:50:16","modified_gmt":"2022-06-24T10:50:16","slug":"zavod-pripravek-gk-vitkovice","status":"publish","type":"post","link":"https:\/\/gkvitkovice.cz\/?p=4795","title":{"rendered":"Z\u00e1vod p\u0159\u00edpravek GK V\u00edtkovice"},"content":{"rendered":"<div id=\"fb-root\"><\/div>\n<p><script async=\"\" defer=\"\" crossorigin=\"anonymous\" src=\"https:\/\/connect.facebook.net\/cs_CZ\/sdk.js#xfbml=1&amp;version=v14.0\" nonce=\"dBIaQDPv\"><\/script><\/p>\n\n\n<div class=\"wp-block-image\"><figure class=\"aligncenter size-large is-resized\"><a href=\"http:\/\/gkvitkovice.cz\/wp-content\/uploads\/2022\/06\/IMG_2790-scaled.jpg\"><img loading=\"lazy\" src=\"http:\/\/gkvitkovice.cz\/wp-content\/uploads\/2022\/06\/IMG_2790-1024x683.jpg\" alt=\"\" class=\"wp-image-4796\" width=\"512\" height=\"342\" srcset=\"https:\/\/gkvitkovice.cz\/wp-content\/uploads\/2022\/06\/IMG_2790-1024x683.jpg 1024w, https:\/\/gkvitkovice.cz\/wp-content\/uploads\/2022\/06\/IMG_2790-300x200.jpg 300w, https:\/\/gkvitkovice.cz\/wp-content\/uploads\/2022\/06\/IMG_2790-768x512.jpg 768w, https:\/\/gkvitkovice.cz\/wp-content\/uploads\/2022\/06\/IMG_2790-1536x1024.jpg 1536w, https:\/\/gkvitkovice.cz\/wp-content\/uploads\/2022\/06\/IMG_2790-2048x1365.jpg 2048w\" sizes=\"(max-width: 512px) 100vw, 512px\" \/><\/a><\/figure><\/div>\n\n\n\n<p>Ve \u010dtvrtek 23. 6. 2022 odpoledne jsme uspo\u0159\u00e1dali z\u00e1vod pro na\u0161e nejmen\u0161\u00ed gymnastky, ro\u010d. narozen\u00ed 2015 a mlad\u0161\u00ed. <\/p>\n\n\n\n<p>D\u011bv\u010d\u00e1tka byla rozd\u011blena do \u010dty\u0159 kategori\u00ed. N\u011bkter\u00e9 cvi\u010d\u00ed del\u0161\u00ed dobu, jin\u00e9 teprve kr\u00e1tce. V\u0161echny se ale maxim\u00e1ln\u011b sna\u017eily a div\u00e1k\u016fm p\u0159edvedly, jak moc jim to jde. Za odm\u011bnu z\u00edskaly v\u0161echny zlatou medaili na r\u016f\u017eov\u00e9 stu\u017ece a spoustu cen.<\/p>\n\n\n\n<p>D\u011bkujeme tren\u00e9r\u016fm za p\u0159\u00edpravu, rozhod\u010d\u00edm za bodov\u00e1n\u00ed a rodi\u010d\u016fm za podporu.<\/p>\n\n\n\n<div class=\"wp-block-file\"><a href=\"http:\/\/gkvitkovice.cz\/wp-content\/uploads\/2022\/06\/Vysledky_pripravka.pdf\">Vysledky_pripravka<\/a><a href=\"http:\/\/gkvitkovice.cz\/wp-content\/uploads\/2022\/06\/Vysledky_pripravka.pdf\" class=\"wp-block-file__button\" download>St\u00e1hnout<\/a><\/div>\n\n\n<div class=\"fb-like\" data-href=\"http:\/\/gkvitkovice.cz\/?p=4795\" data-width=\"\" data-layout=\"standard\" data-action=\"like\" data-size=\"small\" data-share=\"true\"><em>(Gabriela Hynek)<\/em><\/div>","protected":false},"excerpt":{"rendered":"<p><!-- wp:image {\"align\":\"center\",\"id\":4796,\"width\":512,\"height\":342,\"sizeSlug\":\"large\",\"linkDestination\":\"media\"} --><\/p>\n<div class=\"wp-block-image\">\n<figure class=\"aligncenter size-large is-resized\"><a href=\"http:\/\/gkvitkovice.cz\/wp-content\/uploads\/2022\/06\/IMG_2790-scaled.jpg\"><img loading=\"lazy\" src=\"http:\/\/gkvitkovice.cz\/wp-content\/uploads\/2022\/06\/IMG_2790-1024x683.jpg\" alt=\"\" class=\"wp-image-4796\" width=\"512\" height=\"342\" srcset=\"https:\/\/gkvitkovice.cz\/wp-content\/uploads\/2022\/06\/IMG_2790-1024x683.jpg 1024w, https:\/\/gkvitkovice.cz\/wp-content\/uploads\/2022\/06\/IMG_2790-300x200.jpg 300w, https:\/\/gkvitkovice.cz\/wp-content\/uploads\/2022\/06\/IMG_2790-768x512.jpg 768w, https:\/\/gkvitkovice.cz\/wp-content\/uploads\/2022\/06\/IMG_2790-1536x1024.jpg 1536w, https:\/\/gkvitkovice.cz\/wp-content\/uploads\/2022\/06\/IMG_2790-2048x1365.jpg 2048w\" sizes=\"(max-width: 512px) 100vw, 512px\" \/><\/a><\/figure>\n<\/div>\n<p><!-- \/wp:image --><\/p>\n<p><!-- wp:paragraph --><\/p>\n<p>Ve \u010dtvrtek 23. 6. 2022 odpoledne jsme uspo\u0159\u00e1dali z\u00e1vod pro na\u0161e nejmen\u0161\u00ed gymnastky, ro\u010d. narozen\u00ed 2015 a mlad\u0161\u00ed. <\/p>\n<p><!-- \/wp:paragraph --><\/p>\n","protected":false},"author":1,"featured_media":0,"comment_status":"closed","ping_status":"open","sticky":false,"template":"","format":"standard","meta":[],"categories":[17],"tags":[],"_links":{"self":[{"href":"https:\/\/gkvitkovice.cz\/index.php?rest_route=\/wp\/v2\/posts\/4795"}],"collection":[{"href":"https:\/\/gkvitkovice.cz\/index.php?rest_route=\/wp\/v2\/posts"}],"about":[{"href":"https:\/\/gkvitkovice.cz\/index.php?rest_route=\/wp\/v2\/types\/post"}],"author":[{"embeddable":true,"href":"https:\/\/gkvitkovice.cz\/index.php?rest_route=\/wp\/v2\/users\/1"}],"replies":[{"embeddable":true,"href":"https:\/\/gkvitkovice.cz\/index.php?rest_route=%2Fwp%2Fv2%2Fcomments&post=4795"}],"version-history":[{"count":3,"href":"https:\/\/gkvitkovice.cz\/index.php?rest_route=\/wp\/v2\/posts\/4795\/revisions"}],"predecessor-version":[{"id":4800,"href":"https:\/\/gkvitkovice.cz\/index.php?rest_route=\/wp\/v2\/posts\/4795\/revisions\/4800"}],"wp:attachment":[{"href":"https:\/\/gkvitkovice.cz\/index.php?rest_route=%2Fwp%2Fv2%2Fmedia&parent=4795"}],"wp:term":[{"taxonomy":"category","embeddable":true,"href":"https:\/\/gkvitkovice.cz\/index.php?rest_route=%2Fwp%2Fv2%2Fcategories&post=4795"},{"taxonomy":"post_tag","embeddable":true,"href":"https:\/\/gkvitkovice.cz\/index.php?rest_route=%2Fwp%2Fv2%2Ftags&post=4795"}],"curies":[{"name":"wp","href":"https:\/\/api.w.org\/{rel}","templated":true}]}}