{"id":4805,"date":"2022-08-29T18:06:02","date_gmt":"2022-08-29T18:06:02","guid":{"rendered":"http:\/\/gkvitkovice.cz\/?p=4805"},"modified":"2022-08-29T18:06:58","modified_gmt":"2022-08-29T18:06:58","slug":"tg-vyber-na-me-2022","status":"publish","type":"post","link":"https:\/\/gkvitkovice.cz\/?p=4805","title":{"rendered":"TG &#8211; v\u00fdb\u011br na ME 2022"},"content":{"rendered":"<div id=\"fb-root\"><\/div>\n<p><script async=\"\" defer=\"\" crossorigin=\"anonymous\" src=\"https:\/\/connect.facebook.net\/cs_CZ\/sdk.js#xfbml=1&amp;version=v14.0\" nonce=\"ilQD8MkA\"><\/script><\/p>\n\n\n<p>M\u00e1me za sebou dal\u0161\u00ed srpnov\u00e9 srazy teamgymov\u00e9ho v\u00fdb\u011bru a s nimi spojen\u00e9 i z\u00e1v\u011bre\u010dn\u00e9 vy\u0159azov\u00e1n\u00ed. Z p\u016fvodn\u00edch p\u011bti na\u0161ich gymnastek, kter\u00e9 se dostaly do \u0161ir\u0161\u00edho v\u00fdb\u011bru, si postup na leto\u0161n\u00ed ME vybojovala pouze <strong>Klaudie Hynek<\/strong>. Klaudi se dostala do z\u00e1kladn\u00ed des\u00edtky juniorek a p\u0159edvede se n\u00e1m v Lucembursku v n\u00e1dhern\u00e9 hale National Sports and Cultural Centre d\u00b4Coque. Mistrovstv\u00ed Evropy se uskute\u010dn\u00ed ji\u017e p\u0159\u00ed\u0161t\u00ed m\u011bs\u00edc, v term\u00ednu 14. &#8211; 17. 9. 2022.Krom\u011b juniorek nastoup\u00ed i dva seniorsk\u00e9 t\u00fdmy &#8211; \u017eeny a mixy.<\/p>\n\n\n\n<div class=\"wp-block-image\"><figure class=\"aligncenter size-large is-resized\"><a href=\"http:\/\/gkvitkovice.cz\/wp-content\/uploads\/2022\/08\/Lucembursko-hala.jpg\"><img loading=\"lazy\" src=\"http:\/\/gkvitkovice.cz\/wp-content\/uploads\/2022\/08\/Lucembursko-hala-1024x587.jpg\" alt=\"\" class=\"wp-image-4806\" width=\"512\" height=\"294\" srcset=\"https:\/\/gkvitkovice.cz\/wp-content\/uploads\/2022\/08\/Lucembursko-hala-1024x587.jpg 1024w, https:\/\/gkvitkovice.cz\/wp-content\/uploads\/2022\/08\/Lucembursko-hala-300x172.jpg 300w, https:\/\/gkvitkovice.cz\/wp-content\/uploads\/2022\/08\/Lucembursko-hala-768x440.jpg 768w, https:\/\/gkvitkovice.cz\/wp-content\/uploads\/2022\/08\/Lucembursko-hala.jpg 1338w\" sizes=\"(max-width: 512px) 100vw, 512px\" \/><\/a><\/figure><\/div>\n\n\n\n<div class=\"wp-block-image\"><figure class=\"aligncenter size-large is-resized\"><a href=\"http:\/\/gkvitkovice.cz\/wp-content\/uploads\/2022\/08\/Seznam-juniorek.jpg\"><img loading=\"lazy\" src=\"http:\/\/gkvitkovice.cz\/wp-content\/uploads\/2022\/08\/Seznam-juniorek-1024x1011.jpg\" alt=\"\" class=\"wp-image-4807\" width=\"512\" height=\"506\" srcset=\"https:\/\/gkvitkovice.cz\/wp-content\/uploads\/2022\/08\/Seznam-juniorek-1024x1011.jpg 1024w, https:\/\/gkvitkovice.cz\/wp-content\/uploads\/2022\/08\/Seznam-juniorek-300x296.jpg 300w, https:\/\/gkvitkovice.cz\/wp-content\/uploads\/2022\/08\/Seznam-juniorek-768x759.jpg 768w, https:\/\/gkvitkovice.cz\/wp-content\/uploads\/2022\/08\/Seznam-juniorek.jpg 1061w\" sizes=\"(max-width: 512px) 100vw, 512px\" \/><\/a><\/figure><\/div>\n\n\n\n<div class=\"wp-block-image\"><figure class=\"aligncenter size-large is-resized\"><a href=\"http:\/\/gkvitkovice.cz\/wp-content\/uploads\/2022\/08\/Casovy-rozpis.jpg\"><img loading=\"lazy\" src=\"http:\/\/gkvitkovice.cz\/wp-content\/uploads\/2022\/08\/Casovy-rozpis-980x1024.jpg\" alt=\"\" class=\"wp-image-4808\" width=\"490\" height=\"512\" srcset=\"https:\/\/gkvitkovice.cz\/wp-content\/uploads\/2022\/08\/Casovy-rozpis-980x1024.jpg 980w, https:\/\/gkvitkovice.cz\/wp-content\/uploads\/2022\/08\/Casovy-rozpis-287x300.jpg 287w, https:\/\/gkvitkovice.cz\/wp-content\/uploads\/2022\/08\/Casovy-rozpis-768x803.jpg 768w, https:\/\/gkvitkovice.cz\/wp-content\/uploads\/2022\/08\/Casovy-rozpis.jpg 1080w\" sizes=\"(max-width: 490px) 100vw, 490px\" \/><\/a><\/figure><\/div>\n\n\n\n<p><em>(Gabriela Hynek)<\/em><\/p>\n\n\n<div class=\"fb-like\" data-href=\"http:\/\/gkvitkovice.cz\/?p=4805\" data-width=\"\" data-layout=\"standard\" data-action=\"like\" data-size=\"small\" data-share=\"true\"><\/div>","protected":false},"excerpt":{"rendered":"<p>M\u00e1me za sebou dal\u0161\u00ed srpnov\u00e9 srazy teamgymov\u00e9ho v\u00fdb\u011bru a s nimi spojen\u00e9 i z\u00e1v\u011bre\u010dn\u00e9 vy\u0159azov\u00e1n\u00ed. <\/p>\n","protected":false},"author":1,"featured_media":0,"comment_status":"closed","ping_status":"open","sticky":false,"template":"","format":"standard","meta":[],"categories":[17],"tags":[],"_links":{"self":[{"href":"https:\/\/gkvitkovice.cz\/index.php?rest_route=\/wp\/v2\/posts\/4805"}],"collection":[{"href":"https:\/\/gkvitkovice.cz\/index.php?rest_route=\/wp\/v2\/posts"}],"about":[{"href":"https:\/\/gkvitkovice.cz\/index.php?rest_route=\/wp\/v2\/types\/post"}],"author":[{"embeddable":true,"href":"https:\/\/gkvitkovice.cz\/index.php?rest_route=\/wp\/v2\/users\/1"}],"replies":[{"embeddable":true,"href":"https:\/\/gkvitkovice.cz\/index.php?rest_route=%2Fwp%2Fv2%2Fcomments&post=4805"}],"version-history":[{"count":3,"href":"https:\/\/gkvitkovice.cz\/index.php?rest_route=\/wp\/v2\/posts\/4805\/revisions"}],"predecessor-version":[{"id":4811,"href":"https:\/\/gkvitkovice.cz\/index.php?rest_route=\/wp\/v2\/posts\/4805\/revisions\/4811"}],"wp:attachment":[{"href":"https:\/\/gkvitkovice.cz\/index.php?rest_route=%2Fwp%2Fv2%2Fmedia&parent=4805"}],"wp:term":[{"taxonomy":"category","embeddable":true,"href":"https:\/\/gkvitkovice.cz\/index.php?rest_route=%2Fwp%2Fv2%2Fcategories&post=4805"},{"taxonomy":"post_tag","embeddable":true,"href":"https:\/\/gkvitkovice.cz\/index.php?rest_route=%2Fwp%2Fv2%2Ftags&post=4805"}],"curies":[{"name":"wp","href":"https:\/\/api.w.org\/{rel}","templated":true}]}}