{"id":4812,"date":"2022-09-01T08:38:05","date_gmt":"2022-09-01T08:38:05","guid":{"rendered":"http:\/\/gkvitkovice.cz\/?p=4812"},"modified":"2022-09-01T08:38:05","modified_gmt":"2022-09-01T08:38:05","slug":"gymnasticka-skolicka-gk-vitkovice","status":"publish","type":"post","link":"https:\/\/gkvitkovice.cz\/?p=4812","title":{"rendered":"Gymnastick\u00e1 \u0161koli\u010dka GK V\u00edtkovice"},"content":{"rendered":"\n<p>Ve st\u0159edu 7. 9. 2022 v 17 hod prob\u011bhne v t\u011blocvi\u010dn\u011b Sportovn\u00edho gymn\u00e1zia Dany a Emila Z\u00e1topkov\u00fdch v Ostrav\u011b \u2013 Z\u00e1b\u0159ehu prvn\u00ed tr\u00e9nink gymnastick\u00e9 \u0161koli\u010dky.<\/p>\n\n\n\n<p>D\u011bti si s sebou vezmou sportovn\u00ed oble\u010den\u00ed, p\u0159ez\u016fvky, mal\u00fd z\u00e1pisn\u00ed\u010dek na pochvaly a podepsanou l\u00e1hev s pit\u00edm. Prvn\u00ed tr\u00e9nink mohou d\u011bti absolvovat s doprovodem 1 dosp\u011bl\u00e9ho. Pros\u00edme o dodr\u017een\u00ed 1 osoby na 1 d\u00edt\u011b, v\u011bt\u0161\u00ed mno\u017estv\u00ed dosp\u011bl\u00fdch by naru\u0161ilo pr\u016fb\u011bh tr\u00e9ninku. <\/p>\n\n\n\n<p>D\u011bkujeme za pochopen\u00ed a t\u011b\u0161\u00edme se na v\u0161echny d\u011bti z gymnastick\u00e9 \u0161koli\u010dky \ud83d\ude42<\/p>\n","protected":false},"excerpt":{"rendered":"<p><!-- wp:paragraph --><\/p>\n<p>Ve st\u0159edu 7. 9. 2022 v 17 hod prob\u011bhne v t\u011blocvi\u010dn\u011b Sportovn\u00edho gymn\u00e1zia Dany a Emila Z\u00e1topkov\u00fdch v Ostrav\u011b \u2013 Z\u00e1b\u0159ehu prvn\u00ed tr\u00e9nink gymnastick\u00e9 \u0161koli\u010dky.<\/p>\n<p><!-- \/wp:paragraph --><\/p>\n<p><!-- wp:paragraph --><\/p>\n<p>D\u011bti si s sebou vezmou sportovn\u00ed oble\u010den\u00ed, p\u0159ez\u016fvky, mal\u00fd z\u00e1pisn\u00ed\u010dek na pochvaly a podepsanou l\u00e1hev s pit\u00edm. Prvn\u00ed tr\u00e9nink mohou d\u011bti absolvovat s doprovodem 1 dosp\u011bl\u00e9ho. Pros\u00edme o dodr\u017een\u00ed 1 osoby na 1 d\u00edt\u011b, v\u011bt\u0161\u00ed mno\u017estv\u00ed dosp\u011bl\u00fdch by naru\u0161ilo pr\u016fb\u011bh tr\u00e9ninku. <\/p>\n<p><!-- \/wp:paragraph --><\/p>\n<p><!-- wp:paragraph --><\/p>\n<p>D\u011bkujeme za pochopen\u00ed a t\u011b\u0161\u00edme se na v\u0161echny d\u011bti z gymnastick\u00e9 \u0161koli\u010dky \ud83d\ude42<\/p>\n<p><!-- \/wp:paragraph --><\/p>\n","protected":false},"author":1,"featured_media":0,"comment_status":"closed","ping_status":"open","sticky":false,"template":"","format":"standard","meta":[],"categories":[17],"tags":[],"_links":{"self":[{"href":"https:\/\/gkvitkovice.cz\/index.php?rest_route=\/wp\/v2\/posts\/4812"}],"collection":[{"href":"https:\/\/gkvitkovice.cz\/index.php?rest_route=\/wp\/v2\/posts"}],"about":[{"href":"https:\/\/gkvitkovice.cz\/index.php?rest_route=\/wp\/v2\/types\/post"}],"author":[{"embeddable":true,"href":"https:\/\/gkvitkovice.cz\/index.php?rest_route=\/wp\/v2\/users\/1"}],"replies":[{"embeddable":true,"href":"https:\/\/gkvitkovice.cz\/index.php?rest_route=%2Fwp%2Fv2%2Fcomments&post=4812"}],"version-history":[{"count":1,"href":"https:\/\/gkvitkovice.cz\/index.php?rest_route=\/wp\/v2\/posts\/4812\/revisions"}],"predecessor-version":[{"id":4813,"href":"https:\/\/gkvitkovice.cz\/index.php?rest_route=\/wp\/v2\/posts\/4812\/revisions\/4813"}],"wp:attachment":[{"href":"https:\/\/gkvitkovice.cz\/index.php?rest_route=%2Fwp%2Fv2%2Fmedia&parent=4812"}],"wp:term":[{"taxonomy":"category","embeddable":true,"href":"https:\/\/gkvitkovice.cz\/index.php?rest_route=%2Fwp%2Fv2%2Fcategories&post=4812"},{"taxonomy":"post_tag","embeddable":true,"href":"https:\/\/gkvitkovice.cz\/index.php?rest_route=%2Fwp%2Fv2%2Ftags&post=4812"}],"curies":[{"name":"wp","href":"https:\/\/api.w.org\/{rel}","templated":true}]}}