{"id":4830,"date":"2022-09-27T07:53:23","date_gmt":"2022-09-27T07:53:23","guid":{"rendered":"http:\/\/gkvitkovice.cz\/?p=4830"},"modified":"2022-09-27T07:54:30","modified_gmt":"2022-09-27T07:54:30","slug":"ricanske-hvezdicky-2022","status":"publish","type":"post","link":"https:\/\/gkvitkovice.cz\/?p=4830","title":{"rendered":"\u0158\u00ed\u010dansk\u00e9 hv\u011bzdi\u010dky 2022"},"content":{"rendered":"<div id=\"fb-root\"><\/div>\n<p><script async=\"\" defer=\"\" crossorigin=\"anonymous\" src=\"https:\/\/connect.facebook.net\/cs_CZ\/sdk.js#xfbml=1&amp;version=v15.0\" nonce=\"5acHrx3S\"><\/script><\/p>\n\n\n<div class=\"wp-block-image\"><figure class=\"aligncenter size-large is-resized\"><a href=\"http:\/\/gkvitkovice.cz\/wp-content\/uploads\/2022\/09\/IMG_20220925_105002_2.jpg\"><img loading=\"lazy\" src=\"http:\/\/gkvitkovice.cz\/wp-content\/uploads\/2022\/09\/IMG_20220925_105002_2-1024x768.jpg\" alt=\"\" class=\"wp-image-4831\" width=\"512\" height=\"384\" srcset=\"https:\/\/gkvitkovice.cz\/wp-content\/uploads\/2022\/09\/IMG_20220925_105002_2-1024x768.jpg 1024w, https:\/\/gkvitkovice.cz\/wp-content\/uploads\/2022\/09\/IMG_20220925_105002_2-300x225.jpg 300w, https:\/\/gkvitkovice.cz\/wp-content\/uploads\/2022\/09\/IMG_20220925_105002_2-768x576.jpg 768w, https:\/\/gkvitkovice.cz\/wp-content\/uploads\/2022\/09\/IMG_20220925_105002_2-1536x1152.jpg 1536w, https:\/\/gkvitkovice.cz\/wp-content\/uploads\/2022\/09\/IMG_20220925_105002_2.jpg 2000w\" sizes=\"(max-width: 512px) 100vw, 512px\" \/><\/a><\/figure><\/div>\n\n\n\n<p>Podzimn\u00ed sezonu jsme zah\u00e1jily velmi p\u011bkn\u00fdm z\u00e1vodem &#8222;\u0158\u00ed\u010dansk\u00e9 hv\u011bzdi\u010dky&#8220;. Na\u0161im gymnastk\u00e1m se v\u011bt\u0161inou velmi da\u0159ilo. Jednalo se o z\u00e1vod na dvou n\u00e1\u0159ad\u00edch, a to kladin\u011b (lavi\u010dce) a prostn\u00fdch.&nbsp;<\/p>\n\n\n\n<p>V kategorii ro\u010dn\u00edk\u016f 2016 vyhr\u00e1la sv\u016fj z\u00e1vod <strong>Terka Prouzov\u00e1 <\/strong>a na velmi p\u011bkn\u00e9m 6. m\u00edst\u011b se um\u00edstily shodn\u011b <strong>Zorka Janotov\u00e1<\/strong> s <strong>Bar\u010dou Kr\u00e1\u010dal\u00edkovou<\/strong>.<\/p>\n\n\n\n<p>V z\u00e1vod\u011b ro\u010dn\u00edk\u016f 2015 jsme op\u011bt ulovily kovy nejcenn\u011bj\u0161\u00ed d\u00edky <strong>Lili Such\u00e9<\/strong>, kter\u00e1 si zda\u0159il\u00fdmi sestavami zaslou\u017eila zlatou medaili, st\u0159\u00edbro si odvezla <strong>Elka \u0160ilerov\u00e1<\/strong>, kter\u00e9 se to povedlo i p\u0159es p\u00e1d na kladin\u011b.&nbsp;<\/p>\n\n\n\n<p>Dal\u0161\u00ed kategori\u00ed byla d\u011bv\u010data ro\u010dn\u00edku 2014, i zde jsme si odvezly dv\u011b nejcenn\u011bj\u0161\u00ed medaile.<strong> Naty Mat\u00fa\u0161ov\u00e1<\/strong> si p\u011bkn\u00fdm cvi\u010den\u00edm na obou n\u00e1\u0159ad\u00edch a p\u0159edev\u0161\u00edm uznatelnou piruetou na kladin\u011b zajistila prvn\u00ed m\u00edsto. Na druh\u00e9m m\u00edst\u011b se um\u00edstila <strong>Ani Ulehlov\u00e1<\/strong>, kter\u00e1 p\u0159edvedla takt\u00e9\u017e zda\u0159il\u00e9 sestavy. Da\u0159ilo se i <strong>Mie Kova\u0159\u010d\u00edkov\u00e9<\/strong>, kter\u00e1 se um\u00edstila na kr\u00e1sn\u00e9m 8. m\u00edst\u011b. <strong>Ver\u010da Bolibruchov\u00e1<\/strong> se nevyhnula p\u00e1du z kladiny, um\u00edstila se na 21. m\u00edst\u011b.<\/p>\n\n\n\n<p>D\u011bv\u010dat\u016fm i tren\u00e9rk\u00e1m gratulujeme a rozhod\u010d\u00ed d\u011bkujeme za celodenn\u00ed rozhodov\u00e1n\u00ed.<\/p>\n\n\n\n<p>Fotky <a rel=\"noreferrer noopener\" href=\"https:\/\/gkvitkovice.rajce.idnes.cz\/Ricanske_hvezdicky_25.9.2022\/\" target=\"_blank\">ZDE<\/a><\/p>\n\n\n\n<p>V\u00fdsledky <a href=\"https:\/\/www.gymfed.cz\/vysledky\/detail\/2374\" target=\"_blank\" rel=\"noreferrer noopener\">ZDE<\/a><\/p>\n\n\n\n<p><em>(Monika Prutkayov\u00e1)<\/em><\/p>\n\n\n<div class=\"fb-like\" data-href=\"http:\/\/gkvitkovice.cz\/?p=4830\" data-width=\"\" data-layout=\"standard\" data-action=\"like\" data-size=\"small\" data-share=\"true\"><\/div>","protected":false},"excerpt":{"rendered":"<p><!-- wp:image {\"align\":\"center\",\"id\":4831,\"width\":512,\"height\":384,\"sizeSlug\":\"large\",\"linkDestination\":\"media\"} --><\/p>\n<div class=\"wp-block-image\">\n<figure class=\"aligncenter size-large is-resized\"><a href=\"http:\/\/gkvitkovice.cz\/wp-content\/uploads\/2022\/09\/IMG_20220925_105002_2.jpg\"><img loading=\"lazy\" src=\"http:\/\/gkvitkovice.cz\/wp-content\/uploads\/2022\/09\/IMG_20220925_105002_2-1024x768.jpg\" alt=\"\" class=\"wp-image-4831\" width=\"512\" height=\"384\" srcset=\"https:\/\/gkvitkovice.cz\/wp-content\/uploads\/2022\/09\/IMG_20220925_105002_2-1024x768.jpg 1024w, https:\/\/gkvitkovice.cz\/wp-content\/uploads\/2022\/09\/IMG_20220925_105002_2-300x225.jpg 300w, https:\/\/gkvitkovice.cz\/wp-content\/uploads\/2022\/09\/IMG_20220925_105002_2-768x576.jpg 768w, https:\/\/gkvitkovice.cz\/wp-content\/uploads\/2022\/09\/IMG_20220925_105002_2-1536x1152.jpg 1536w, https:\/\/gkvitkovice.cz\/wp-content\/uploads\/2022\/09\/IMG_20220925_105002_2.jpg 2000w\" sizes=\"(max-width: 512px) 100vw, 512px\" \/><\/a><\/figure>\n<\/div>\n<p><!-- \/wp:image --><\/p>\n<p><!-- wp:paragraph --><\/p>\n<p>Podzimn\u00ed sezonu jsme zah\u00e1jily velmi p\u011bkn\u00fdm z\u00e1vodem &#8222;\u0158\u00ed\u010dansk\u00e9 hv\u011bzdi\u010dky&#8220;.<\/p>\n","protected":false},"author":1,"featured_media":0,"comment_status":"closed","ping_status":"open","sticky":false,"template":"","format":"standard","meta":[],"categories":[17],"tags":[],"_links":{"self":[{"href":"https:\/\/gkvitkovice.cz\/index.php?rest_route=\/wp\/v2\/posts\/4830"}],"collection":[{"href":"https:\/\/gkvitkovice.cz\/index.php?rest_route=\/wp\/v2\/posts"}],"about":[{"href":"https:\/\/gkvitkovice.cz\/index.php?rest_route=\/wp\/v2\/types\/post"}],"author":[{"embeddable":true,"href":"https:\/\/gkvitkovice.cz\/index.php?rest_route=\/wp\/v2\/users\/1"}],"replies":[{"embeddable":true,"href":"https:\/\/gkvitkovice.cz\/index.php?rest_route=%2Fwp%2Fv2%2Fcomments&post=4830"}],"version-history":[{"count":2,"href":"https:\/\/gkvitkovice.cz\/index.php?rest_route=\/wp\/v2\/posts\/4830\/revisions"}],"predecessor-version":[{"id":4833,"href":"https:\/\/gkvitkovice.cz\/index.php?rest_route=\/wp\/v2\/posts\/4830\/revisions\/4833"}],"wp:attachment":[{"href":"https:\/\/gkvitkovice.cz\/index.php?rest_route=%2Fwp%2Fv2%2Fmedia&parent=4830"}],"wp:term":[{"taxonomy":"category","embeddable":true,"href":"https:\/\/gkvitkovice.cz\/index.php?rest_route=%2Fwp%2Fv2%2Fcategories&post=4830"},{"taxonomy":"post_tag","embeddable":true,"href":"https:\/\/gkvitkovice.cz\/index.php?rest_route=%2Fwp%2Fv2%2Ftags&post=4830"}],"curies":[{"name":"wp","href":"https:\/\/api.w.org\/{rel}","templated":true}]}}