{"id":4940,"date":"2022-10-18T20:19:02","date_gmt":"2022-10-18T20:19:02","guid":{"rendered":"http:\/\/gkvitkovice.cz\/?p=4940"},"modified":"2022-10-18T20:19:45","modified_gmt":"2022-10-18T20:19:45","slug":"prebor-mesta-ostravy-a-memorial-radovana-sellonga-2022","status":"publish","type":"post","link":"https:\/\/gkvitkovice.cz\/?p=4940","title":{"rendered":"P\u0159ebor m\u011bsta Ostravy a Memori\u00e1l Radovana \u0160ellonga 2022"},"content":{"rendered":"<div id=\"fb-root\"><\/div>\n<p><script async=\"\" defer=\"\" crossorigin=\"anonymous\" src=\"https:\/\/connect.facebook.net\/cs_CZ\/sdk.js#xfbml=1&amp;version=v15.0\" nonce=\"1zgwM7UI\"><\/script><\/p>\n\n\n<div class=\"wp-block-image\"><figure class=\"aligncenter size-large is-resized\"><a href=\"http:\/\/gkvitkovice.cz\/wp-content\/uploads\/2022\/10\/MP_04.jpg\"><img loading=\"lazy\" src=\"http:\/\/gkvitkovice.cz\/wp-content\/uploads\/2022\/10\/MP_04-1024x682.jpg\" alt=\"\" class=\"wp-image-4941\" width=\"512\" height=\"341\" srcset=\"https:\/\/gkvitkovice.cz\/wp-content\/uploads\/2022\/10\/MP_04-1024x682.jpg 1024w, https:\/\/gkvitkovice.cz\/wp-content\/uploads\/2022\/10\/MP_04-300x200.jpg 300w, https:\/\/gkvitkovice.cz\/wp-content\/uploads\/2022\/10\/MP_04-768x512.jpg 768w, https:\/\/gkvitkovice.cz\/wp-content\/uploads\/2022\/10\/MP_04-1536x1024.jpg 1536w, https:\/\/gkvitkovice.cz\/wp-content\/uploads\/2022\/10\/MP_04.jpg 2000w\" sizes=\"(max-width: 512px) 100vw, 512px\" \/><\/a><\/figure><\/div>\n\n\n<p>15. 10. 2022 prob\u011bhl M\u011bstsk\u00fd p\u0159ebor dru\u017estev \u017een a tak\u00e9 6. ro\u010dn\u00edk Memori\u00e1lu Radovana \u0160ellonga. Konal se v na\u0161\u00ed t\u011blocvi\u010dn\u011b, po\u0159adatelem byla TJ VOKD Ostrava &#8211; Poruba. V\u00edtkovick\u00fdm gymnastk\u00e1m se v\u011bt\u0161inou da\u0159ilo, gratulujeme a p\u0159ejeme jim i tren\u00e9r\u016fm hodn\u011b sil v p\u0159\u00edprav\u011b na Krajsk\u00fd p\u0159ebor, kter\u00fd je pro ligov\u00e9 sout\u011b\u017ee nomina\u010dn\u00edm z\u00e1vodem na Mistrovstv\u00ed \u010cesk\u00e9 republiky.<\/p>\n<p>D\u011bkujeme rozhod\u010d\u00edm za celodenn\u00ed rozhodov\u00e1n\u00ed.<\/p>\n<p>Fotky <a href=\"https:\/\/gkvitkovice.rajce.idnes.cz\/Mestsky_prebor_druzstev%2C_rijen_2022\/\">ZDE<\/a><\/p>\n<p>V\u00fdsledky:<\/p>\n\n\n<div class=\"wp-block-file\"><a href=\"http:\/\/gkvitkovice.cz\/wp-content\/uploads\/2022\/10\/Selong-15.10.2022..xlsx\">Selong-15.10.2022.<\/a><a href=\"http:\/\/gkvitkovice.cz\/wp-content\/uploads\/2022\/10\/Selong-15.10.2022..xlsx\" class=\"wp-block-file__button\" download>St\u00e1hnout<\/a><\/div>\n\n\n\n<div class=\"wp-block-file\"><a href=\"http:\/\/gkvitkovice.cz\/wp-content\/uploads\/2022\/10\/Prebor-mesta-Ostravy-15.10.2022.xlsx\">Prebor-mesta-Ostravy-15.10.2022<\/a><a href=\"http:\/\/gkvitkovice.cz\/wp-content\/uploads\/2022\/10\/Prebor-mesta-Ostravy-15.10.2022.xlsx\" class=\"wp-block-file__button\" download>St\u00e1hnout<\/a><\/div>\n\n\n\n<p><em>(Monika Prutkayov\u00e1)<\/em><\/p>\n\n\n<div class=\"fb-like\" data-href=\"http:\/\/gkvitkovice.cz\/?p=4940\" data-width=\"\" data-layout=\"standard\" data-action=\"like\" data-size=\"small\" data-share=\"true\"><\/div>","protected":false},"excerpt":{"rendered":"<p><!-- wp:image {\"align\":\"center\",\"id\":4941,\"width\":512,\"height\":341,\"sizeSlug\":\"large\",\"linkDestination\":\"media\"} --><\/p>\n<div class=\"wp-block-image\">\n<figure class=\"aligncenter size-large is-resized\"><a href=\"http:\/\/gkvitkovice.cz\/wp-content\/uploads\/2022\/10\/MP_04.jpg\"><img loading=\"lazy\" src=\"http:\/\/gkvitkovice.cz\/wp-content\/uploads\/2022\/10\/MP_04-1024x682.jpg\" alt=\"\" class=\"wp-image-4941\" width=\"512\" height=\"341\" srcset=\"https:\/\/gkvitkovice.cz\/wp-content\/uploads\/2022\/10\/MP_04-1024x682.jpg 1024w, https:\/\/gkvitkovice.cz\/wp-content\/uploads\/2022\/10\/MP_04-300x200.jpg 300w, https:\/\/gkvitkovice.cz\/wp-content\/uploads\/2022\/10\/MP_04-768x512.jpg 768w, https:\/\/gkvitkovice.cz\/wp-content\/uploads\/2022\/10\/MP_04-1536x1024.jpg 1536w, https:\/\/gkvitkovice.cz\/wp-content\/uploads\/2022\/10\/MP_04.jpg 2000w\" sizes=\"(max-width: 512px) 100vw, 512px\" \/><\/a><\/figure>\n<\/div>\n<p><!-- \/wp:image --><\/p>\n<p>15. 10. 2022 prob\u011bhl M\u011bstsk\u00fd p\u0159ebor dru\u017estev \u017een a tak\u00e9 6. ro\u010dn\u00edk Memori\u00e1lu Radovana \u0160ellonga.<\/p>\n","protected":false},"author":1,"featured_media":0,"comment_status":"closed","ping_status":"open","sticky":false,"template":"","format":"standard","meta":[],"categories":[17],"tags":[],"_links":{"self":[{"href":"https:\/\/gkvitkovice.cz\/index.php?rest_route=\/wp\/v2\/posts\/4940"}],"collection":[{"href":"https:\/\/gkvitkovice.cz\/index.php?rest_route=\/wp\/v2\/posts"}],"about":[{"href":"https:\/\/gkvitkovice.cz\/index.php?rest_route=\/wp\/v2\/types\/post"}],"author":[{"embeddable":true,"href":"https:\/\/gkvitkovice.cz\/index.php?rest_route=\/wp\/v2\/users\/1"}],"replies":[{"embeddable":true,"href":"https:\/\/gkvitkovice.cz\/index.php?rest_route=%2Fwp%2Fv2%2Fcomments&post=4940"}],"version-history":[{"count":2,"href":"https:\/\/gkvitkovice.cz\/index.php?rest_route=\/wp\/v2\/posts\/4940\/revisions"}],"predecessor-version":[{"id":4946,"href":"https:\/\/gkvitkovice.cz\/index.php?rest_route=\/wp\/v2\/posts\/4940\/revisions\/4946"}],"wp:attachment":[{"href":"https:\/\/gkvitkovice.cz\/index.php?rest_route=%2Fwp%2Fv2%2Fmedia&parent=4940"}],"wp:term":[{"taxonomy":"category","embeddable":true,"href":"https:\/\/gkvitkovice.cz\/index.php?rest_route=%2Fwp%2Fv2%2Fcategories&post=4940"},{"taxonomy":"post_tag","embeddable":true,"href":"https:\/\/gkvitkovice.cz\/index.php?rest_route=%2Fwp%2Fv2%2Ftags&post=4940"}],"curies":[{"name":"wp","href":"https:\/\/api.w.org\/{rel}","templated":true}]}}