{"id":4947,"date":"2022-10-18T20:30:26","date_gmt":"2022-10-18T20:30:26","guid":{"rendered":"http:\/\/gkvitkovice.cz\/?p=4947"},"modified":"2022-10-18T20:30:27","modified_gmt":"2022-10-18T20:30:27","slug":"vsechno-nejlepsi-4","status":"publish","type":"post","link":"https:\/\/gkvitkovice.cz\/?p=4947","title":{"rendered":"V\u0161echno nejlep\u0161\u00ed!"},"content":{"rendered":"\n<div class=\"wp-block-image\"><figure class=\"aligncenter size-large is-resized\"><a href=\"http:\/\/gkvitkovice.cz\/wp-content\/uploads\/2022\/10\/MP_05.jpg\"><img loading=\"lazy\" src=\"http:\/\/gkvitkovice.cz\/wp-content\/uploads\/2022\/10\/MP_05-682x1024.jpg\" alt=\"\" class=\"wp-image-4948\" width=\"341\" height=\"512\" srcset=\"https:\/\/gkvitkovice.cz\/wp-content\/uploads\/2022\/10\/MP_05-682x1024.jpg 682w, https:\/\/gkvitkovice.cz\/wp-content\/uploads\/2022\/10\/MP_05-200x300.jpg 200w, https:\/\/gkvitkovice.cz\/wp-content\/uploads\/2022\/10\/MP_05-768x1152.jpg 768w, https:\/\/gkvitkovice.cz\/wp-content\/uploads\/2022\/10\/MP_05-1024x1536.jpg 1024w, https:\/\/gkvitkovice.cz\/wp-content\/uploads\/2022\/10\/MP_05.jpg 1333w\" sizes=\"(max-width: 341px) 100vw, 341px\" \/><\/a><\/figure><\/div>\n\n\n\n<p>V leto\u0161n\u00edm roce oslavila v\u00fdznamn\u00e9 jubileum na\u0161e dlouholet\u00e1 tren\u00e9rka a mezin\u00e1rodn\u00ed rozhod\u010d\u00ed Hana Nov\u00e1kov\u00e1. <\/p>\n\n\n\n<p>P\u0159ejeme ji pevn\u00e9 zdrav\u00ed a hodn\u011b el\u00e1nu do dal\u0161\u00edch let.<\/p>\n","protected":false},"excerpt":{"rendered":"<p><!-- wp:image {\"align\":\"center\",\"id\":4948,\"width\":341,\"height\":512,\"sizeSlug\":\"large\",\"linkDestination\":\"media\"} --><\/p>\n<div class=\"wp-block-image\">\n<figure class=\"aligncenter size-large is-resized\"><a href=\"http:\/\/gkvitkovice.cz\/wp-content\/uploads\/2022\/10\/MP_05.jpg\"><img loading=\"lazy\" src=\"http:\/\/gkvitkovice.cz\/wp-content\/uploads\/2022\/10\/MP_05-682x1024.jpg\" alt=\"\" class=\"wp-image-4948\" width=\"341\" height=\"512\" srcset=\"https:\/\/gkvitkovice.cz\/wp-content\/uploads\/2022\/10\/MP_05-682x1024.jpg 682w, https:\/\/gkvitkovice.cz\/wp-content\/uploads\/2022\/10\/MP_05-200x300.jpg 200w, https:\/\/gkvitkovice.cz\/wp-content\/uploads\/2022\/10\/MP_05-768x1152.jpg 768w, https:\/\/gkvitkovice.cz\/wp-content\/uploads\/2022\/10\/MP_05-1024x1536.jpg 1024w, https:\/\/gkvitkovice.cz\/wp-content\/uploads\/2022\/10\/MP_05.jpg 1333w\" sizes=\"(max-width: 341px) 100vw, 341px\" \/><\/a><\/figure>\n<\/div>\n<p><!-- \/wp:image --><\/p>\n<p><!-- wp:paragraph --><\/p>\n<p>V leto\u0161n\u00edm roce oslavila v\u00fdznamn\u00e9 jubileum na\u0161e dlouholet\u00e1 tren\u00e9rka a mezin\u00e1rodn\u00ed rozhod\u010d\u00ed Hana Nov\u00e1kov\u00e1. <\/p>\n<p><!-- \/wp:paragraph --><\/p>\n<p><!-- wp:paragraph --><\/p>\n<p>P\u0159ejeme ji pevn\u00e9 zdrav\u00ed a hodn\u011b el\u00e1nu do dal\u0161\u00edch let.<\/p>\n<p><!-- \/wp:paragraph --><\/p>\n","protected":false},"author":1,"featured_media":0,"comment_status":"closed","ping_status":"open","sticky":false,"template":"","format":"standard","meta":[],"categories":[17],"tags":[],"_links":{"self":[{"href":"https:\/\/gkvitkovice.cz\/index.php?rest_route=\/wp\/v2\/posts\/4947"}],"collection":[{"href":"https:\/\/gkvitkovice.cz\/index.php?rest_route=\/wp\/v2\/posts"}],"about":[{"href":"https:\/\/gkvitkovice.cz\/index.php?rest_route=\/wp\/v2\/types\/post"}],"author":[{"embeddable":true,"href":"https:\/\/gkvitkovice.cz\/index.php?rest_route=\/wp\/v2\/users\/1"}],"replies":[{"embeddable":true,"href":"https:\/\/gkvitkovice.cz\/index.php?rest_route=%2Fwp%2Fv2%2Fcomments&post=4947"}],"version-history":[{"count":1,"href":"https:\/\/gkvitkovice.cz\/index.php?rest_route=\/wp\/v2\/posts\/4947\/revisions"}],"predecessor-version":[{"id":4949,"href":"https:\/\/gkvitkovice.cz\/index.php?rest_route=\/wp\/v2\/posts\/4947\/revisions\/4949"}],"wp:attachment":[{"href":"https:\/\/gkvitkovice.cz\/index.php?rest_route=%2Fwp%2Fv2%2Fmedia&parent=4947"}],"wp:term":[{"taxonomy":"category","embeddable":true,"href":"https:\/\/gkvitkovice.cz\/index.php?rest_route=%2Fwp%2Fv2%2Fcategories&post=4947"},{"taxonomy":"post_tag","embeddable":true,"href":"https:\/\/gkvitkovice.cz\/index.php?rest_route=%2Fwp%2Fv2%2Ftags&post=4947"}],"curies":[{"name":"wp","href":"https:\/\/api.w.org\/{rel}","templated":true}]}}