{"id":4986,"date":"2022-11-10T11:41:48","date_gmt":"2022-11-10T11:41:48","guid":{"rendered":"http:\/\/gkvitkovice.cz\/?p=4986"},"modified":"2022-11-10T20:37:08","modified_gmt":"2022-11-10T20:37:08","slug":"memorial-blanky-a-verunky-horakovych-2022","status":"publish","type":"post","link":"https:\/\/gkvitkovice.cz\/?p=4986","title":{"rendered":"Memori\u00e1l Blanky a Verunky Hor\u00e1kov\u00fdch 2022"},"content":{"rendered":"<div id=\"fb-root\"><\/div>\n<p><script async=\"\" defer=\"\" crossorigin=\"anonymous\" src=\"https:\/\/connect.facebook.net\/cs_CZ\/sdk.js#xfbml=1&amp;version=v15.0\" nonce=\"YwGpWpDX\"><\/script><\/p>\n\n\n<div class=\"wp-block-image\"><figure class=\"aligncenter size-large is-resized\"><a href=\"http:\/\/gkvitkovice.cz\/wp-content\/uploads\/2022\/11\/IMG-20221105-WA0003.jpg\"><img loading=\"lazy\" src=\"http:\/\/gkvitkovice.cz\/wp-content\/uploads\/2022\/11\/IMG-20221105-WA0003-1024x768.jpg\" alt=\"\" class=\"wp-image-4987\" width=\"512\" height=\"384\" srcset=\"https:\/\/gkvitkovice.cz\/wp-content\/uploads\/2022\/11\/IMG-20221105-WA0003-1024x768.jpg 1024w, https:\/\/gkvitkovice.cz\/wp-content\/uploads\/2022\/11\/IMG-20221105-WA0003-300x225.jpg 300w, https:\/\/gkvitkovice.cz\/wp-content\/uploads\/2022\/11\/IMG-20221105-WA0003-768x576.jpg 768w, https:\/\/gkvitkovice.cz\/wp-content\/uploads\/2022\/11\/IMG-20221105-WA0003-1536x1152.jpg 1536w, https:\/\/gkvitkovice.cz\/wp-content\/uploads\/2022\/11\/IMG-20221105-WA0003.jpg 2000w\" sizes=\"(max-width: 512px) 100vw, 512px\" \/><\/a><\/figure><\/div>\n\n\n\n<p>Velice r\u00e1di jsme p\u0159ijali pozv\u00e1n\u00ed TJ Loko Pardubice na ji\u017e XVIII. ro\u010dn\u00edk Memori\u00e1lu Blanky a Verunky Hor\u00e1kov\u00fdch, kter\u00fd se konal 5. 11. 2022 v Pardubic\u00edch.&nbsp;<\/p>\n\n\n\n<p><br>V kategorii ro\u010dn\u00edk\u016f 2010-2013 dle programu VS4B n\u00e1s reprezentoval trojl\u00edstek v\u00edtkovick\u00fdch d\u011bv\u010dat, a to <strong>Sof\u010da \u010cechov\u00e1<\/strong>, <strong>Val\u010da Huby\u010dov\u00e1<\/strong> a <strong>Krista \u0160krochov\u00e1<\/strong>. D\u011bv\u010dat\u016fm se z\u00e1vod, a\u017e na p\u00e1r chybi\u010dek, celkem vyda\u0159il. P\u00e1d na bradlech odsunul Kristu na 6. m\u00edsto a Sof\u010da se nevyhnula p\u00e1du z kladiny, obsadila 8. m\u00edsto. Val\u010di se poda\u0159ila zacvi\u010dit tentokr\u00e1t kladina bez p\u00e1du, ale zaznamenala p\u0159eru\u0161en\u00ed v sestav\u00e1ch a p\u00e1r v\u011bt\u0161\u00edch chyb a nakonec obsadila 11. m\u00edsto.<\/p>\n\n\n\n<p><br>V kategorii nejmlad\u0161\u00edch z\u00e1vodnic (2014-2015) jsme m\u011bli dvoj\u00ed zastoupen\u00ed, a to <strong>Lili Suchou<\/strong>, kter\u00e1 si p\u011bkn\u00fdm cvi\u010den\u00edm na v\u0161ech t\u0159ech n\u00e1\u0159ad\u00edch vybojovala zlatou medaili a takt\u00e9\u017e <strong>Elka \u0160ilerov\u00e1<\/strong> p\u0159edvedla sv\u00e9 sestavy velice p\u011bkn\u011b a obsadila st\u0159\u00edbrnou p\u0159\u00ed\u010dku.<\/p>\n\n\n\n<p><br>V kategorii ro\u010dn\u00edk\u016f 2010-2014 dle programu Linie C se p\u0159edstavily \u010dty\u0159i na\u0161e gymnastky. Nejl\u00e9pe se tentokr\u00e1t vedlo <strong>Lili Mlyn\u00e1\u0159ov\u00e9<\/strong>, kter\u00e1 p\u0159edvedla \u010dist\u00e9 sestavy na v\u0161ech n\u00e1\u0159ad\u00edch a zajistila si prvenstv\u00ed v kategorii, druh\u00e9 m\u00edsto obsadila <strong>El\u010da Kantorov\u00e1<\/strong>, kter\u00e1 tak\u00e9 zacvi\u010dila bez v\u011bt\u0161\u00edch zav\u00e1h\u00e1n\u00ed. <strong>S\u00e1ra K\u0159i\u017eo\u0161\u010dakov\u00e1<\/strong> 4. m\u00edsto a <strong>Zoe Laura Kol\u00e1\u0159ov\u00e1<\/strong> 5. m\u00edsto, bohu\u017eel ob\u011b zaznamenaly p\u00e1d.<\/p>\n\n\n\n<p><br>D\u011bkujeme z\u00fa\u010dastn\u011bn\u00fdm tren\u00e9rk\u00e1m i rozhod\u010d\u00edm.&nbsp;<\/p>\n\n\n\n<p>Fotky <a rel=\"noreferrer noopener\" href=\"https:\/\/gkvitkovice.rajce.idnes.cz\/XVIII._Memorial_Blanky_a_Verunky_Horakovych%2C_Pardubice_5.11.2022\/\" target=\"_blank\">ZDE<\/a><\/p>\n\n\n\n<p>V\u00fdsledky: <\/p>\n\n\n\n<div class=\"wp-block-file\"><a href=\"http:\/\/gkvitkovice.cz\/wp-content\/uploads\/2022\/11\/Vysledky_Pardubice_2022.xlsx\">Vysledky_Pardubice_2022<\/a><a href=\"http:\/\/gkvitkovice.cz\/wp-content\/uploads\/2022\/11\/Vysledky_Pardubice_2022.xlsx\" class=\"wp-block-file__button\" download>St\u00e1hnout<\/a><\/div>\n\n\n\n<p><em>(Monika Prutkayov\u00e1)<\/em><\/p>\n\n\n<div class=\"fb-like\" data-href=\"http:\/\/gkvitkovice.cz\/?p=4986\" data-width=\"\" data-layout=\"standard\" data-action=\"like\" data-size=\"small\" data-share=\"true\"><\/div>","protected":false},"excerpt":{"rendered":"<p><!-- wp:image {\"align\":\"center\",\"id\":4987,\"width\":512,\"height\":384,\"sizeSlug\":\"large\",\"linkDestination\":\"media\"} --><\/p>\n<div class=\"wp-block-image\">\n<figure class=\"aligncenter size-large is-resized\"><a href=\"http:\/\/gkvitkovice.cz\/wp-content\/uploads\/2022\/11\/IMG-20221105-WA0003.jpg\"><img loading=\"lazy\" src=\"http:\/\/gkvitkovice.cz\/wp-content\/uploads\/2022\/11\/IMG-20221105-WA0003-1024x768.jpg\" alt=\"\" class=\"wp-image-4987\" width=\"512\" height=\"384\" srcset=\"https:\/\/gkvitkovice.cz\/wp-content\/uploads\/2022\/11\/IMG-20221105-WA0003-1024x768.jpg 1024w, https:\/\/gkvitkovice.cz\/wp-content\/uploads\/2022\/11\/IMG-20221105-WA0003-300x225.jpg 300w, https:\/\/gkvitkovice.cz\/wp-content\/uploads\/2022\/11\/IMG-20221105-WA0003-768x576.jpg 768w, https:\/\/gkvitkovice.cz\/wp-content\/uploads\/2022\/11\/IMG-20221105-WA0003-1536x1152.jpg 1536w, https:\/\/gkvitkovice.cz\/wp-content\/uploads\/2022\/11\/IMG-20221105-WA0003.jpg 2000w\" sizes=\"(max-width: 512px) 100vw, 512px\" \/><\/a><\/figure>\n<\/div>\n<p><!-- \/wp:image --><\/p>\n<p><!-- wp:paragraph --><\/p>\n<p>Velice r\u00e1di jsme p\u0159ijali pozv\u00e1n\u00ed TJ Loko Pardubice na ji\u017e XVIII. ro\u010dn\u00edk Memori\u00e1lu Blanky a Verunky Hor\u00e1kov\u00fdch, kter\u00fd se konal 5. 11. 2022 v Pardubic\u00edch.\u00a0<\/p>\n<p><!-- \/wp:paragraph --><\/p>\n","protected":false},"author":1,"featured_media":0,"comment_status":"closed","ping_status":"open","sticky":false,"template":"","format":"standard","meta":[],"categories":[17],"tags":[],"_links":{"self":[{"href":"https:\/\/gkvitkovice.cz\/index.php?rest_route=\/wp\/v2\/posts\/4986"}],"collection":[{"href":"https:\/\/gkvitkovice.cz\/index.php?rest_route=\/wp\/v2\/posts"}],"about":[{"href":"https:\/\/gkvitkovice.cz\/index.php?rest_route=\/wp\/v2\/types\/post"}],"author":[{"embeddable":true,"href":"https:\/\/gkvitkovice.cz\/index.php?rest_route=\/wp\/v2\/users\/1"}],"replies":[{"embeddable":true,"href":"https:\/\/gkvitkovice.cz\/index.php?rest_route=%2Fwp%2Fv2%2Fcomments&post=4986"}],"version-history":[{"count":3,"href":"https:\/\/gkvitkovice.cz\/index.php?rest_route=\/wp\/v2\/posts\/4986\/revisions"}],"predecessor-version":[{"id":4992,"href":"https:\/\/gkvitkovice.cz\/index.php?rest_route=\/wp\/v2\/posts\/4986\/revisions\/4992"}],"wp:attachment":[{"href":"https:\/\/gkvitkovice.cz\/index.php?rest_route=%2Fwp%2Fv2%2Fmedia&parent=4986"}],"wp:term":[{"taxonomy":"category","embeddable":true,"href":"https:\/\/gkvitkovice.cz\/index.php?rest_route=%2Fwp%2Fv2%2Fcategories&post=4986"},{"taxonomy":"post_tag","embeddable":true,"href":"https:\/\/gkvitkovice.cz\/index.php?rest_route=%2Fwp%2Fv2%2Ftags&post=4986"}],"curies":[{"name":"wp","href":"https:\/\/api.w.org\/{rel}","templated":true}]}}