{"id":5008,"date":"2022-11-20T19:13:31","date_gmt":"2022-11-20T19:13:31","guid":{"rendered":"http:\/\/gkvitkovice.cz\/?p=5008"},"modified":"2022-11-20T19:14:08","modified_gmt":"2022-11-20T19:14:08","slug":"prebor-moravskoslezskeho-kraje-2022-2","status":"publish","type":"post","link":"https:\/\/gkvitkovice.cz\/?p=5008","title":{"rendered":"P\u0159ebor Moravskoslezsk\u00e9ho kraje 2022"},"content":{"rendered":"<div id=\"fb-root\"><\/div>\n<p><script async=\"\" defer=\"\" crossorigin=\"anonymous\" src=\"https:\/\/connect.facebook.net\/cs_CZ\/sdk.js#xfbml=1&amp;version=v15.0\" nonce=\"6pQQEkCE\"><\/script><\/p>\n\n\n<div class=\"wp-block-image\"><figure class=\"aligncenter size-large is-resized\"><a href=\"http:\/\/gkvitkovice.cz\/wp-content\/uploads\/2022\/11\/315774050_481541087290850_769416728857989527_n.jpg\"><img loading=\"lazy\" src=\"http:\/\/gkvitkovice.cz\/wp-content\/uploads\/2022\/11\/315774050_481541087290850_769416728857989527_n-1024x768.jpg\" alt=\"\" class=\"wp-image-5009\" width=\"512\" height=\"384\" srcset=\"https:\/\/gkvitkovice.cz\/wp-content\/uploads\/2022\/11\/315774050_481541087290850_769416728857989527_n-1024x768.jpg 1024w, https:\/\/gkvitkovice.cz\/wp-content\/uploads\/2022\/11\/315774050_481541087290850_769416728857989527_n-300x225.jpg 300w, https:\/\/gkvitkovice.cz\/wp-content\/uploads\/2022\/11\/315774050_481541087290850_769416728857989527_n-768x576.jpg 768w, https:\/\/gkvitkovice.cz\/wp-content\/uploads\/2022\/11\/315774050_481541087290850_769416728857989527_n.jpg 1080w\" sizes=\"(max-width: 512px) 100vw, 512px\" \/><\/a><\/figure><\/div>\n\n\n\n<p>Na den 17. listopadu p\u0159ipad\u00e1 st\u00e1tn\u00ed sv\u00e1tek &#8211; Den boje studenstva za svobodu a demokracii a na\u0161i tren\u00e9\u0159i se sv\u00fdmi sv\u011b\u0159enkyn\u011bmi oslavili tento sv\u00e1tek, jak jinak, ne\u017e sportovn\u011b. Z\u00fa\u010dastnili jsme se Krajsk\u00e9ho p\u0159eboru dru\u017estev a n\u011bkter\u00e1 d\u011bv\u010data z\u00e1vodu jednotlivc\u016f. Byl to den opravdu \u00fasp\u011b\u0161n\u00fd a ve v\u0161ech kategori\u00edch dru\u017estev jsme z\u00edskali n\u011bkterou ze t\u0159\u00ed z cenn\u00fdch kov\u016f.<\/p>\n\n\n\n<p>Gratulujeme d\u011bv\u010dat\u016fm, tren\u00e9r\u016fm d\u011bkujeme za vzornou p\u0159\u00edpravu a v neposledn\u00ed \u0159ad\u011b pat\u0159\u00ed pod\u011bkov\u00e1n\u00ed v\u0161em rozhod\u010d\u00edm.<\/p>\n\n\n\n<p>Fotky <a href=\"https:\/\/gkvitkovice.rajce.idnes.cz\/Krajsky_prebor,_17.11.2022\" target=\"_blank\" rel=\"noreferrer noopener\">ZDE<\/a><\/p>\n\n\n\n<p>V\u00fdsledky <a href=\"https:\/\/www.gymfed.cz\/vysledky\/detail\/2617\" target=\"_blank\" rel=\"noreferrer noopener\">ZDE<\/a><\/p>\n\n\n\n<p><em>(Monika Prutkayov\u00e1)<\/em><\/p>\n\n\n<div class=\"fb-like\" data-href=\"http:\/\/gkvitkovice.cz\/?p=5008\" data-width=\"\" data-layout=\"standard\" data-action=\"like\" data-size=\"small\" data-share=\"true\"><\/div>","protected":false},"excerpt":{"rendered":"<p><!-- wp:image {\"align\":\"center\",\"id\":5009,\"width\":512,\"height\":384,\"sizeSlug\":\"large\",\"linkDestination\":\"media\"} --><\/p>\n<div class=\"wp-block-image\">\n<figure class=\"aligncenter size-large is-resized\"><a href=\"http:\/\/gkvitkovice.cz\/wp-content\/uploads\/2022\/11\/315774050_481541087290850_769416728857989527_n.jpg\"><img loading=\"lazy\" src=\"http:\/\/gkvitkovice.cz\/wp-content\/uploads\/2022\/11\/315774050_481541087290850_769416728857989527_n-1024x768.jpg\" alt=\"\" class=\"wp-image-5009\" width=\"512\" height=\"384\" srcset=\"https:\/\/gkvitkovice.cz\/wp-content\/uploads\/2022\/11\/315774050_481541087290850_769416728857989527_n-1024x768.jpg 1024w, https:\/\/gkvitkovice.cz\/wp-content\/uploads\/2022\/11\/315774050_481541087290850_769416728857989527_n-300x225.jpg 300w, https:\/\/gkvitkovice.cz\/wp-content\/uploads\/2022\/11\/315774050_481541087290850_769416728857989527_n-768x576.jpg 768w, https:\/\/gkvitkovice.cz\/wp-content\/uploads\/2022\/11\/315774050_481541087290850_769416728857989527_n.jpg 1080w\" sizes=\"(max-width: 512px) 100vw, 512px\" \/><\/a><\/figure>\n<\/div>\n<p><!-- \/wp:image --><\/p>\n<p><!-- wp:paragraph --><\/p>\n<p>Na den 17. listopadu p\u0159ipad\u00e1 st\u00e1tn\u00ed sv\u00e1tek &#8211; Den boje studenstva za svobodu a demokracii a na\u0161i tren\u00e9\u0159i se sv\u00fdmi sv\u011b\u0159enkyn\u011bmi oslavili tento sv\u00e1tek, jak jinak, ne\u017e sportovn\u011b. <\/p>\n","protected":false},"author":1,"featured_media":0,"comment_status":"closed","ping_status":"open","sticky":false,"template":"","format":"standard","meta":[],"categories":[17],"tags":[],"_links":{"self":[{"href":"https:\/\/gkvitkovice.cz\/index.php?rest_route=\/wp\/v2\/posts\/5008"}],"collection":[{"href":"https:\/\/gkvitkovice.cz\/index.php?rest_route=\/wp\/v2\/posts"}],"about":[{"href":"https:\/\/gkvitkovice.cz\/index.php?rest_route=\/wp\/v2\/types\/post"}],"author":[{"embeddable":true,"href":"https:\/\/gkvitkovice.cz\/index.php?rest_route=\/wp\/v2\/users\/1"}],"replies":[{"embeddable":true,"href":"https:\/\/gkvitkovice.cz\/index.php?rest_route=%2Fwp%2Fv2%2Fcomments&post=5008"}],"version-history":[{"count":2,"href":"https:\/\/gkvitkovice.cz\/index.php?rest_route=\/wp\/v2\/posts\/5008\/revisions"}],"predecessor-version":[{"id":5011,"href":"https:\/\/gkvitkovice.cz\/index.php?rest_route=\/wp\/v2\/posts\/5008\/revisions\/5011"}],"wp:attachment":[{"href":"https:\/\/gkvitkovice.cz\/index.php?rest_route=%2Fwp%2Fv2%2Fmedia&parent=5008"}],"wp:term":[{"taxonomy":"category","embeddable":true,"href":"https:\/\/gkvitkovice.cz\/index.php?rest_route=%2Fwp%2Fv2%2Fcategories&post=5008"},{"taxonomy":"post_tag","embeddable":true,"href":"https:\/\/gkvitkovice.cz\/index.php?rest_route=%2Fwp%2Fv2%2Ftags&post=5008"}],"curies":[{"name":"wp","href":"https:\/\/api.w.org\/{rel}","templated":true}]}}