{"id":5027,"date":"2022-11-30T22:56:11","date_gmt":"2022-11-30T22:56:11","guid":{"rendered":"http:\/\/gkvitkovice.cz\/?p=5027"},"modified":"2022-11-30T22:57:15","modified_gmt":"2022-11-30T22:57:15","slug":"memorial-very-medove-2022","status":"publish","type":"post","link":"https:\/\/gkvitkovice.cz\/?p=5027","title":{"rendered":"Memori\u00e1l V\u011bry Medov\u00e9 2022"},"content":{"rendered":"<div id=\"fb-root\"><\/div>\n<p><script async=\"\" defer=\"\" crossorigin=\"anonymous\" src=\"https:\/\/connect.facebook.net\/cs_CZ\/sdk.js#xfbml=1&amp;version=v15.0\" nonce=\"pJcqssvZ\"><\/script><\/p>\n\n\n<div class=\"wp-block-image\"><figure class=\"aligncenter size-large is-resized\"><a href=\"http:\/\/gkvitkovice.cz\/wp-content\/uploads\/2022\/11\/IMG_20221127_123657.jpg\"><img loading=\"lazy\" src=\"http:\/\/gkvitkovice.cz\/wp-content\/uploads\/2022\/11\/IMG_20221127_123657-1024x769.jpg\" alt=\"\" class=\"wp-image-5030\" width=\"512\" height=\"385\" srcset=\"https:\/\/gkvitkovice.cz\/wp-content\/uploads\/2022\/11\/IMG_20221127_123657-1024x769.jpg 1024w, https:\/\/gkvitkovice.cz\/wp-content\/uploads\/2022\/11\/IMG_20221127_123657-300x225.jpg 300w, https:\/\/gkvitkovice.cz\/wp-content\/uploads\/2022\/11\/IMG_20221127_123657-768x577.jpg 768w, https:\/\/gkvitkovice.cz\/wp-content\/uploads\/2022\/11\/IMG_20221127_123657-1536x1154.jpg 1536w, https:\/\/gkvitkovice.cz\/wp-content\/uploads\/2022\/11\/IMG_20221127_123657.jpg 2000w\" sizes=\"(max-width: 512px) 100vw, 512px\" \/><\/a><\/figure><\/div>\n\n\n<p>Na prvn\u00ed adventn\u00ed ned\u011bli jsme se z\u00fa\u010dastnily obl\u00edben\u00e9ho z\u00e1vodu v Praze, Memori\u00e1lu V\u011bry Medov\u00e9. V\u011bt\u0161ina z d\u011bv\u010dat se v sobotu stihla pod\u00edvat na rozsv\u00edcen\u00ed v\u00e1no\u010dn\u00edho strome\u010dku na Starom\u011bstsk\u00e9m n\u00e1m\u011bst\u00ed a nas\u00e1t p\u0159edv\u00e1no\u010dn\u00ed atmosf\u00e9ru.<\/p>\n<p>Nejstar\u0161\u00edmi z\u00e1vodnicemi byly ro\u010dn\u00edky 2012-13, kter\u00e9 se p\u0159edstavily jako prvn\u00ed. Nejl\u00e9pe se vedlo <strong>Frederce Prutkayov\u00e9<\/strong>, kter\u00e1 vyhr\u00e1la z\u00e1vod t\u00e9to kategorie, na 4. m\u00edst\u011b se um\u00edstila <strong>Lili Mlyn\u00e1\u0159ov\u00e1<\/strong>, 5. m\u00edst\u011b <strong>Zoe Laura Kol\u00e1\u0159ov\u00e1<\/strong> a na 18. m\u00edst\u011b <strong>S\u00e1ra K\u0159i\u017eo\u0161\u010dakov\u00e1<\/strong>. Celkem startovalo 50 z\u00e1vodnic.<\/p>\n<p>Dal\u0161\u00ed startuj\u00edc\u00ed kategori\u00ed byly d\u011bv\u010data ro\u010dn\u00edk\u016f 2014-15, zde se da\u0159ilo nejl\u00e9pe <strong>Ani\u010dce Ulehlov\u00e9<\/strong>, kter\u00e1 si odvezla bronzovou medaili. V prvn\u00ed des\u00edtce se um\u00edstily 6. <strong>Elka \u0160ilerov\u00e1<\/strong>, 8. <strong>Lili Such\u00e1<\/strong> a 9. m\u00edsto <strong>Ver\u010da Bolibruchov\u00e1<\/strong>. Na 13. m\u00edst\u011b <strong>Agi Klosov\u00e1<\/strong>, 14. m\u00edsto <strong>Mia Kova\u0159\u010d\u00edkov\u00e1<\/strong>, 22. m\u00edsto <strong>Naty Mat\u00fa\u0161ov\u00e1<\/strong>. Celkem startovalo 62 d\u011bv\u010dat.<\/p>\n<p>Posledn\u00ed kategori\u00ed byla d\u011bv\u010d\u00e1tka ro\u010dn\u00edk\u016f 2016 &#8211; 2017. <strong>Terezka Prouzov\u00e1<\/strong> byla jedinou na\u0161\u00ed z\u00e1stupkyn\u00ed v t\u00e9to kategorii. P\u011bkn\u00fdm cvi\u010den\u00edm se j\u00ed poda\u0159ilo z\u00edskat zlatou medaili. Celkem startovalo 51 d\u011bv\u010dat.<\/p>\n<p>Zaj\u00edmav\u00fdm z\u00e1vodem je z\u00e1vod dru\u017estev, kde se z ka\u017ed\u00e9 kategorie po\u010d\u00edt\u00e1 pouze jedna z\u00e1vodnice z klubu s nejvy\u0161\u0161\u00edm ohodnocen\u00edm. Tyto t\u0159i v\u00fdsledn\u00e9 zn\u00e1mky se se\u010dtou a tvo\u0159\u00ed v\u00fdslednou zn\u00e1mku dru\u017estva. Tak\u00e9 v z\u00e1vod\u011b dru\u017estev se d\u011bv\u010dat\u016fm poda\u0159ilo z\u00edskat 1. m\u00edsto ve slo\u017een\u00ed Frederka Prutkayov\u00e1, Ani\u010dka Ulehlov\u00e1 a Terezka Prouzov\u00e1.<\/p>\n<p>Vlo\u017een\u00fdm z\u00e1vodem byla Cena Alenky Z\u00e1mostn\u00e9 na kladin\u011b jen pro kategorii nejstar\u0161\u00edch d\u011bv\u010dat. Tato cena se ud\u011bluje pouze gymnastce s nejvy\u0161\u0161\u00ed zn\u00e1mkou na kladin\u011b, a tou byla z\u00e1vodnice z TJ Sokol Kampa, Vl\u00e1\u010dilov\u00e1 Laura. Ale ani na\u0161e d\u011bv\u010data se neztratila: Kol\u00e1\u0159ov\u00e1 Zoe Laura 3. nejvy\u0161\u0161\u00ed zn\u00e1mka, 4. K\u0159i\u017eo\u0161\u010dakov\u00e1 S\u00e1ra, 5. Mlyn\u00e1\u0159ov\u00e1 Lili, 11. Prutkayov\u00e1 Frederka.<\/p>\n<p>Gratulujeme!<\/p>\n<p>Fotky <a href=\"https:\/\/gkvitkovice.rajce.idnes.cz\/Memorial_V._Medove%2C_Praha_28.12.2022\/\">ZDE<\/a><\/p>\n<p>V\u00fdsledky <a href=\"https:\/\/www.gymfed.cz\/vysledky\/detail\/2585\">ZDE<\/a><\/p>\n\n\n<div class=\"wp-block-file\"><a href=\"http:\/\/gkvitkovice.cz\/wp-content\/uploads\/2022\/11\/Druzstva_med_22.pdf\">Druzstva_med_22<\/a><a href=\"http:\/\/gkvitkovice.cz\/wp-content\/uploads\/2022\/11\/Druzstva_med_22.pdf\" class=\"wp-block-file__button\" download>St\u00e1hnout<\/a><\/div>\n\n\n\n<div class=\"wp-block-file\"><a href=\"http:\/\/gkvitkovice.cz\/wp-content\/uploads\/2022\/11\/Cena_Alenky_Zamostne.pdf\">Cena_Alenky_Zamostne<\/a><a href=\"http:\/\/gkvitkovice.cz\/wp-content\/uploads\/2022\/11\/Cena_Alenky_Zamostne.pdf\" class=\"wp-block-file__button\" download>St\u00e1hnout<\/a><\/div>\n\n\n\n<p><em>(Monika Prutkayov\u00e1)<\/em><\/p>\n\n\n<div class=\"fb-like\" data-href=\"http:\/\/gkvitkovice.cz\/?p=5027\" data-width=\"\" data-layout=\"standard\" data-action=\"like\" data-size=\"small\" data-share=\"true\"><\/div>","protected":false},"excerpt":{"rendered":"<p><!-- wp:image {\"align\":\"center\",\"id\":5030,\"width\":512,\"height\":385,\"sizeSlug\":\"large\",\"linkDestination\":\"media\"} --><\/p>\n<div class=\"wp-block-image\">\n<figure class=\"aligncenter size-large is-resized\"><a href=\"http:\/\/gkvitkovice.cz\/wp-content\/uploads\/2022\/11\/IMG_20221127_123657.jpg\"><img loading=\"lazy\" src=\"http:\/\/gkvitkovice.cz\/wp-content\/uploads\/2022\/11\/IMG_20221127_123657-1024x769.jpg\" alt=\"\" class=\"wp-image-5030\" width=\"512\" height=\"385\" srcset=\"https:\/\/gkvitkovice.cz\/wp-content\/uploads\/2022\/11\/IMG_20221127_123657-1024x769.jpg 1024w, https:\/\/gkvitkovice.cz\/wp-content\/uploads\/2022\/11\/IMG_20221127_123657-300x225.jpg 300w, https:\/\/gkvitkovice.cz\/wp-content\/uploads\/2022\/11\/IMG_20221127_123657-768x577.jpg 768w, https:\/\/gkvitkovice.cz\/wp-content\/uploads\/2022\/11\/IMG_20221127_123657-1536x1154.jpg 1536w, https:\/\/gkvitkovice.cz\/wp-content\/uploads\/2022\/11\/IMG_20221127_123657.jpg 2000w\" sizes=\"(max-width: 512px) 100vw, 512px\" \/><\/a><\/figure>\n<\/div>\n<p><!-- \/wp:image --><\/p>\n<p>Na prvn\u00ed adventn\u00ed ned\u011bli jsme se z\u00fa\u010dastnily obl\u00edben\u00e9ho z\u00e1vodu v Praze, Memori\u00e1lu V\u011bry Medov\u00e9.<\/p>\n","protected":false},"author":1,"featured_media":0,"comment_status":"closed","ping_status":"open","sticky":false,"template":"","format":"standard","meta":[],"categories":[17],"tags":[],"_links":{"self":[{"href":"https:\/\/gkvitkovice.cz\/index.php?rest_route=\/wp\/v2\/posts\/5027"}],"collection":[{"href":"https:\/\/gkvitkovice.cz\/index.php?rest_route=\/wp\/v2\/posts"}],"about":[{"href":"https:\/\/gkvitkovice.cz\/index.php?rest_route=\/wp\/v2\/types\/post"}],"author":[{"embeddable":true,"href":"https:\/\/gkvitkovice.cz\/index.php?rest_route=\/wp\/v2\/users\/1"}],"replies":[{"embeddable":true,"href":"https:\/\/gkvitkovice.cz\/index.php?rest_route=%2Fwp%2Fv2%2Fcomments&post=5027"}],"version-history":[{"count":2,"href":"https:\/\/gkvitkovice.cz\/index.php?rest_route=\/wp\/v2\/posts\/5027\/revisions"}],"predecessor-version":[{"id":5032,"href":"https:\/\/gkvitkovice.cz\/index.php?rest_route=\/wp\/v2\/posts\/5027\/revisions\/5032"}],"wp:attachment":[{"href":"https:\/\/gkvitkovice.cz\/index.php?rest_route=%2Fwp%2Fv2%2Fmedia&parent=5027"}],"wp:term":[{"taxonomy":"category","embeddable":true,"href":"https:\/\/gkvitkovice.cz\/index.php?rest_route=%2Fwp%2Fv2%2Fcategories&post=5027"},{"taxonomy":"post_tag","embeddable":true,"href":"https:\/\/gkvitkovice.cz\/index.php?rest_route=%2Fwp%2Fv2%2Ftags&post=5027"}],"curies":[{"name":"wp","href":"https:\/\/api.w.org\/{rel}","templated":true}]}}