{"id":5044,"date":"2022-12-10T21:10:30","date_gmt":"2022-12-10T21:10:30","guid":{"rendered":"http:\/\/gkvitkovice.cz\/?p=5044"},"modified":"2022-12-10T21:11:21","modified_gmt":"2022-12-10T21:11:21","slug":"mikulas-andel-a-cert-2022","status":"publish","type":"post","link":"https:\/\/gkvitkovice.cz\/?p=5044","title":{"rendered":"Mikul\u00e1\u0161, and\u011bl a \u010dert 2022"},"content":{"rendered":"<div id=\"fb-root\"><\/div>\n<p><script async=\"\" defer=\"\" crossorigin=\"anonymous\" src=\"https:\/\/connect.facebook.net\/cs_CZ\/sdk.js#xfbml=1&amp;version=v15.0\" nonce=\"D1rfeONV\"><\/script><\/p>\n\n\n<div class=\"wp-block-image\"><figure class=\"aligncenter size-large is-resized\"><a href=\"http:\/\/gkvitkovice.cz\/wp-content\/uploads\/2022\/12\/WhatsApp-Image-2022-12-10-at-21.50.55.jpeg\"><img loading=\"lazy\" src=\"http:\/\/gkvitkovice.cz\/wp-content\/uploads\/2022\/12\/WhatsApp-Image-2022-12-10-at-21.50.55-1024x485.jpeg\" alt=\"\" class=\"wp-image-5045\" width=\"512\" height=\"243\" srcset=\"https:\/\/gkvitkovice.cz\/wp-content\/uploads\/2022\/12\/WhatsApp-Image-2022-12-10-at-21.50.55-1024x485.jpeg 1024w, https:\/\/gkvitkovice.cz\/wp-content\/uploads\/2022\/12\/WhatsApp-Image-2022-12-10-at-21.50.55-300x142.jpeg 300w, https:\/\/gkvitkovice.cz\/wp-content\/uploads\/2022\/12\/WhatsApp-Image-2022-12-10-at-21.50.55-768x363.jpeg 768w, https:\/\/gkvitkovice.cz\/wp-content\/uploads\/2022\/12\/WhatsApp-Image-2022-12-10-at-21.50.55-1536x727.jpeg 1536w, https:\/\/gkvitkovice.cz\/wp-content\/uploads\/2022\/12\/WhatsApp-Image-2022-12-10-at-21.50.55.jpeg 2016w\" sizes=\"(max-width: 512px) 100vw, 512px\" \/><\/a><\/figure><\/div>\n\n\n<p>I v leto\u0161n\u00edm roce nav\u0161t\u00edvil na\u0161i t\u011blocvi\u010dnu Mikul\u00e1\u0161 se svoj\u00ed dru\u017einou. Tentokr\u00e1t \u010detl z knihy h\u0159\u00edch\u016f a pos\u00edlal zlobivce s \u010dertem do pekla, aby se pod\u00edvali, kde skon\u010d\u00ed, pokud se nepolep\u0161\u00ed. V\u0161echny d\u011bti, v\u010detn\u011b navr\u00e1tilc\u016f z pekla, pak p\u0159edvedly Mikul\u00e1\u0161i n\u011bco ze sv\u00e9ho gymnastick\u00e9ho um\u011bn\u00ed a And\u011bl je odm\u011bnil malou v\u00fdslu\u017ekou.<\/p>\n<p>Fotky a videa <a href=\"https:\/\/gkvitkovice.rajce.idnes.cz\/Mikulas%2C_andel_a_cert_12_2022\/\">ZDE<\/a><\/p>\n<p><em>(Sv\u011btlana Grmelov\u00e1)<\/em><\/p>\n<div class=\"fb-like\" data-href=\"http:\/\/gkvitkovice.cz\/?p=5044\" data-width=\"\" data-layout=\"standard\" data-action=\"like\" data-size=\"small\" data-share=\"true\"><\/div>","protected":false},"excerpt":{"rendered":"<p><!-- wp:image {\"align\":\"center\",\"id\":5045,\"width\":512,\"height\":243,\"sizeSlug\":\"large\",\"linkDestination\":\"media\"} --><\/p>\n<div class=\"wp-block-image\">\n<figure class=\"aligncenter size-large is-resized\"><a href=\"http:\/\/gkvitkovice.cz\/wp-content\/uploads\/2022\/12\/WhatsApp-Image-2022-12-10-at-21.50.55.jpeg\"><img loading=\"lazy\" src=\"http:\/\/gkvitkovice.cz\/wp-content\/uploads\/2022\/12\/WhatsApp-Image-2022-12-10-at-21.50.55-1024x485.jpeg\" alt=\"\" class=\"wp-image-5045\" width=\"512\" height=\"243\" srcset=\"https:\/\/gkvitkovice.cz\/wp-content\/uploads\/2022\/12\/WhatsApp-Image-2022-12-10-at-21.50.55-1024x485.jpeg 1024w, https:\/\/gkvitkovice.cz\/wp-content\/uploads\/2022\/12\/WhatsApp-Image-2022-12-10-at-21.50.55-300x142.jpeg 300w, https:\/\/gkvitkovice.cz\/wp-content\/uploads\/2022\/12\/WhatsApp-Image-2022-12-10-at-21.50.55-768x363.jpeg 768w, https:\/\/gkvitkovice.cz\/wp-content\/uploads\/2022\/12\/WhatsApp-Image-2022-12-10-at-21.50.55-1536x727.jpeg 1536w, https:\/\/gkvitkovice.cz\/wp-content\/uploads\/2022\/12\/WhatsApp-Image-2022-12-10-at-21.50.55.jpeg 2016w\" sizes=\"(max-width: 512px) 100vw, 512px\" \/><\/a><\/figure>\n<\/div>\n<p><!-- \/wp:image --><\/p>\n<p>I v leto\u0161n\u00edm roce nav\u0161t\u00edvil na\u0161i t\u011blocvi\u010dnu Mikul\u00e1\u0161 se svoj\u00ed dru\u017einou. <\/p>\n","protected":false},"author":1,"featured_media":0,"comment_status":"closed","ping_status":"open","sticky":false,"template":"","format":"standard","meta":[],"categories":[17],"tags":[],"_links":{"self":[{"href":"https:\/\/gkvitkovice.cz\/index.php?rest_route=\/wp\/v2\/posts\/5044"}],"collection":[{"href":"https:\/\/gkvitkovice.cz\/index.php?rest_route=\/wp\/v2\/posts"}],"about":[{"href":"https:\/\/gkvitkovice.cz\/index.php?rest_route=\/wp\/v2\/types\/post"}],"author":[{"embeddable":true,"href":"https:\/\/gkvitkovice.cz\/index.php?rest_route=\/wp\/v2\/users\/1"}],"replies":[{"embeddable":true,"href":"https:\/\/gkvitkovice.cz\/index.php?rest_route=%2Fwp%2Fv2%2Fcomments&post=5044"}],"version-history":[{"count":2,"href":"https:\/\/gkvitkovice.cz\/index.php?rest_route=\/wp\/v2\/posts\/5044\/revisions"}],"predecessor-version":[{"id":5047,"href":"https:\/\/gkvitkovice.cz\/index.php?rest_route=\/wp\/v2\/posts\/5044\/revisions\/5047"}],"wp:attachment":[{"href":"https:\/\/gkvitkovice.cz\/index.php?rest_route=%2Fwp%2Fv2%2Fmedia&parent=5044"}],"wp:term":[{"taxonomy":"category","embeddable":true,"href":"https:\/\/gkvitkovice.cz\/index.php?rest_route=%2Fwp%2Fv2%2Fcategories&post=5044"},{"taxonomy":"post_tag","embeddable":true,"href":"https:\/\/gkvitkovice.cz\/index.php?rest_route=%2Fwp%2Fv2%2Ftags&post=5044"}],"curies":[{"name":"wp","href":"https:\/\/api.w.org\/{rel}","templated":true}]}}