{"id":5048,"date":"2022-12-10T21:18:29","date_gmt":"2022-12-10T21:18:29","guid":{"rendered":"http:\/\/gkvitkovice.cz\/?p=5048"},"modified":"2022-12-10T21:18:53","modified_gmt":"2022-12-10T21:18:53","slug":"mcr-druzstev-zen-2022","status":"publish","type":"post","link":"https:\/\/gkvitkovice.cz\/?p=5048","title":{"rendered":"M\u010cR dru\u017estev \u017een 2022"},"content":{"rendered":"<div id=\"fb-root\"><\/div>\n<p><script async=\"\" defer=\"\" crossorigin=\"anonymous\" src=\"https:\/\/connect.facebook.net\/cs_CZ\/sdk.js#xfbml=1&amp;version=v15.0\" nonce=\"8vYOHXCr\"><\/script><\/p>\n\n\n<div class=\"wp-block-image\"><figure class=\"aligncenter size-large is-resized\"><a href=\"http:\/\/gkvitkovice.cz\/wp-content\/uploads\/2022\/12\/WhatsApp-Image-2022-12-10-at-21.50.03-1.jpeg\"><img loading=\"lazy\" src=\"http:\/\/gkvitkovice.cz\/wp-content\/uploads\/2022\/12\/WhatsApp-Image-2022-12-10-at-21.50.03-1-485x1024.jpeg\" alt=\"\" class=\"wp-image-5049\" width=\"243\" height=\"512\" srcset=\"https:\/\/gkvitkovice.cz\/wp-content\/uploads\/2022\/12\/WhatsApp-Image-2022-12-10-at-21.50.03-1-485x1024.jpeg 485w, https:\/\/gkvitkovice.cz\/wp-content\/uploads\/2022\/12\/WhatsApp-Image-2022-12-10-at-21.50.03-1-142x300.jpeg 142w, https:\/\/gkvitkovice.cz\/wp-content\/uploads\/2022\/12\/WhatsApp-Image-2022-12-10-at-21.50.03-1-727x1536.jpeg 727w\" sizes=\"(max-width: 243px) 100vw, 243px\" \/><\/a><\/figure><\/div>\n\n\n\n<p>Ve dnech 3. \u2013 4. 12. 2022 se v Ostrav\u011b ve sportovn\u00ed hale na Varensk\u00e9 ulici uskute\u010dnily sout\u011b\u017ee dru\u017estev \u017een pro rok 2022. GK V\u00edtkovice m\u011blo zastoupen\u00ed ve dvou sout\u011b\u017e\u00edch \u2013 v I. a II. lize.<\/p>\n\n\n\n<p>Kr\u00e1sn\u00e9ho v\u00fdsledku dos\u00e1hla d\u011bv\u010data ve II. lize, kdy\u017e dru\u017estvo ve slo\u017een\u00ed <strong>A\u010fa Chudov\u00e1<\/strong>, <strong>Ani\u010dka Kr\u00fdsov\u00e1<\/strong>, <strong>Anet Neni\u010dkov\u00e1<\/strong>, <strong>Anet Nykodymov\u00e1<\/strong>, <strong>Natka Papou\u0161kov\u00e1 <\/strong>a <strong>Linda Rakov\u00e1<\/strong> v konkurenci 24 dru\u017estev z\u00edskalo bronzov\u00e9 medaile. Holky za\u010d\u00ednaly sv\u016fj z\u00e1vod ve 3. sledu na prostn\u00fdch, kde jako prvn\u00ed nastoupila Anet Neni\u010dkov\u00e1 a za p\u011bkn\u011b zacvi\u010denou sestavu z\u00edskala 10,667. Jen o n\u011bco ni\u017e\u0161\u00ed hodnocen\u00ed z\u00edskala Ani\u010dka Kr\u00fdsov\u00e1, tady se projevil tr\u00e9ninkov\u00fd v\u00fdpadek zp\u016fsoben\u00fd zran\u011bn\u00edm kotn\u00edku. Dal\u0161\u00ed v po\u0159ad\u00ed nastupovala Linda Rakov\u00e1, kter\u00e1 za p\u011bkn\u011b zacvi\u010denou sestavu obdr\u017eela pro dru\u017estvo 11,033. Jako posledn\u00ed nastoupila Anet Nykodymov\u00e1 se svou dynamickou sestavou, za kterou z\u00edskala rovn\u011b\u017e p\u011bkn\u00e9 hodnocen\u00ed 11,233 b. Na p\u0159eskoku a bradlech zacvi\u010dily holky bez hrub\u00fdch chyb. Trochu n\u00e1s vyd\u011bsila A\u010fa Chudov\u00e1 v rozcvi\u010den\u00ed na bradlech, kdy p\u0159i obratu ve stoji spadla na \u017eer\u010f, ale dok\u00e1zala se zkoncentrovat a svou sestavu zacvi\u010dila v z\u00e1vod\u011b celou v\u010detn\u011b zmi\u0148ovan\u00e9ho obratu. Na obou n\u00e1\u0159ad\u00edch z\u00edskala nejvy\u0161\u0161\u00ed zn\u00e1mky pro dru\u017estvo Ani\u010dka Kr\u00fdsov\u00e1. Nejlep\u0161\u00edho hodnocen\u00ed dos\u00e1hly holky na kladin\u011b, kde za sv\u00e9 sestavy bez hrub\u00fdch chyb z\u00edskaly druh\u00e9 nejlep\u0161\u00ed ocen\u011bn\u00ed mezi v\u0161emi dru\u017estvy, nejvy\u0161\u0161\u00ed zn\u00e1mku z\u00edskala Linda Rakov\u00e1.<\/p>\n\n\n\n<p>V I. Lize nastoupilo dru\u017estvo GK V\u00edtkovice ve slo\u017een\u00ed <strong>Ka\u010dka B\u00e1rtkov\u00e1<\/strong>, <strong>Klaudi Hynek<\/strong>, <strong>S\u00e1r\u010da Novotn\u00e1<\/strong>, <strong>A\u010fa Nykodymov\u00e1<\/strong> a <strong>R\u00f3zka O\u017eanov\u00e1<\/strong>. Sv\u016fj z\u00e1vod za\u010d\u00ednala d\u011bv\u010data na kladin\u011b, kde zacvi\u010dila velmi p\u011bknou sestavu A\u010fa Nykodymov\u00e1. Ostatn\u00ed d\u011bv\u010data se nevyhnula p\u00e1d\u016fm a tomu odpov\u00eddalo i bodov\u00e9 hodnocen\u00ed za jejich sestavy i celkov\u00e9 um\u00edst\u011bn\u00ed dru\u017estva. Rozd\u00edly mezi posledn\u00edmi 3 dru\u017estvy byly minim\u00e1ln\u00ed, od 5. m\u00edsta d\u011blilo na\u0161e holky 0,501 b. P\u0159esto\u017ee na ostatn\u00edch n\u00e1\u0159ad\u00edch holky zabojovaly a zacvi\u010dily p\u011bkn\u011b nap\u0159\u00edklad na p\u0159eskoku a \u010d\u00e1ste\u010dn\u011b na bradlech, v kone\u010dn\u00e9m sou\u010dtu bod\u016f jim pat\u0159ilo 7. m\u00edsto.<\/p>\n\n\n\n<p>D\u011bv\u010dat\u016fm i tren\u00e9r\u016fm blahop\u0159ejeme a p\u0159ejeme hodn\u011b \u00fasp\u011bch\u016f do nov\u00e9 sez\u00f3ny.<\/p>\n\n\n\n<p>Fotky <a href=\"https:\/\/gkvitkovice.rajce.idnes.cz\/MCR_druzstev_zen%2C_Ostrava%2C_3._-_4._12._2022\/\" target=\"_blank\" rel=\"noreferrer noopener\">ZDE<\/a><\/p>\n\n\n\n<p>V\u00fdsledky <a href=\"https:\/\/www.gymfed.cz\/vysledky\/detail\/2563\" target=\"_blank\" rel=\"noreferrer noopener\">ZDE<\/a><\/p>\n\n\n\n<p><em>(Sv\u011btlana Grmelov\u00e1)<\/em><\/p>\n\n\n<div class=\"fb-like\" data-href=\"http:\/\/gkvitkovice.cz\/?p=5048\" data-width=\"\" data-layout=\"standard\" data-action=\"like\" data-size=\"small\" data-share=\"true\"><\/div>","protected":false},"excerpt":{"rendered":"<p><!-- wp:image {\"align\":\"center\",\"id\":5049,\"width\":243,\"height\":512,\"sizeSlug\":\"large\",\"linkDestination\":\"media\"} --><\/p>\n<div class=\"wp-block-image\">\n<figure class=\"aligncenter size-large is-resized\"><a href=\"http:\/\/gkvitkovice.cz\/wp-content\/uploads\/2022\/12\/WhatsApp-Image-2022-12-10-at-21.50.03-1.jpeg\"><img loading=\"lazy\" src=\"http:\/\/gkvitkovice.cz\/wp-content\/uploads\/2022\/12\/WhatsApp-Image-2022-12-10-at-21.50.03-1-485x1024.jpeg\" alt=\"\" class=\"wp-image-5049\" width=\"243\" height=\"512\" srcset=\"https:\/\/gkvitkovice.cz\/wp-content\/uploads\/2022\/12\/WhatsApp-Image-2022-12-10-at-21.50.03-1-485x1024.jpeg 485w, https:\/\/gkvitkovice.cz\/wp-content\/uploads\/2022\/12\/WhatsApp-Image-2022-12-10-at-21.50.03-1-142x300.jpeg 142w, https:\/\/gkvitkovice.cz\/wp-content\/uploads\/2022\/12\/WhatsApp-Image-2022-12-10-at-21.50.03-1-727x1536.jpeg 727w\" sizes=\"(max-width: 243px) 100vw, 243px\" \/><\/a><\/figure>\n<\/div>\n<p><!-- \/wp:image --><\/p>\n<p><!-- wp:paragraph --><\/p>\n<p>Ve dnech 3. \u2013 4. 12. 2022 se v Ostrav\u011b ve sportovn\u00ed hale na Varensk\u00e9 ulici uskute\u010dnily sout\u011b\u017ee dru\u017estev \u017een pro rok 2022.<\/p>\n","protected":false},"author":1,"featured_media":0,"comment_status":"closed","ping_status":"open","sticky":false,"template":"","format":"standard","meta":[],"categories":[17],"tags":[],"_links":{"self":[{"href":"https:\/\/gkvitkovice.cz\/index.php?rest_route=\/wp\/v2\/posts\/5048"}],"collection":[{"href":"https:\/\/gkvitkovice.cz\/index.php?rest_route=\/wp\/v2\/posts"}],"about":[{"href":"https:\/\/gkvitkovice.cz\/index.php?rest_route=\/wp\/v2\/types\/post"}],"author":[{"embeddable":true,"href":"https:\/\/gkvitkovice.cz\/index.php?rest_route=\/wp\/v2\/users\/1"}],"replies":[{"embeddable":true,"href":"https:\/\/gkvitkovice.cz\/index.php?rest_route=%2Fwp%2Fv2%2Fcomments&post=5048"}],"version-history":[{"count":2,"href":"https:\/\/gkvitkovice.cz\/index.php?rest_route=\/wp\/v2\/posts\/5048\/revisions"}],"predecessor-version":[{"id":5051,"href":"https:\/\/gkvitkovice.cz\/index.php?rest_route=\/wp\/v2\/posts\/5048\/revisions\/5051"}],"wp:attachment":[{"href":"https:\/\/gkvitkovice.cz\/index.php?rest_route=%2Fwp%2Fv2%2Fmedia&parent=5048"}],"wp:term":[{"taxonomy":"category","embeddable":true,"href":"https:\/\/gkvitkovice.cz\/index.php?rest_route=%2Fwp%2Fv2%2Fcategories&post=5048"},{"taxonomy":"post_tag","embeddable":true,"href":"https:\/\/gkvitkovice.cz\/index.php?rest_route=%2Fwp%2Fv2%2Ftags&post=5048"}],"curies":[{"name":"wp","href":"https:\/\/api.w.org\/{rel}","templated":true}]}}