{"id":5068,"date":"2022-12-23T20:31:34","date_gmt":"2022-12-23T20:31:34","guid":{"rendered":"https:\/\/gkvitkovice.cz\/?p=5068"},"modified":"2022-12-23T20:32:10","modified_gmt":"2022-12-23T20:32:10","slug":"kaprici-2022","status":"publish","type":"post","link":"https:\/\/gkvitkovice.cz\/?p=5068","title":{"rendered":"Kap\u0159\u00edci 2022"},"content":{"rendered":"<div id=\"fb-root\"><\/div>\n<p><script async=\"\" defer=\"\" crossorigin=\"anonymous\" src=\"https:\/\/connect.facebook.net\/cs_CZ\/sdk.js#xfbml=1&amp;version=v15.0\" nonce=\"YDBKV5pU\"><\/script><\/p>\n\n\n<div class=\"wp-block-image\"><figure class=\"aligncenter size-large is-resized\"><a href=\"https:\/\/gkvitkovice.cz\/wp-content\/uploads\/2022\/12\/Kapci_157.jpg\"><img loading=\"lazy\" src=\"https:\/\/gkvitkovice.cz\/wp-content\/uploads\/2022\/12\/Kapci_157-1024x682.jpg\" alt=\"\" class=\"wp-image-5069\" width=\"512\" height=\"341\" srcset=\"https:\/\/gkvitkovice.cz\/wp-content\/uploads\/2022\/12\/Kapci_157-1024x682.jpg 1024w, https:\/\/gkvitkovice.cz\/wp-content\/uploads\/2022\/12\/Kapci_157-300x200.jpg 300w, https:\/\/gkvitkovice.cz\/wp-content\/uploads\/2022\/12\/Kapci_157-768x512.jpg 768w, https:\/\/gkvitkovice.cz\/wp-content\/uploads\/2022\/12\/Kapci_157-1536x1024.jpg 1536w, https:\/\/gkvitkovice.cz\/wp-content\/uploads\/2022\/12\/Kapci_157.jpg 2000w\" sizes=\"(max-width: 512px) 100vw, 512px\" \/><\/a><\/figure><\/div>\n\n\n\n<p>21. 12. 2022 uspo\u0159\u00e1dal n\u00e1\u0161 odd\u00edl tradi\u010dn\u00ed v\u00e1no\u010dn\u00ed z\u00e1vod dvojic &#8211; Kap\u0159\u00edky. T\u0159i rozhod\u010d\u00ed se sna\u017eily co nejl\u00e9pe ohodnotit nejen nejkr\u00e1sn\u011bj\u0161\u00ed gymnastick\u00e9 proveden\u00ed, ale tak\u00e9 souhru z\u00e1vodnic, hudbu, kost\u00fdmy a n\u00e1paditost cel\u00e9ho vystoupen\u00ed. Z\u00e1vod byl prolo\u017een\u00fd vystoupen\u00edm jednotlivky\u0148 v kategorii rekrea\u010dn\u00ed gymnastiky a mlad\u0161\u00edch \u017e\u00e1kyn\u011bk.<\/p>\n\n\n\n<p> Na z\u00e1v\u011br prob\u011bhlo vyhodnocen\u00ed nejlep\u0161\u00edch z\u00e1vodnic a z\u00e1vodn\u00edk\u016f za posledn\u00ed dva roky. Ocen\u011bn\u00ed byli jednotlivci do \u0161est\u00e9ho m\u00edsta na M\u010cR, \u00fa\u010dastnice ME v teamgymech, dru\u017estva I. i II. ligy a dru\u017estvo teamgymu.<\/p>\n\n\n\n<p><br>D\u011bkujeme tren\u00e9r\u016fm za celoro\u010dn\u00ed n\u00e1ro\u010dnou p\u0159\u00edpravu. Z\u00e1vodn\u00edk\u016fm gymnastiky i teamgymu za zodpov\u011bdnou pr\u00e1ci na tr\u00e9ninc\u00edch. A pod\u011bkov\u00e1n\u00ed pat\u0159\u00ed ur\u010dit\u011b i rozhod\u010d\u00edm, za jejich profesion\u00e1ln\u00ed p\u0159\u00edstup p\u0159i bodov\u00e1n\u00ed na v\u0161ech z\u00e1vodech.<\/p>\n\n\n\n<p>Fotky<a rel=\"noreferrer noopener\" href=\"https:\/\/gkvitkovice.rajce.idnes.cz\/Kaprici_2022\" target=\"_blank\"> ZDE<\/a><\/p>\n\n\n\n<p><em>(Gabriela Hynek)<\/em><\/p>\n\n\n<div class=\"fb-like\" data-href=\"https:\/\/gkvitkovice.cz\/?p=5068\" data-width=\"\" data-layout=\"standard\" data-action=\"like\" data-size=\"small\" data-share=\"true\"><\/div>","protected":false},"excerpt":{"rendered":"<p><!-- wp:image {\"align\":\"center\",\"id\":5069,\"width\":512,\"height\":341,\"sizeSlug\":\"large\",\"linkDestination\":\"media\"} --><\/p>\n<div class=\"wp-block-image\">\n<figure class=\"aligncenter size-large is-resized\"><a href=\"https:\/\/gkvitkovice.cz\/wp-content\/uploads\/2022\/12\/Kapci_157.jpg\"><img loading=\"lazy\" src=\"https:\/\/gkvitkovice.cz\/wp-content\/uploads\/2022\/12\/Kapci_157-1024x682.jpg\" alt=\"\" class=\"wp-image-5069\" width=\"512\" height=\"341\" srcset=\"https:\/\/gkvitkovice.cz\/wp-content\/uploads\/2022\/12\/Kapci_157-1024x682.jpg 1024w, https:\/\/gkvitkovice.cz\/wp-content\/uploads\/2022\/12\/Kapci_157-300x200.jpg 300w, https:\/\/gkvitkovice.cz\/wp-content\/uploads\/2022\/12\/Kapci_157-768x512.jpg 768w, https:\/\/gkvitkovice.cz\/wp-content\/uploads\/2022\/12\/Kapci_157-1536x1024.jpg 1536w, https:\/\/gkvitkovice.cz\/wp-content\/uploads\/2022\/12\/Kapci_157.jpg 2000w\" sizes=\"(max-width: 512px) 100vw, 512px\" \/><\/a><\/figure>\n<\/div>\n<p><!-- \/wp:image --><\/p>\n<p><!-- wp:paragraph --><\/p>\n<p>21. 12. 2022 uspo\u0159\u00e1dal n\u00e1\u0161 odd\u00edl tradi\u010dn\u00ed v\u00e1no\u010dn\u00ed z\u00e1vod dvojic &#8211; Kap\u0159\u00edky. <\/p>\n","protected":false},"author":1,"featured_media":0,"comment_status":"closed","ping_status":"open","sticky":false,"template":"","format":"standard","meta":[],"categories":[17],"tags":[],"_links":{"self":[{"href":"https:\/\/gkvitkovice.cz\/index.php?rest_route=\/wp\/v2\/posts\/5068"}],"collection":[{"href":"https:\/\/gkvitkovice.cz\/index.php?rest_route=\/wp\/v2\/posts"}],"about":[{"href":"https:\/\/gkvitkovice.cz\/index.php?rest_route=\/wp\/v2\/types\/post"}],"author":[{"embeddable":true,"href":"https:\/\/gkvitkovice.cz\/index.php?rest_route=\/wp\/v2\/users\/1"}],"replies":[{"embeddable":true,"href":"https:\/\/gkvitkovice.cz\/index.php?rest_route=%2Fwp%2Fv2%2Fcomments&post=5068"}],"version-history":[{"count":2,"href":"https:\/\/gkvitkovice.cz\/index.php?rest_route=\/wp\/v2\/posts\/5068\/revisions"}],"predecessor-version":[{"id":5071,"href":"https:\/\/gkvitkovice.cz\/index.php?rest_route=\/wp\/v2\/posts\/5068\/revisions\/5071"}],"wp:attachment":[{"href":"https:\/\/gkvitkovice.cz\/index.php?rest_route=%2Fwp%2Fv2%2Fmedia&parent=5068"}],"wp:term":[{"taxonomy":"category","embeddable":true,"href":"https:\/\/gkvitkovice.cz\/index.php?rest_route=%2Fwp%2Fv2%2Fcategories&post=5068"},{"taxonomy":"post_tag","embeddable":true,"href":"https:\/\/gkvitkovice.cz\/index.php?rest_route=%2Fwp%2Fv2%2Ftags&post=5068"}],"curies":[{"name":"wp","href":"https:\/\/api.w.org\/{rel}","templated":true}]}}