{"id":5258,"date":"2023-01-29T22:20:04","date_gmt":"2023-01-29T22:20:04","guid":{"rendered":"http:\/\/gkvitkovice.cz\/?p=5258"},"modified":"2023-01-29T22:23:30","modified_gmt":"2023-01-29T22:23:30","slug":"novorocni-pohar-2023","status":"publish","type":"post","link":"https:\/\/gkvitkovice.cz\/?p=5258","title":{"rendered":"Novoro\u010dn\u00ed poh\u00e1r 2023"},"content":{"rendered":"<div id=\"fb-root\"><\/div>\n<p><script async=\"\" defer=\"\" crossorigin=\"anonymous\" src=\"https:\/\/connect.facebook.net\/cs_CZ\/sdk.js#xfbml=1&amp;version=v15.0\" nonce=\"C3l2Lv5A\"><\/script><\/p>\n\n\n<div class=\"wp-block-image\"><figure class=\"aligncenter size-large is-resized\"><a href=\"http:\/\/gkvitkovice.cz\/wp-content\/uploads\/2023\/01\/02_Novoronpohr_33.jpg\"><img loading=\"lazy\" src=\"http:\/\/gkvitkovice.cz\/wp-content\/uploads\/2023\/01\/02_Novoronpohr_33-682x1024.jpg\" alt=\"\" class=\"wp-image-5259\" width=\"341\" height=\"512\" srcset=\"https:\/\/gkvitkovice.cz\/wp-content\/uploads\/2023\/01\/02_Novoronpohr_33-682x1024.jpg 682w, https:\/\/gkvitkovice.cz\/wp-content\/uploads\/2023\/01\/02_Novoronpohr_33-200x300.jpg 200w, https:\/\/gkvitkovice.cz\/wp-content\/uploads\/2023\/01\/02_Novoronpohr_33-768x1152.jpg 768w, https:\/\/gkvitkovice.cz\/wp-content\/uploads\/2023\/01\/02_Novoronpohr_33-1024x1536.jpg 1024w, https:\/\/gkvitkovice.cz\/wp-content\/uploads\/2023\/01\/02_Novoronpohr_33.jpg 1333w\" sizes=\"(max-width: 341px) 100vw, 341px\" \/><\/a><\/figure><\/div>\n\n\n\n<p>Prvn\u00ed leto\u0161n\u00ed z\u00e1vod prob\u011bhl 21. 1. 2023 ve Fren\u0161t\u00e1tu p. R. Z\u00e1vodilo se netradi\u010dn\u011b na t\u0159ech n\u00e1\u0159ad\u00edch a jako v\u017edy v kategori\u00edch od t\u011bch nejmen\u0161\u00edch, a\u017e po juniorky a \u017eeny.<\/p>\n\n\n\n<p><br>Z na\u0161eho odd\u00edlu se p\u0159ihl\u00e1silo dvan\u00e1ct z\u00e1vodnic a hned \u010dty\u0159i z nich dovezly dom\u016f poh\u00e1ry. Holky vybojovaly dva zlat\u00e9 &#8211; <strong>Vivi Farn\u00edkov\u00e1<\/strong> a <strong>Kristy \u0160krochov\u00e1<\/strong> a dva st\u0159\u00edbrn\u00e9 &#8211; <strong>Jul\u010da Marszolkov\u00e1<\/strong> a <strong>Valer Huby\u010dov\u00e1<\/strong>. Moc gratulujeme.<\/p>\n\n\n\n<p><br>Z\u00e1vod prob\u011bhl v kr\u00e1sn\u00e9m a p\u0159\u00e1telsk\u00e9m duchu. Po z\u00e1vodu posed\u011bli tren\u00e9\u0159i i rozhod\u010d\u00ed na slavnostn\u00edmu rautu, kter\u00fd byl uspo\u0159\u00e1dn\u00fd k 40. v\u00fdro\u010d\u00ed tohoto z\u00e1vodu.<\/p>\n\n\n\n<p>Fotky <a href=\"https:\/\/gkvitkovice.rajce.idnes.cz\/Novorocni_pohar_2023\/\">ZDE<\/a><\/p>\n\n\n\n<p>V\u00fdsledky <a href=\"https:\/\/www.gymfed.cz\/vysledky\/detail\/2685\">ZDE<\/a><\/p>\n\n\n\n<p><em>(Gabriela Hynek)<\/em><\/p>\n\n\n<div class=\"fb-like\" data-href=\"http:\/\/gkvitkovice.cz\/?p=5258\" data-width=\"\" data-layout=\"standard\" data-action=\"like\" data-size=\"small\" data-share=\"true\"><\/div>","protected":false},"excerpt":{"rendered":"<p><!-- wp:image {\"align\":\"center\",\"id\":5259,\"width\":341,\"height\":512,\"sizeSlug\":\"large\",\"linkDestination\":\"media\"} --><\/p>\n<div class=\"wp-block-image\">\n<figure class=\"aligncenter size-large is-resized\"><a href=\"http:\/\/gkvitkovice.cz\/wp-content\/uploads\/2023\/01\/02_Novoronpohr_33.jpg\"><img loading=\"lazy\" src=\"http:\/\/gkvitkovice.cz\/wp-content\/uploads\/2023\/01\/02_Novoronpohr_33-682x1024.jpg\" alt=\"\" class=\"wp-image-5259\" width=\"341\" height=\"512\" srcset=\"https:\/\/gkvitkovice.cz\/wp-content\/uploads\/2023\/01\/02_Novoronpohr_33-682x1024.jpg 682w, https:\/\/gkvitkovice.cz\/wp-content\/uploads\/2023\/01\/02_Novoronpohr_33-200x300.jpg 200w, https:\/\/gkvitkovice.cz\/wp-content\/uploads\/2023\/01\/02_Novoronpohr_33-768x1152.jpg 768w, https:\/\/gkvitkovice.cz\/wp-content\/uploads\/2023\/01\/02_Novoronpohr_33-1024x1536.jpg 1024w, https:\/\/gkvitkovice.cz\/wp-content\/uploads\/2023\/01\/02_Novoronpohr_33.jpg 1333w\" sizes=\"(max-width: 341px) 100vw, 341px\" \/><\/a><\/figure>\n<\/div>\n<p><!-- \/wp:image --><\/p>\n<p><!-- wp:paragraph --><\/p>\n<p>Prvn\u00ed leto\u0161n\u00ed z\u00e1vod prob\u011bhl 21. 1. 2023 ve Fren\u0161t\u00e1tu p. R. <\/p>\n","protected":false},"author":1,"featured_media":0,"comment_status":"closed","ping_status":"open","sticky":false,"template":"","format":"standard","meta":[],"categories":[18],"tags":[],"_links":{"self":[{"href":"https:\/\/gkvitkovice.cz\/index.php?rest_route=\/wp\/v2\/posts\/5258"}],"collection":[{"href":"https:\/\/gkvitkovice.cz\/index.php?rest_route=\/wp\/v2\/posts"}],"about":[{"href":"https:\/\/gkvitkovice.cz\/index.php?rest_route=\/wp\/v2\/types\/post"}],"author":[{"embeddable":true,"href":"https:\/\/gkvitkovice.cz\/index.php?rest_route=\/wp\/v2\/users\/1"}],"replies":[{"embeddable":true,"href":"https:\/\/gkvitkovice.cz\/index.php?rest_route=%2Fwp%2Fv2%2Fcomments&post=5258"}],"version-history":[{"count":4,"href":"https:\/\/gkvitkovice.cz\/index.php?rest_route=\/wp\/v2\/posts\/5258\/revisions"}],"predecessor-version":[{"id":5264,"href":"https:\/\/gkvitkovice.cz\/index.php?rest_route=\/wp\/v2\/posts\/5258\/revisions\/5264"}],"wp:attachment":[{"href":"https:\/\/gkvitkovice.cz\/index.php?rest_route=%2Fwp%2Fv2%2Fmedia&parent=5258"}],"wp:term":[{"taxonomy":"category","embeddable":true,"href":"https:\/\/gkvitkovice.cz\/index.php?rest_route=%2Fwp%2Fv2%2Fcategories&post=5258"},{"taxonomy":"post_tag","embeddable":true,"href":"https:\/\/gkvitkovice.cz\/index.php?rest_route=%2Fwp%2Fv2%2Ftags&post=5258"}],"curies":[{"name":"wp","href":"https:\/\/api.w.org\/{rel}","templated":true}]}}