{"id":5307,"date":"2023-02-10T20:12:37","date_gmt":"2023-02-10T20:12:37","guid":{"rendered":"http:\/\/gkvitkovice.cz\/?p=5307"},"modified":"2023-02-10T20:12:37","modified_gmt":"2023-02-10T20:12:37","slug":"6-skolni-ples-v-ostrave-petrkovicich-2023","status":"publish","type":"post","link":"https:\/\/gkvitkovice.cz\/?p=5307","title":{"rendered":"6. \u0161koln\u00ed ples v Ostrav\u011b-Pet\u0159kovic\u00edch 2023"},"content":{"rendered":"\n<div class=\"wp-block-image\"><figure class=\"aligncenter size-large is-resized\"><a href=\"http:\/\/gkvitkovice.cz\/wp-content\/uploads\/2023\/02\/03_Ples_14.jpg\"><img loading=\"lazy\" src=\"http:\/\/gkvitkovice.cz\/wp-content\/uploads\/2023\/02\/03_Ples_14-1024x754.jpg\" alt=\"\" class=\"wp-image-5308\" width=\"512\" height=\"377\" srcset=\"https:\/\/gkvitkovice.cz\/wp-content\/uploads\/2023\/02\/03_Ples_14-1024x754.jpg 1024w, https:\/\/gkvitkovice.cz\/wp-content\/uploads\/2023\/02\/03_Ples_14-300x221.jpg 300w, https:\/\/gkvitkovice.cz\/wp-content\/uploads\/2023\/02\/03_Ples_14-768x566.jpg 768w, https:\/\/gkvitkovice.cz\/wp-content\/uploads\/2023\/02\/03_Ples_14-1536x1131.jpg 1536w, https:\/\/gkvitkovice.cz\/wp-content\/uploads\/2023\/02\/03_Ples_14.jpg 2000w\" sizes=\"(max-width: 512px) 100vw, 512px\" \/><\/a><\/figure><\/div>\n\n\n\n<p>Vystoupen\u00ed <strong>Lucie G\u0159e\u0161ov\u00e9<\/strong>, <strong>Klaudie Hynek<\/strong>, <strong>Roz\u00e1lie O\u017eanov\u00e9<\/strong> a <strong>Nat\u00e1lie Papou\u0161kov\u00e9<\/strong> pod veden\u00edm tren\u00e9rky Gabriely Hynek bylo nev\u0161edn\u00edm z\u00e1\u017eitkem pro v\u0161echny n\u00e1v\u0161t\u011bvn\u00edky \u0161koln\u00edho plesu v Ostrav\u011b-Pet\u0159kovic\u00edch, kter\u00fd se konal 3. 2. 2023. Nejobdivovan\u011bj\u0161\u00ed byla ur\u010dit\u011b akrobacie na airtracku, ale d\u011bv\u010data upoutala tak\u00e9 preciznost\u00ed p\u0159edv\u00e1d\u011bn\u00fdch prvk\u016f a choreografie, perfektn\u00ed souhrou a\u00a0tak\u00e9 n\u00e1ro\u010dnost\u00ed v\u00fdkon\u016f.<\/p>\n\n\n\n<p>Moc d\u011bkujeme za kr\u00e1snou prezentaci na\u0161eho odd\u00edlu.<\/p>\n\n\n\n<p>Fotky <a rel=\"noreferrer noopener\" href=\"https:\/\/gkvitkovice.rajce.idnes.cz\/Vystoupeni_na_plese%2C_3._2._2023\/\" target=\"_blank\">ZDE<\/a><\/p>\n\n\n\n<p><em>(Gabriela Hynek)<\/em><\/p>\n","protected":false},"excerpt":{"rendered":"<p><!-- wp:image {\"align\":\"center\",\"id\":5308,\"width\":512,\"height\":377,\"sizeSlug\":\"large\",\"linkDestination\":\"media\"} --><\/p>\n<div class=\"wp-block-image\">\n<figure class=\"aligncenter size-large is-resized\"><a href=\"http:\/\/gkvitkovice.cz\/wp-content\/uploads\/2023\/02\/03_Ples_14.jpg\"><img loading=\"lazy\" src=\"http:\/\/gkvitkovice.cz\/wp-content\/uploads\/2023\/02\/03_Ples_14-1024x754.jpg\" alt=\"\" class=\"wp-image-5308\" width=\"512\" height=\"377\" srcset=\"https:\/\/gkvitkovice.cz\/wp-content\/uploads\/2023\/02\/03_Ples_14-1024x754.jpg 1024w, https:\/\/gkvitkovice.cz\/wp-content\/uploads\/2023\/02\/03_Ples_14-300x221.jpg 300w, https:\/\/gkvitkovice.cz\/wp-content\/uploads\/2023\/02\/03_Ples_14-768x566.jpg 768w, https:\/\/gkvitkovice.cz\/wp-content\/uploads\/2023\/02\/03_Ples_14-1536x1131.jpg 1536w, https:\/\/gkvitkovice.cz\/wp-content\/uploads\/2023\/02\/03_Ples_14.jpg 2000w\" sizes=\"(max-width: 512px) 100vw, 512px\" \/><\/a><\/figure>\n<\/div>\n<p><!-- \/wp:image --><\/p>\n<p><!-- wp:paragraph --><\/p>\n<p>Vystoupen\u00ed <strong>Lucie G\u0159e\u0161ov\u00e9<\/strong>, <strong>Klaudie Hynek<\/strong>, <strong>Roz\u00e1lie O\u017eanov\u00e9<\/strong> a <strong>Nat\u00e1lie Papou\u0161kov\u00e9<\/strong> pod veden\u00edm tren\u00e9rky Gabriely Hynek bylo nev\u0161edn\u00edm z\u00e1\u017eitkem pro v\u0161echny n\u00e1v\u0161t\u011bvn\u00edky \u0161koln\u00edho plesu v Ostrav\u011b-Pet\u0159kovic\u00edch, kter\u00fd se konal 3. 2. 2023.<\/p>\n","protected":false},"author":1,"featured_media":0,"comment_status":"closed","ping_status":"open","sticky":false,"template":"","format":"standard","meta":[],"categories":[18],"tags":[],"_links":{"self":[{"href":"https:\/\/gkvitkovice.cz\/index.php?rest_route=\/wp\/v2\/posts\/5307"}],"collection":[{"href":"https:\/\/gkvitkovice.cz\/index.php?rest_route=\/wp\/v2\/posts"}],"about":[{"href":"https:\/\/gkvitkovice.cz\/index.php?rest_route=\/wp\/v2\/types\/post"}],"author":[{"embeddable":true,"href":"https:\/\/gkvitkovice.cz\/index.php?rest_route=\/wp\/v2\/users\/1"}],"replies":[{"embeddable":true,"href":"https:\/\/gkvitkovice.cz\/index.php?rest_route=%2Fwp%2Fv2%2Fcomments&post=5307"}],"version-history":[{"count":1,"href":"https:\/\/gkvitkovice.cz\/index.php?rest_route=\/wp\/v2\/posts\/5307\/revisions"}],"predecessor-version":[{"id":5309,"href":"https:\/\/gkvitkovice.cz\/index.php?rest_route=\/wp\/v2\/posts\/5307\/revisions\/5309"}],"wp:attachment":[{"href":"https:\/\/gkvitkovice.cz\/index.php?rest_route=%2Fwp%2Fv2%2Fmedia&parent=5307"}],"wp:term":[{"taxonomy":"category","embeddable":true,"href":"https:\/\/gkvitkovice.cz\/index.php?rest_route=%2Fwp%2Fv2%2Fcategories&post=5307"},{"taxonomy":"post_tag","embeddable":true,"href":"https:\/\/gkvitkovice.cz\/index.php?rest_route=%2Fwp%2Fv2%2Ftags&post=5307"}],"curies":[{"name":"wp","href":"https:\/\/api.w.org\/{rel}","templated":true}]}}