{"id":5310,"date":"2023-02-10T20:19:27","date_gmt":"2023-02-10T20:19:27","guid":{"rendered":"http:\/\/gkvitkovice.cz\/?p=5310"},"modified":"2023-02-10T20:22:13","modified_gmt":"2023-02-10T20:22:13","slug":"o-valassky-frgal-2023","status":"publish","type":"post","link":"https:\/\/gkvitkovice.cz\/?p=5310","title":{"rendered":"O Vala\u0161sk\u00fd frg\u00e1l 2023"},"content":{"rendered":"<div id=\"fb-root\"><\/div>\n<p><script async=\"\" defer=\"\" crossorigin=\"anonymous\" src=\"https:\/\/connect.facebook.net\/cs_CZ\/sdk.js#xfbml=1&amp;version=v16.0\" nonce=\"C6jaHgPa\"><\/script><\/p>\n\n\n<div class=\"wp-block-image\"><figure class=\"aligncenter size-large is-resized\"><a href=\"http:\/\/gkvitkovice.cz\/wp-content\/uploads\/2023\/02\/IMG_9199.jpg\"><img loading=\"lazy\" src=\"http:\/\/gkvitkovice.cz\/wp-content\/uploads\/2023\/02\/IMG_9199-1024x682.jpg\" alt=\"\" class=\"wp-image-5311\" width=\"512\" height=\"341\" srcset=\"https:\/\/gkvitkovice.cz\/wp-content\/uploads\/2023\/02\/IMG_9199-1024x682.jpg 1024w, https:\/\/gkvitkovice.cz\/wp-content\/uploads\/2023\/02\/IMG_9199-300x200.jpg 300w, https:\/\/gkvitkovice.cz\/wp-content\/uploads\/2023\/02\/IMG_9199-768x512.jpg 768w, https:\/\/gkvitkovice.cz\/wp-content\/uploads\/2023\/02\/IMG_9199-1536x1024.jpg 1536w, https:\/\/gkvitkovice.cz\/wp-content\/uploads\/2023\/02\/IMG_9199.jpg 2000w\" sizes=\"(max-width: 512px) 100vw, 512px\" \/><\/a><\/figure><\/div>\n\n\n<p>4. 2. 2023 se dv\u011b na\u0161e d\u011bv\u010data z\u00fa\u010dastnila ve Vala\u0161sk\u00e9m Mezi\u0159\u00ed\u010d\u00ed kr\u00e1sn\u00e9ho z\u00e1vodu ve \u010dty\u0159boji a neodjela s pr\u00e1zdnou. Dopoledne se p\u0159edstavila kategorie 2015, kde si nejl\u00e9pe vedla<strong> Juli Marszolkov\u00e1<\/strong> &#8211; 1. m\u00edsto a skv\u011ble dopadla i <strong>Vivi Farn\u00edkov\u00e1<\/strong> &#8211; 3. m\u00edsto. Holky si krom\u011b medail\u00ed odvezly i kr\u00e1sn\u00fd mal\u00fd frg\u00e1l se sv\u00fdm um\u00edst\u011bn\u00edm \ud83d\ude42<\/p>\n<p>Moc gratulujeme.<\/p>\n<p>Fotky <a href=\"https:\/\/gkvitkovice.rajce.idnes.cz\/O_Valassky_frgal_2023\/\">ZDE<\/a><\/p>\n<p><em>(Gabriela Hynek)<\/em><\/p>\n<div class=\"fb-like\" data-href=\"http:\/\/gkvitkovice.cz\/?p=5310\" data-width=\"\" data-layout=\"standard\" data-action=\"like\" data-size=\"small\" data-share=\"true\"><\/div>","protected":false},"excerpt":{"rendered":"<p><!-- wp:image {\"align\":\"center\",\"id\":5311,\"width\":512,\"height\":341,\"sizeSlug\":\"large\",\"linkDestination\":\"media\"} --><\/p>\n<div class=\"wp-block-image\">\n<figure class=\"aligncenter size-large is-resized\"><a href=\"http:\/\/gkvitkovice.cz\/wp-content\/uploads\/2023\/02\/IMG_9199.jpg\"><img loading=\"lazy\" src=\"http:\/\/gkvitkovice.cz\/wp-content\/uploads\/2023\/02\/IMG_9199-1024x682.jpg\" alt=\"\" class=\"wp-image-5311\" width=\"512\" height=\"341\" srcset=\"https:\/\/gkvitkovice.cz\/wp-content\/uploads\/2023\/02\/IMG_9199-1024x682.jpg 1024w, https:\/\/gkvitkovice.cz\/wp-content\/uploads\/2023\/02\/IMG_9199-300x200.jpg 300w, https:\/\/gkvitkovice.cz\/wp-content\/uploads\/2023\/02\/IMG_9199-768x512.jpg 768w, https:\/\/gkvitkovice.cz\/wp-content\/uploads\/2023\/02\/IMG_9199-1536x1024.jpg 1536w, https:\/\/gkvitkovice.cz\/wp-content\/uploads\/2023\/02\/IMG_9199.jpg 2000w\" sizes=\"(max-width: 512px) 100vw, 512px\" \/><\/a><\/figure>\n<\/div>\n<p><!-- \/wp:image --><\/p>\n<p>4. 2. 2023 se dv\u011b na\u0161e d\u011bv\u010data z\u00fa\u010dastnila ve Vala\u0161sk\u00e9m Mezi\u0159\u00ed\u010d\u00ed kr\u00e1sn\u00e9ho z\u00e1vodu ve \u010dty\u0159boji a neodjela s pr\u00e1zdnou. <\/p>\n","protected":false},"author":1,"featured_media":0,"comment_status":"closed","ping_status":"open","sticky":false,"template":"","format":"standard","meta":[],"categories":[18],"tags":[],"_links":{"self":[{"href":"https:\/\/gkvitkovice.cz\/index.php?rest_route=\/wp\/v2\/posts\/5310"}],"collection":[{"href":"https:\/\/gkvitkovice.cz\/index.php?rest_route=\/wp\/v2\/posts"}],"about":[{"href":"https:\/\/gkvitkovice.cz\/index.php?rest_route=\/wp\/v2\/types\/post"}],"author":[{"embeddable":true,"href":"https:\/\/gkvitkovice.cz\/index.php?rest_route=\/wp\/v2\/users\/1"}],"replies":[{"embeddable":true,"href":"https:\/\/gkvitkovice.cz\/index.php?rest_route=%2Fwp%2Fv2%2Fcomments&post=5310"}],"version-history":[{"count":2,"href":"https:\/\/gkvitkovice.cz\/index.php?rest_route=\/wp\/v2\/posts\/5310\/revisions"}],"predecessor-version":[{"id":5314,"href":"https:\/\/gkvitkovice.cz\/index.php?rest_route=\/wp\/v2\/posts\/5310\/revisions\/5314"}],"wp:attachment":[{"href":"https:\/\/gkvitkovice.cz\/index.php?rest_route=%2Fwp%2Fv2%2Fmedia&parent=5310"}],"wp:term":[{"taxonomy":"category","embeddable":true,"href":"https:\/\/gkvitkovice.cz\/index.php?rest_route=%2Fwp%2Fv2%2Fcategories&post=5310"},{"taxonomy":"post_tag","embeddable":true,"href":"https:\/\/gkvitkovice.cz\/index.php?rest_route=%2Fwp%2Fv2%2Ftags&post=5310"}],"curies":[{"name":"wp","href":"https:\/\/api.w.org\/{rel}","templated":true}]}}