{"id":5336,"date":"2023-02-28T12:31:26","date_gmt":"2023-02-28T12:31:26","guid":{"rendered":"http:\/\/gkvitkovice.cz\/?p=5336"},"modified":"2023-02-28T12:32:41","modified_gmt":"2023-02-28T12:32:41","slug":"zlaty-stit-2023","status":"publish","type":"post","link":"https:\/\/gkvitkovice.cz\/?p=5336","title":{"rendered":"Zlat\u00fd \u0161t\u00edt 2023"},"content":{"rendered":"<div id=\"fb-root\"><\/div>\n<p><script async=\"\" defer=\"\" crossorigin=\"anonymous\" src=\"https:\/\/connect.facebook.net\/cs_CZ\/sdk.js#xfbml=1&amp;version=v16.0\" nonce=\"m6AJg8U9\"><\/script><\/p>\n\n\n<div class=\"wp-block-image\"><figure class=\"aligncenter size-large is-resized\"><a href=\"http:\/\/gkvitkovice.cz\/wp-content\/uploads\/2023\/02\/IMG-20230225-WA0004.jpg\"><img loading=\"lazy\" src=\"http:\/\/gkvitkovice.cz\/wp-content\/uploads\/2023\/02\/IMG-20230225-WA0004-768x1024.jpg\" alt=\"\" class=\"wp-image-5337\" width=\"384\" height=\"512\" srcset=\"https:\/\/gkvitkovice.cz\/wp-content\/uploads\/2023\/02\/IMG-20230225-WA0004-768x1024.jpg 768w, https:\/\/gkvitkovice.cz\/wp-content\/uploads\/2023\/02\/IMG-20230225-WA0004-225x300.jpg 225w, https:\/\/gkvitkovice.cz\/wp-content\/uploads\/2023\/02\/IMG-20230225-WA0004-1152x1536.jpg 1152w, https:\/\/gkvitkovice.cz\/wp-content\/uploads\/2023\/02\/IMG-20230225-WA0004.jpg 1500w\" sizes=\"(max-width: 384px) 100vw, 384px\" \/><\/a><\/figure><\/div>\n\n\n\n<p>Klub TJ VOKD Ostrava &#8211; Poruba uspo\u0159\u00e1dal 25. 2. 2023 v na\u0161\u00ed t\u011blocvi\u010dn\u011b ji\u017e 48. ro\u010dn\u00edk tradi\u010dn\u00edho z\u00e1vodu Zlat\u00fd \u0160t\u00edt. Pro n\u011bkter\u00e1 d\u011bv\u010data to byl letos prvn\u00ed z\u00e1vod, kde si vyzkou\u0161ely nov\u00e9 prvky na bradlech a kladin\u011b.<\/p>\n\n\n\n<p>Medaile si tentokr\u00e1t odvezly: <\/p>\n\n\n\n<p><strong>Lili Such\u00e1<\/strong> 1. m\u00edsto &#8211; za\u010d\u00ednaj\u00edc\u00ed \u017e\u00e1kyn\u011b<\/p>\n\n\n\n<p><strong>Frederka Prutkayov\u00e1<\/strong> 1. m\u00edsto a <strong>S\u00e1rka K\u0159i\u017eo\u0161\u010dakov\u00e1 <\/strong>3. m\u00edsto &#8211; mlad\u0161\u00ed \u017e\u00e1kyn\u011b<\/p>\n\n\n\n<p><strong>Nelka Hl\u00e1vkov\u00e1<\/strong> 1. m\u00edsto &#8211; juniorky C<\/p>\n\n\n\n<p><strong>A\u010fa Nykodymov\u00e1<\/strong> 1. m\u00edsto &#8211; juniorky<\/p>\n\n\n\n<p>V\u0161em d\u011bv\u010dat\u016fm gratulujeme a p\u0159ejeme jim i jejich tren\u00e9r\u016fm mnoho zdrav\u00ed a z\u00e1vodn\u00edho \u0161t\u011bst\u00ed po celou nadch\u00e1zej\u00edc\u00ed sezonu. Takt\u00e9\u017e d\u011bkujeme rozhod\u010d\u00edm za celodenn\u00ed rozhodov\u00e1n\u00ed.<\/p>\n\n\n\n<p>Fotky <a href=\"https:\/\/gkvitkovice.rajce.idnes.cz\/Zlatry_Stit,_25.2.2023\" target=\"_blank\" rel=\"noreferrer noopener\">ZDE<\/a><\/p>\n\n\n\n<p>V\u00fdsledky <a href=\"https:\/\/www.gymfed.cz\/vysledky\/detail\/2720?kategorie=7076\" target=\"_blank\" rel=\"noreferrer noopener\">ZDE<\/a><\/p>\n\n\n\n<p><em>(Monika Prutkayov\u00e1)<\/em><\/p>\n\n\n<div class=\"fb-like\" data-href=\"http:\/\/gkvitkovice.cz\/?p=5336\" data-width=\"\" data-layout=\"\" data-action=\"\" data-size=\"\" data-share=\"true\"><\/div>","protected":false},"excerpt":{"rendered":"<p><!-- wp:image {\"align\":\"center\",\"id\":5337,\"width\":384,\"height\":512,\"sizeSlug\":\"large\",\"linkDestination\":\"media\"} --><\/p>\n<div class=\"wp-block-image\">\n<figure class=\"aligncenter size-large is-resized\"><a href=\"http:\/\/gkvitkovice.cz\/wp-content\/uploads\/2023\/02\/IMG-20230225-WA0004.jpg\"><img loading=\"lazy\" src=\"http:\/\/gkvitkovice.cz\/wp-content\/uploads\/2023\/02\/IMG-20230225-WA0004-768x1024.jpg\" alt=\"\" class=\"wp-image-5337\" width=\"384\" height=\"512\" srcset=\"https:\/\/gkvitkovice.cz\/wp-content\/uploads\/2023\/02\/IMG-20230225-WA0004-768x1024.jpg 768w, https:\/\/gkvitkovice.cz\/wp-content\/uploads\/2023\/02\/IMG-20230225-WA0004-225x300.jpg 225w, https:\/\/gkvitkovice.cz\/wp-content\/uploads\/2023\/02\/IMG-20230225-WA0004-1152x1536.jpg 1152w, https:\/\/gkvitkovice.cz\/wp-content\/uploads\/2023\/02\/IMG-20230225-WA0004.jpg 1500w\" sizes=\"(max-width: 384px) 100vw, 384px\" \/><\/a><\/figure>\n<\/div>\n<p><!-- \/wp:image --><\/p>\n<p><!-- wp:paragraph --><\/p>\n<p>Klub TJ VOKD Ostrava &#8211; Poruba uspo\u0159\u00e1dal 25. 2. 2023 v na\u0161\u00ed t\u011blocvi\u010dn\u011b ji\u017e 48. ro\u010dn\u00edk tradi\u010dn\u00edho z\u00e1vodu Zlat\u00fd \u0160t\u00edt.<\/p>\n","protected":false},"author":1,"featured_media":0,"comment_status":"closed","ping_status":"open","sticky":false,"template":"","format":"standard","meta":[],"categories":[18],"tags":[],"_links":{"self":[{"href":"https:\/\/gkvitkovice.cz\/index.php?rest_route=\/wp\/v2\/posts\/5336"}],"collection":[{"href":"https:\/\/gkvitkovice.cz\/index.php?rest_route=\/wp\/v2\/posts"}],"about":[{"href":"https:\/\/gkvitkovice.cz\/index.php?rest_route=\/wp\/v2\/types\/post"}],"author":[{"embeddable":true,"href":"https:\/\/gkvitkovice.cz\/index.php?rest_route=\/wp\/v2\/users\/1"}],"replies":[{"embeddable":true,"href":"https:\/\/gkvitkovice.cz\/index.php?rest_route=%2Fwp%2Fv2%2Fcomments&post=5336"}],"version-history":[{"count":2,"href":"https:\/\/gkvitkovice.cz\/index.php?rest_route=\/wp\/v2\/posts\/5336\/revisions"}],"predecessor-version":[{"id":5340,"href":"https:\/\/gkvitkovice.cz\/index.php?rest_route=\/wp\/v2\/posts\/5336\/revisions\/5340"}],"wp:attachment":[{"href":"https:\/\/gkvitkovice.cz\/index.php?rest_route=%2Fwp%2Fv2%2Fmedia&parent=5336"}],"wp:term":[{"taxonomy":"category","embeddable":true,"href":"https:\/\/gkvitkovice.cz\/index.php?rest_route=%2Fwp%2Fv2%2Fcategories&post=5336"},{"taxonomy":"post_tag","embeddable":true,"href":"https:\/\/gkvitkovice.cz\/index.php?rest_route=%2Fwp%2Fv2%2Ftags&post=5336"}],"curies":[{"name":"wp","href":"https:\/\/api.w.org\/{rel}","templated":true}]}}