{"id":5342,"date":"2023-03-02T13:45:55","date_gmt":"2023-03-02T13:45:55","guid":{"rendered":"http:\/\/gkvitkovice.cz\/?p=5342"},"modified":"2023-03-02T13:46:28","modified_gmt":"2023-03-02T13:46:28","slug":"sgc-mini-cup-2023","status":"publish","type":"post","link":"https:\/\/gkvitkovice.cz\/?p=5342","title":{"rendered":"SGC Mini Cup 2023"},"content":{"rendered":"<div id=\"fb-root\"><\/div>\n<p><script async=\"\" defer=\"\" crossorigin=\"anonymous\" src=\"https:\/\/connect.facebook.net\/cs_CZ\/sdk.js#xfbml=1&amp;version=v16.0\" nonce=\"JC5WOVqH\"><\/script><\/p>\n\n\n<div class=\"wp-block-image\"><figure class=\"aligncenter size-large is-resized\"><a href=\"http:\/\/gkvitkovice.cz\/wp-content\/uploads\/2023\/03\/05_SGCMiniCup_09.jpg\"><img loading=\"lazy\" src=\"http:\/\/gkvitkovice.cz\/wp-content\/uploads\/2023\/03\/05_SGCMiniCup_09-682x1024.jpg\" alt=\"\" class=\"wp-image-5343\" width=\"341\" height=\"512\" srcset=\"https:\/\/gkvitkovice.cz\/wp-content\/uploads\/2023\/03\/05_SGCMiniCup_09-682x1024.jpg 682w, https:\/\/gkvitkovice.cz\/wp-content\/uploads\/2023\/03\/05_SGCMiniCup_09-200x300.jpg 200w, https:\/\/gkvitkovice.cz\/wp-content\/uploads\/2023\/03\/05_SGCMiniCup_09-768x1152.jpg 768w, https:\/\/gkvitkovice.cz\/wp-content\/uploads\/2023\/03\/05_SGCMiniCup_09-1024x1536.jpg 1024w, https:\/\/gkvitkovice.cz\/wp-content\/uploads\/2023\/03\/05_SGCMiniCup_09.jpg 1333w\" sizes=\"(max-width: 341px) 100vw, 341px\" \/><\/a><\/figure><\/div>\n\n\n<p>SGC Ostrava po\u0159\u00e1dal z\u00e1vod pro nejmen\u0161\u00ed d\u011bv\u010d\u00e1tka a chlapce. Podobn\u00fdch z\u00e1vod\u016f nen\u00ed moc a tak jsme r\u00e1di vyu\u017eili mo\u017enost z\u00edskat cenn\u00e9 z\u00e1vodn\u00ed zku\u0161enosti. V\u0161ichni z\u00e1vodn\u00edci i z\u00e1vodnice se maxim\u00e1ln\u011b sna\u017eili a poradili si s nelehk\u00fdm rozpisem a spoustou nov\u00fdch prvk\u016f.<\/p>\n<p>Mezi na\u0161e medailisty se za\u0159adili:<br>1. m\u00edsto<strong> Jur\u00e1\u0161ek F.<\/strong> (III. kategorie)<br>2. m\u00edsto <strong>Farn\u00edkov\u00e1 V.<\/strong>&nbsp;(kat. 2013 a ml.); <strong>Ly\u010dka M.<\/strong> (V. kategorie)<\/p>\n<p>Gratulujeme a p\u0159ejeme dal\u0161\u00ed \u00fasp\u011b\u0161n\u00e9 z\u00e1vody v\u0161em gymnastk\u00e1m a gymnast\u016fm.<\/p>\n<p>Fotky <a href=\"https:\/\/gkvitkovice.rajce.idnes.cz\/SGC_Mini_Cup_2023\/\">ZDE<\/a><\/p>\n<p><em>(Gabriela Hynek)<\/em><\/p>\n<div class=\"fb-like\" data-href=\"http:\/\/gkvitkovice.cz\/?p=5342\" data-width=\"\" data-layout=\"\" data-action=\"\" data-size=\"\" data-share=\"true\"><\/div>","protected":false},"excerpt":{"rendered":"<p><!-- wp:image {\"align\":\"center\",\"id\":5343,\"width\":341,\"height\":512,\"sizeSlug\":\"large\",\"linkDestination\":\"media\"} --><\/p>\n<div class=\"wp-block-image\">\n<figure class=\"aligncenter size-large is-resized\"><a href=\"http:\/\/gkvitkovice.cz\/wp-content\/uploads\/2023\/03\/05_SGCMiniCup_09.jpg\"><img loading=\"lazy\" src=\"http:\/\/gkvitkovice.cz\/wp-content\/uploads\/2023\/03\/05_SGCMiniCup_09-682x1024.jpg\" alt=\"\" class=\"wp-image-5343\" width=\"341\" height=\"512\" srcset=\"https:\/\/gkvitkovice.cz\/wp-content\/uploads\/2023\/03\/05_SGCMiniCup_09-682x1024.jpg 682w, https:\/\/gkvitkovice.cz\/wp-content\/uploads\/2023\/03\/05_SGCMiniCup_09-200x300.jpg 200w, https:\/\/gkvitkovice.cz\/wp-content\/uploads\/2023\/03\/05_SGCMiniCup_09-768x1152.jpg 768w, https:\/\/gkvitkovice.cz\/wp-content\/uploads\/2023\/03\/05_SGCMiniCup_09-1024x1536.jpg 1024w, https:\/\/gkvitkovice.cz\/wp-content\/uploads\/2023\/03\/05_SGCMiniCup_09.jpg 1333w\" sizes=\"(max-width: 341px) 100vw, 341px\" \/><\/a><\/figure>\n<\/div>\n<p><!-- \/wp:image --><\/p>\n<p>SGC Ostrava po\u0159\u00e1dal z\u00e1vod pro nejmen\u0161\u00ed d\u011bv\u010d\u00e1tka a chlapce. <\/p>\n","protected":false},"author":1,"featured_media":0,"comment_status":"closed","ping_status":"open","sticky":false,"template":"","format":"standard","meta":[],"categories":[18],"tags":[],"_links":{"self":[{"href":"https:\/\/gkvitkovice.cz\/index.php?rest_route=\/wp\/v2\/posts\/5342"}],"collection":[{"href":"https:\/\/gkvitkovice.cz\/index.php?rest_route=\/wp\/v2\/posts"}],"about":[{"href":"https:\/\/gkvitkovice.cz\/index.php?rest_route=\/wp\/v2\/types\/post"}],"author":[{"embeddable":true,"href":"https:\/\/gkvitkovice.cz\/index.php?rest_route=\/wp\/v2\/users\/1"}],"replies":[{"embeddable":true,"href":"https:\/\/gkvitkovice.cz\/index.php?rest_route=%2Fwp%2Fv2%2Fcomments&post=5342"}],"version-history":[{"count":2,"href":"https:\/\/gkvitkovice.cz\/index.php?rest_route=\/wp\/v2\/posts\/5342\/revisions"}],"predecessor-version":[{"id":5345,"href":"https:\/\/gkvitkovice.cz\/index.php?rest_route=\/wp\/v2\/posts\/5342\/revisions\/5345"}],"wp:attachment":[{"href":"https:\/\/gkvitkovice.cz\/index.php?rest_route=%2Fwp%2Fv2%2Fmedia&parent=5342"}],"wp:term":[{"taxonomy":"category","embeddable":true,"href":"https:\/\/gkvitkovice.cz\/index.php?rest_route=%2Fwp%2Fv2%2Fcategories&post=5342"},{"taxonomy":"post_tag","embeddable":true,"href":"https:\/\/gkvitkovice.cz\/index.php?rest_route=%2Fwp%2Fv2%2Ftags&post=5342"}],"curies":[{"name":"wp","href":"https:\/\/api.w.org\/{rel}","templated":true}]}}