{"id":5374,"date":"2023-04-05T15:00:50","date_gmt":"2023-04-05T15:00:50","guid":{"rendered":"http:\/\/gkvitkovice.cz\/?p=5374"},"modified":"2023-04-05T15:01:30","modified_gmt":"2023-04-05T15:01:30","slug":"mimi-pohar-2023","status":"publish","type":"post","link":"https:\/\/gkvitkovice.cz\/?p=5374","title":{"rendered":"Mimi poh\u00e1r 2023"},"content":{"rendered":"<div id=\"fb-root\"><\/div>\n<p><script async=\"\" defer=\"\" crossorigin=\"anonymous\" src=\"https:\/\/connect.facebook.net\/cs_CZ\/sdk.js#xfbml=1&amp;version=v16.0\" nonce=\"sa2nZUhx\"><\/script><\/p>\n\n\n<div class=\"wp-block-image\"><figure class=\"aligncenter size-large is-resized\"><a href=\"http:\/\/gkvitkovice.cz\/wp-content\/uploads\/2023\/04\/09_MimipohrBrno_23.jpg\"><img loading=\"lazy\" src=\"http:\/\/gkvitkovice.cz\/wp-content\/uploads\/2023\/04\/09_MimipohrBrno_23-682x1024.jpg\" alt=\"\" class=\"wp-image-5375\" width=\"341\" height=\"512\" srcset=\"https:\/\/gkvitkovice.cz\/wp-content\/uploads\/2023\/04\/09_MimipohrBrno_23-682x1024.jpg 682w, https:\/\/gkvitkovice.cz\/wp-content\/uploads\/2023\/04\/09_MimipohrBrno_23-200x300.jpg 200w, https:\/\/gkvitkovice.cz\/wp-content\/uploads\/2023\/04\/09_MimipohrBrno_23-768x1152.jpg 768w, https:\/\/gkvitkovice.cz\/wp-content\/uploads\/2023\/04\/09_MimipohrBrno_23-1024x1536.jpg 1024w, https:\/\/gkvitkovice.cz\/wp-content\/uploads\/2023\/04\/09_MimipohrBrno_23.jpg 1333w\" sizes=\"(max-width: 341px) 100vw, 341px\" \/><\/a><\/figure><\/div>\n\n\n\n<p>Na apr\u00edla jsme vyrazili do sportovn\u00ed haly Morenda na tradi\u010dn\u00ed z\u00e1vod d\u00edvek v dvojboji &#8211; kladina, prostn\u00e1. Kv\u016fli nemocnosti odjela nakonec pouze jedna z\u00e1vodnice &#8211; <strong>Vivien Farn\u00edkov\u00e1<\/strong>. <\/p>\n\n\n\n<p>Z\u00e1vod za\u010dala na kladin\u011b, kde nezav\u00e1hala, a v konkurenci o rok star\u0161\u00edch d\u00edvek z\u00edskala druhou nejvy\u0161\u0161\u00ed zn\u00e1mku. Stejn\u011b tak p\u0159edvedla soust\u0159ed\u011bnou sestavu i na prostn\u00fdch a z Brna si odvezla st\u0159\u00edbrnou medaili. <\/p>\n\n\n\n<p>Moc gratuluji.<\/p>\n\n\n\n<p>Fotky <a href=\"https:\/\/gkvitkovice.rajce.idnes.cz\/Mimi_pohar%2C_Brno_2023\/\" target=\"_blank\" rel=\"noreferrer noopener\">ZDE<\/a><\/p>\n\n\n\n<p>V\u00fdsledky <a href=\"https:\/\/www.gymfed.cz\/vysledky\/detail\/2813\" target=\"_blank\" rel=\"noreferrer noopener\">ZDE<\/a><\/p>\n\n\n\n<p><em>(Gabriela Hynek)<\/em><\/p>\n\n\n<div class=\"fb-like\" data-href=\"http:\/\/gkvitkovice.cz\/?p=5374\" data-width=\"\" data-layout=\"\" data-action=\"\" data-size=\"\" data-share=\"true\"><\/div>","protected":false},"excerpt":{"rendered":"<p><!-- wp:image {\"align\":\"center\",\"id\":5375,\"width\":341,\"height\":512,\"sizeSlug\":\"large\",\"linkDestination\":\"media\"} --><\/p>\n<div class=\"wp-block-image\">\n<figure class=\"aligncenter size-large is-resized\"><a href=\"http:\/\/gkvitkovice.cz\/wp-content\/uploads\/2023\/04\/09_MimipohrBrno_23.jpg\"><img loading=\"lazy\" src=\"http:\/\/gkvitkovice.cz\/wp-content\/uploads\/2023\/04\/09_MimipohrBrno_23-682x1024.jpg\" alt=\"\" class=\"wp-image-5375\" width=\"341\" height=\"512\" srcset=\"https:\/\/gkvitkovice.cz\/wp-content\/uploads\/2023\/04\/09_MimipohrBrno_23-682x1024.jpg 682w, https:\/\/gkvitkovice.cz\/wp-content\/uploads\/2023\/04\/09_MimipohrBrno_23-200x300.jpg 200w, https:\/\/gkvitkovice.cz\/wp-content\/uploads\/2023\/04\/09_MimipohrBrno_23-768x1152.jpg 768w, https:\/\/gkvitkovice.cz\/wp-content\/uploads\/2023\/04\/09_MimipohrBrno_23-1024x1536.jpg 1024w, https:\/\/gkvitkovice.cz\/wp-content\/uploads\/2023\/04\/09_MimipohrBrno_23.jpg 1333w\" sizes=\"(max-width: 341px) 100vw, 341px\" \/><\/a><\/figure>\n<\/div>\n<p><!-- \/wp:image --><\/p>\n<p><!-- wp:paragraph --><\/p>\n<p>Na apr\u00edla jsme vyrazili do sportovn\u00ed haly Morenda na tradi\u010dn\u00ed z\u00e1vod d\u00edvek v dvojboji &#8211; kladina, prostn\u00e1.<\/p>\n","protected":false},"author":1,"featured_media":0,"comment_status":"closed","ping_status":"open","sticky":false,"template":"","format":"standard","meta":[],"categories":[18],"tags":[],"_links":{"self":[{"href":"https:\/\/gkvitkovice.cz\/index.php?rest_route=\/wp\/v2\/posts\/5374"}],"collection":[{"href":"https:\/\/gkvitkovice.cz\/index.php?rest_route=\/wp\/v2\/posts"}],"about":[{"href":"https:\/\/gkvitkovice.cz\/index.php?rest_route=\/wp\/v2\/types\/post"}],"author":[{"embeddable":true,"href":"https:\/\/gkvitkovice.cz\/index.php?rest_route=\/wp\/v2\/users\/1"}],"replies":[{"embeddable":true,"href":"https:\/\/gkvitkovice.cz\/index.php?rest_route=%2Fwp%2Fv2%2Fcomments&post=5374"}],"version-history":[{"count":2,"href":"https:\/\/gkvitkovice.cz\/index.php?rest_route=\/wp\/v2\/posts\/5374\/revisions"}],"predecessor-version":[{"id":5377,"href":"https:\/\/gkvitkovice.cz\/index.php?rest_route=\/wp\/v2\/posts\/5374\/revisions\/5377"}],"wp:attachment":[{"href":"https:\/\/gkvitkovice.cz\/index.php?rest_route=%2Fwp%2Fv2%2Fmedia&parent=5374"}],"wp:term":[{"taxonomy":"category","embeddable":true,"href":"https:\/\/gkvitkovice.cz\/index.php?rest_route=%2Fwp%2Fv2%2Fcategories&post=5374"},{"taxonomy":"post_tag","embeddable":true,"href":"https:\/\/gkvitkovice.cz\/index.php?rest_route=%2Fwp%2Fv2%2Ftags&post=5374"}],"curies":[{"name":"wp","href":"https:\/\/api.w.org\/{rel}","templated":true}]}}