{"id":5379,"date":"2023-04-17T19:45:21","date_gmt":"2023-04-17T19:45:21","guid":{"rendered":"http:\/\/gkvitkovice.cz\/?p=5379"},"modified":"2023-04-17T19:47:48","modified_gmt":"2023-04-17T19:47:48","slug":"znojmo-gym-cup-2023","status":"publish","type":"post","link":"https:\/\/gkvitkovice.cz\/?p=5379","title":{"rendered":"Znojmo Gym Cup 2023"},"content":{"rendered":"<div id=\"fb-root\"><\/div>\n<p><script async=\"\" defer=\"\" crossorigin=\"anonymous\" src=\"https:\/\/connect.facebook.net\/cs_CZ\/sdk.js#xfbml=1&amp;version=v16.0\" nonce=\"GvZBnfx2\"><\/script><\/p>\n\n\n<div class=\"wp-block-image\"><figure class=\"aligncenter size-large is-resized\"><a href=\"http:\/\/gkvitkovice.cz\/wp-content\/uploads\/2023\/04\/IMG-20230416-WA0026.jpg\"><img loading=\"lazy\" src=\"http:\/\/gkvitkovice.cz\/wp-content\/uploads\/2023\/04\/IMG-20230416-WA0026-768x1024.jpg\" alt=\"\" class=\"wp-image-5380\" width=\"384\" height=\"512\" srcset=\"https:\/\/gkvitkovice.cz\/wp-content\/uploads\/2023\/04\/IMG-20230416-WA0026-768x1024.jpg 768w, https:\/\/gkvitkovice.cz\/wp-content\/uploads\/2023\/04\/IMG-20230416-WA0026-225x300.jpg 225w, https:\/\/gkvitkovice.cz\/wp-content\/uploads\/2023\/04\/IMG-20230416-WA0026-1152x1536.jpg 1152w, https:\/\/gkvitkovice.cz\/wp-content\/uploads\/2023\/04\/IMG-20230416-WA0026.jpg 1500w\" sizes=\"(max-width: 384px) 100vw, 384px\" \/><\/a><\/figure><\/div>\n\n\n\n<p>Leto\u0161n\u00edho z\u00e1vodu ve Znojm\u011b se 15. 4. 2023 z\u00fa\u010dastnil hojn\u00fd po\u010det gymnastek i gymnast\u016f z mnoha odd\u00edl\u016f. Byl to dlouh\u00fd z\u00e1vod, ale ur\u010dit\u011b st\u00e1l za to. V\u0161ichni si odvezli cenn\u00e9 z\u00e1vodn\u00ed zku\u0161enosti a n\u011bkte\u0159\u00ed vystoupali i na stupn\u011b v\u00edt\u011bz\u016f.<\/p>\n\n\n\n<p>Medailist\u00e9:<br>VS0A &#8211; 1. <strong>Prouzov\u00e1 Terezka<\/strong>, 3. <strong>Kr\u00e1\u010dal\u00edkov\u00e1 Bar\u010da<\/strong><br>VS1A &#8211; 1. <strong>\u0160ilerov\u00e1 Elka<\/strong>, 2. <strong>Such\u00e1 Lili<\/strong><br>VS6C &#8211; 1. <strong>Koci\u00e1nov\u00e1 Ver\u010da<\/strong>, 3. <strong>Najdekov\u00e1 Natka<\/strong><\/p>\n\n\n\n<p>Gratulujeme!<\/p>\n\n\n\n<p>Fotky <a href=\"https:\/\/gkvitkovice.rajce.idnes.cz\/Znojmo_Gym_Cup,_15.4.2023\" target=\"_blank\" rel=\"noreferrer noopener\">ZDE<\/a><\/p>\n\n\n\n<p>V\u00fdsledky <a href=\"https:\/\/www.gymfed.cz\/vysledky\/detail\/2603?kategorie=7290\" target=\"_blank\" rel=\"noreferrer noopener\">ZDE<\/a><\/p>\n\n\n\n<p><em>(Monika Prutkayov\u00e1)<\/em><\/p>\n\n\n<div class=\"fb-like\" data-href=\"http:\/\/gkvitkovice.cz\/?p=5379\" data-width=\"\" data-layout=\"\" data-action=\"\" data-size=\"\" data-share=\"true\"><\/div>","protected":false},"excerpt":{"rendered":"<p><!-- wp:image {\"align\":\"center\",\"id\":5380,\"width\":384,\"height\":512,\"sizeSlug\":\"large\",\"linkDestination\":\"media\"} --><\/p>\n<div class=\"wp-block-image\">\n<figure class=\"aligncenter size-large is-resized\"><a href=\"http:\/\/gkvitkovice.cz\/wp-content\/uploads\/2023\/04\/IMG-20230416-WA0026.jpg\"><img loading=\"lazy\" src=\"http:\/\/gkvitkovice.cz\/wp-content\/uploads\/2023\/04\/IMG-20230416-WA0026-768x1024.jpg\" alt=\"\" class=\"wp-image-5380\" width=\"384\" height=\"512\" srcset=\"https:\/\/gkvitkovice.cz\/wp-content\/uploads\/2023\/04\/IMG-20230416-WA0026-768x1024.jpg 768w, https:\/\/gkvitkovice.cz\/wp-content\/uploads\/2023\/04\/IMG-20230416-WA0026-225x300.jpg 225w, https:\/\/gkvitkovice.cz\/wp-content\/uploads\/2023\/04\/IMG-20230416-WA0026-1152x1536.jpg 1152w, https:\/\/gkvitkovice.cz\/wp-content\/uploads\/2023\/04\/IMG-20230416-WA0026.jpg 1500w\" sizes=\"(max-width: 384px) 100vw, 384px\" \/><\/a><\/figure>\n<\/div>\n<p><!-- \/wp:image --><\/p>\n<p><!-- wp:paragraph --><\/p>\n<p>Leto\u0161n\u00edho z\u00e1vodu ve Znojm\u011b se 15. 4. 2023 z\u00fa\u010dastnil hojn\u00fd po\u010det gymnastek i gymnast\u016f z mnoha odd\u00edl\u016f.<\/p>\n","protected":false},"author":1,"featured_media":0,"comment_status":"closed","ping_status":"open","sticky":false,"template":"","format":"standard","meta":[],"categories":[18],"tags":[],"_links":{"self":[{"href":"https:\/\/gkvitkovice.cz\/index.php?rest_route=\/wp\/v2\/posts\/5379"}],"collection":[{"href":"https:\/\/gkvitkovice.cz\/index.php?rest_route=\/wp\/v2\/posts"}],"about":[{"href":"https:\/\/gkvitkovice.cz\/index.php?rest_route=\/wp\/v2\/types\/post"}],"author":[{"embeddable":true,"href":"https:\/\/gkvitkovice.cz\/index.php?rest_route=\/wp\/v2\/users\/1"}],"replies":[{"embeddable":true,"href":"https:\/\/gkvitkovice.cz\/index.php?rest_route=%2Fwp%2Fv2%2Fcomments&post=5379"}],"version-history":[{"count":4,"href":"https:\/\/gkvitkovice.cz\/index.php?rest_route=\/wp\/v2\/posts\/5379\/revisions"}],"predecessor-version":[{"id":5384,"href":"https:\/\/gkvitkovice.cz\/index.php?rest_route=\/wp\/v2\/posts\/5379\/revisions\/5384"}],"wp:attachment":[{"href":"https:\/\/gkvitkovice.cz\/index.php?rest_route=%2Fwp%2Fv2%2Fmedia&parent=5379"}],"wp:term":[{"taxonomy":"category","embeddable":true,"href":"https:\/\/gkvitkovice.cz\/index.php?rest_route=%2Fwp%2Fv2%2Fcategories&post=5379"},{"taxonomy":"post_tag","embeddable":true,"href":"https:\/\/gkvitkovice.cz\/index.php?rest_route=%2Fwp%2Fv2%2Ftags&post=5379"}],"curies":[{"name":"wp","href":"https:\/\/api.w.org\/{rel}","templated":true}]}}