{"id":5408,"date":"2023-04-24T12:10:05","date_gmt":"2023-04-24T12:10:05","guid":{"rendered":"http:\/\/gkvitkovice.cz\/?p=5408"},"modified":"2023-04-24T12:10:41","modified_gmt":"2023-04-24T12:10:41","slug":"memorial-milose-bortla-2023","status":"publish","type":"post","link":"https:\/\/gkvitkovice.cz\/?p=5408","title":{"rendered":"Memori\u00e1l Milo\u0161e Bortla 2023"},"content":{"rendered":"<div id=\"fb-root\"><\/div>\n<p><script async=\"\" defer=\"\" crossorigin=\"anonymous\" src=\"https:\/\/connect.facebook.net\/cs_CZ\/sdk.js#xfbml=1&amp;version=v16.0\" nonce=\"iwHciqwS\"><\/script><\/p>\n\n\n<div class=\"wp-block-image\"><figure class=\"aligncenter size-large is-resized\"><a href=\"http:\/\/gkvitkovice.cz\/wp-content\/uploads\/2023\/04\/20230318_182008-scaled.jpg\"><img loading=\"lazy\" src=\"http:\/\/gkvitkovice.cz\/wp-content\/uploads\/2023\/04\/20230318_182008-768x1024.jpg\" alt=\"\" class=\"wp-image-5409\" width=\"384\" height=\"512\" srcset=\"https:\/\/gkvitkovice.cz\/wp-content\/uploads\/2023\/04\/20230318_182008-768x1024.jpg 768w, https:\/\/gkvitkovice.cz\/wp-content\/uploads\/2023\/04\/20230318_182008-225x300.jpg 225w, https:\/\/gkvitkovice.cz\/wp-content\/uploads\/2023\/04\/20230318_182008-1152x1536.jpg 1152w, https:\/\/gkvitkovice.cz\/wp-content\/uploads\/2023\/04\/20230318_182008-1536x2048.jpg 1536w, https:\/\/gkvitkovice.cz\/wp-content\/uploads\/2023\/04\/20230318_182008-scaled.jpg 1920w\" sizes=\"(max-width: 384px) 100vw, 384px\" \/><\/a><\/figure><\/div>\n\n\n\n<p>18. 3. 2023 se d\u00edvky z na\u0161eho odd\u00edlu z\u00fa\u010dastnily poh\u00e1rov\u00e9ho memori\u00e1lu Milo\u0161e Bortla ve Vala\u0161sk\u00e9m Mezi\u0159\u00ed\u010d\u00ed. Z\u00e1vodilo se ve \u010dty\u0159boji.&nbsp;Zastoupen\u00ed jsme m\u011bly ve \u010dty\u0159ech kategori\u00edch z osmi. Tento z\u00e1vod byl na um\u00edst\u011bn\u00ed velice \u00fasp\u011b\u0161n\u00fd.<\/p>\n\n\n\n<p><br>\u017ea\u010dky ro\u010dn\u00edk 2015 &#8211; 3.m\u00edsto <strong>Marika \u0160perl\u00ednov\u00e1<\/strong><\/p>\n\n\n\n<p>VS4 C &#8211; 2. m\u00edsto <strong>\u0160krochov\u00e1 Krist\u00fdna<\/strong><\/p>\n\n\n\n<p>VS5 C &#8211; 3. m\u00edsto <strong>Huby\u010dov\u00e1 Valerie<\/strong><\/p>\n\n\n\n<p>VS6 C &#8211; 1. m\u00edsto <strong>Koci\u00e1nov\u00e1 Veronika<\/strong><\/p>\n\n\n\n<p><br>V\u0161em blahop\u0159ejeme!<\/p>\n\n\n\n<p>V\u00fdsledky <a href=\"https:\/\/www.gymfed.cz\/vysledky\/detail\/2576\" target=\"_blank\" rel=\"noreferrer noopener\">ZDE<\/a><\/p>\n\n\n\n<p><br><em>(Kate\u0159ina Orliczkov\u00e1, Laura Smolecov\u00e1)<\/em><\/p>\n\n\n<div class=\"fb-like\" data-href=\"http:\/\/gkvitkovice.cz\/?p=5408\" data-width=\"\" data-layout=\"\" data-action=\"\" data-size=\"\" data-share=\"true\"><\/div>","protected":false},"excerpt":{"rendered":"<p><!-- wp:image {\"align\":\"center\",\"id\":5409,\"width\":384,\"height\":512,\"sizeSlug\":\"large\",\"linkDestination\":\"media\"} --><\/p>\n<div class=\"wp-block-image\">\n<figure class=\"aligncenter size-large is-resized\"><a href=\"http:\/\/gkvitkovice.cz\/wp-content\/uploads\/2023\/04\/20230318_182008-scaled.jpg\"><img loading=\"lazy\" src=\"http:\/\/gkvitkovice.cz\/wp-content\/uploads\/2023\/04\/20230318_182008-768x1024.jpg\" alt=\"\" class=\"wp-image-5409\" width=\"384\" height=\"512\" srcset=\"https:\/\/gkvitkovice.cz\/wp-content\/uploads\/2023\/04\/20230318_182008-768x1024.jpg 768w, https:\/\/gkvitkovice.cz\/wp-content\/uploads\/2023\/04\/20230318_182008-225x300.jpg 225w, https:\/\/gkvitkovice.cz\/wp-content\/uploads\/2023\/04\/20230318_182008-1152x1536.jpg 1152w, https:\/\/gkvitkovice.cz\/wp-content\/uploads\/2023\/04\/20230318_182008-1536x2048.jpg 1536w, https:\/\/gkvitkovice.cz\/wp-content\/uploads\/2023\/04\/20230318_182008-scaled.jpg 1920w\" sizes=\"(max-width: 384px) 100vw, 384px\" \/><\/a><\/figure>\n<\/div>\n<p><!-- \/wp:image --><\/p>\n<p><!-- wp:paragraph --><\/p>\n<p>18. 3. 2023 se d\u00edvky z na\u0161eho odd\u00edlu z\u00fa\u010dastnily poh\u00e1rov\u00e9ho memori\u00e1lu Milo\u0161e Bortla ve Vala\u0161sk\u00e9m Mezi\u0159\u00ed\u010d\u00ed. <\/p>\n","protected":false},"author":1,"featured_media":0,"comment_status":"closed","ping_status":"open","sticky":false,"template":"","format":"standard","meta":[],"categories":[18],"tags":[],"_links":{"self":[{"href":"https:\/\/gkvitkovice.cz\/index.php?rest_route=\/wp\/v2\/posts\/5408"}],"collection":[{"href":"https:\/\/gkvitkovice.cz\/index.php?rest_route=\/wp\/v2\/posts"}],"about":[{"href":"https:\/\/gkvitkovice.cz\/index.php?rest_route=\/wp\/v2\/types\/post"}],"author":[{"embeddable":true,"href":"https:\/\/gkvitkovice.cz\/index.php?rest_route=\/wp\/v2\/users\/1"}],"replies":[{"embeddable":true,"href":"https:\/\/gkvitkovice.cz\/index.php?rest_route=%2Fwp%2Fv2%2Fcomments&post=5408"}],"version-history":[{"count":2,"href":"https:\/\/gkvitkovice.cz\/index.php?rest_route=\/wp\/v2\/posts\/5408\/revisions"}],"predecessor-version":[{"id":5412,"href":"https:\/\/gkvitkovice.cz\/index.php?rest_route=\/wp\/v2\/posts\/5408\/revisions\/5412"}],"wp:attachment":[{"href":"https:\/\/gkvitkovice.cz\/index.php?rest_route=%2Fwp%2Fv2%2Fmedia&parent=5408"}],"wp:term":[{"taxonomy":"category","embeddable":true,"href":"https:\/\/gkvitkovice.cz\/index.php?rest_route=%2Fwp%2Fv2%2Fcategories&post=5408"},{"taxonomy":"post_tag","embeddable":true,"href":"https:\/\/gkvitkovice.cz\/index.php?rest_route=%2Fwp%2Fv2%2Ftags&post=5408"}],"curies":[{"name":"wp","href":"https:\/\/api.w.org\/{rel}","templated":true}]}}