{"id":5413,"date":"2023-04-24T12:18:55","date_gmt":"2023-04-24T12:18:55","guid":{"rendered":"http:\/\/gkvitkovice.cz\/?p=5413"},"modified":"2023-04-24T12:19:16","modified_gmt":"2023-04-24T12:19:16","slug":"memorial-evy-bosakove-2023","status":"publish","type":"post","link":"https:\/\/gkvitkovice.cz\/?p=5413","title":{"rendered":"Memori\u00e1l Evy Bos\u00e1kov\u00e9 2023"},"content":{"rendered":"<div id=\"fb-root\"><\/div>\n<p><script async=\"\" defer=\"\" crossorigin=\"anonymous\" src=\"https:\/\/connect.facebook.net\/cs_CZ\/sdk.js#xfbml=1&amp;version=v16.0\" nonce=\"9z9E6Rje\"><\/script><\/p>\n\n\n<div class=\"wp-block-image\"><figure class=\"aligncenter size-large is-resized\"><a href=\"http:\/\/gkvitkovice.cz\/wp-content\/uploads\/2023\/04\/IMG-20230415-WA0006.jpg\"><img loading=\"lazy\" src=\"http:\/\/gkvitkovice.cz\/wp-content\/uploads\/2023\/04\/IMG-20230415-WA0006.jpg\" alt=\"\" class=\"wp-image-5414\" width=\"384\" height=\"512\" srcset=\"https:\/\/gkvitkovice.cz\/wp-content\/uploads\/2023\/04\/IMG-20230415-WA0006.jpg 768w, https:\/\/gkvitkovice.cz\/wp-content\/uploads\/2023\/04\/IMG-20230415-WA0006-225x300.jpg 225w\" sizes=\"(max-width: 384px) 100vw, 384px\" \/><\/a><\/figure><\/div>\n\n\n\n<p>15. dubna 2023 jsme vyrazily vlakem do Prahy na dal\u0161\u00ed poh\u00e1rov\u00fd z\u00e1vod, Memori\u00e1l Evy Bos\u00e1kov\u00e9. Jely jsme o den d\u0159\u00edve a stihly i proch\u00e1zku po Praze.<\/p>\n\n\n\n<p><br>\u00da\u010dast byla velk\u00e1, i s mezin\u00e1rodn\u00edm zastoupen\u00edm. Holky nabyly dal\u0161\u00ed cenn\u00e9 z\u00e1vodn\u00ed zku\u0161enosti.<br>Z\u00e1vodil se dvojboj &#8211; kladina, prostn\u00e1. A dokonce jsme dovezly i zlatou medaili d\u00edky <strong>Krist\u00fdn\u011b \u0160krochov\u00e9<\/strong> (1. m\u00edsto, kategorie poh\u00e1rov\u00e9 \u017e\u00e1kyn\u011b 2011-2012).<\/p>\n\n\n\n<p>Blahop\u0159ejeme v\u0161em!<\/p>\n\n\n\n<p>Fotky <a href=\"https:\/\/gkvitkovice.rajce.idnes.cz\/Memorial_Evy_Bosakove%2C_16.4.2023%2C_Praha\/\" target=\"_blank\" rel=\"noreferrer noopener\">ZDE<\/a><\/p>\n\n\n\n<p>V\u00fdsledky <a href=\"https:\/\/www.gymfed.cz\/vysledky\/detail\/2824\" target=\"_blank\" rel=\"noopener\">ZDE<\/a><\/p>\n\n\n\n<p><em>(Kate\u0159ina Orliczkov\u00e1, Laura Smolecov\u00e1)<\/em><\/p>\n\n\n<div class=\"fb-like\" data-href=\"http:\/\/gkvitkovice.cz\/?p=5413\" data-width=\"\" data-layout=\"\" data-action=\"\" data-size=\"\" data-share=\"true\"><\/div>","protected":false},"excerpt":{"rendered":"<p><!-- wp:image {\"align\":\"center\",\"id\":5414,\"width\":384,\"height\":512,\"sizeSlug\":\"large\",\"linkDestination\":\"media\"} --><\/p>\n<div class=\"wp-block-image\">\n<figure class=\"aligncenter size-large is-resized\"><a href=\"http:\/\/gkvitkovice.cz\/wp-content\/uploads\/2023\/04\/IMG-20230415-WA0006.jpg\"><img loading=\"lazy\" src=\"http:\/\/gkvitkovice.cz\/wp-content\/uploads\/2023\/04\/IMG-20230415-WA0006.jpg\" alt=\"\" class=\"wp-image-5414\" width=\"384\" height=\"512\" srcset=\"https:\/\/gkvitkovice.cz\/wp-content\/uploads\/2023\/04\/IMG-20230415-WA0006.jpg 768w, https:\/\/gkvitkovice.cz\/wp-content\/uploads\/2023\/04\/IMG-20230415-WA0006-225x300.jpg 225w\" sizes=\"(max-width: 384px) 100vw, 384px\" \/><\/a><\/figure>\n<\/div>\n<p><!-- \/wp:image --><\/p>\n<p><!-- wp:paragraph --><\/p>\n<p>15. dubna 2023 jsme vyrazily vlakem do Prahy na dal\u0161\u00ed poh\u00e1rov\u00fd z\u00e1vod, Memori\u00e1l Evy Bos\u00e1kov\u00e9. <\/p>\n","protected":false},"author":1,"featured_media":0,"comment_status":"closed","ping_status":"open","sticky":false,"template":"","format":"standard","meta":[],"categories":[18],"tags":[],"_links":{"self":[{"href":"https:\/\/gkvitkovice.cz\/index.php?rest_route=\/wp\/v2\/posts\/5413"}],"collection":[{"href":"https:\/\/gkvitkovice.cz\/index.php?rest_route=\/wp\/v2\/posts"}],"about":[{"href":"https:\/\/gkvitkovice.cz\/index.php?rest_route=\/wp\/v2\/types\/post"}],"author":[{"embeddable":true,"href":"https:\/\/gkvitkovice.cz\/index.php?rest_route=\/wp\/v2\/users\/1"}],"replies":[{"embeddable":true,"href":"https:\/\/gkvitkovice.cz\/index.php?rest_route=%2Fwp%2Fv2%2Fcomments&post=5413"}],"version-history":[{"count":2,"href":"https:\/\/gkvitkovice.cz\/index.php?rest_route=\/wp\/v2\/posts\/5413\/revisions"}],"predecessor-version":[{"id":5416,"href":"https:\/\/gkvitkovice.cz\/index.php?rest_route=\/wp\/v2\/posts\/5413\/revisions\/5416"}],"wp:attachment":[{"href":"https:\/\/gkvitkovice.cz\/index.php?rest_route=%2Fwp%2Fv2%2Fmedia&parent=5413"}],"wp:term":[{"taxonomy":"category","embeddable":true,"href":"https:\/\/gkvitkovice.cz\/index.php?rest_route=%2Fwp%2Fv2%2Fcategories&post=5413"},{"taxonomy":"post_tag","embeddable":true,"href":"https:\/\/gkvitkovice.cz\/index.php?rest_route=%2Fwp%2Fv2%2Ftags&post=5413"}],"curies":[{"name":"wp","href":"https:\/\/api.w.org\/{rel}","templated":true}]}}