{"id":5418,"date":"2023-05-01T20:12:21","date_gmt":"2023-05-01T20:12:21","guid":{"rendered":"http:\/\/gkvitkovice.cz\/?p=5418"},"modified":"2023-05-01T20:13:00","modified_gmt":"2023-05-01T20:13:00","slug":"pohar-mesta-trebice-2023","status":"publish","type":"post","link":"https:\/\/gkvitkovice.cz\/?p=5418","title":{"rendered":"Poh\u00e1r m\u011bsta T\u0159eb\u00ed\u010de 2023"},"content":{"rendered":"<div id=\"fb-root\"><\/div>\n<p><script async=\"\" defer=\"\" crossorigin=\"anonymous\" src=\"https:\/\/connect.facebook.net\/cs_CZ\/sdk.js#xfbml=1&amp;version=v16.0\" nonce=\"MUDtWsPL\"><\/script><\/p>\n\n\n<div class=\"wp-block-image\"><figure class=\"aligncenter size-large is-resized\"><a href=\"http:\/\/gkvitkovice.cz\/wp-content\/uploads\/2023\/05\/05_TGTeb_41.jpg\"><img loading=\"lazy\" src=\"http:\/\/gkvitkovice.cz\/wp-content\/uploads\/2023\/05\/05_TGTeb_41-682x1024.jpg\" alt=\"\" class=\"wp-image-5419\" width=\"341\" height=\"512\" srcset=\"https:\/\/gkvitkovice.cz\/wp-content\/uploads\/2023\/05\/05_TGTeb_41-682x1024.jpg 682w, https:\/\/gkvitkovice.cz\/wp-content\/uploads\/2023\/05\/05_TGTeb_41-200x300.jpg 200w, https:\/\/gkvitkovice.cz\/wp-content\/uploads\/2023\/05\/05_TGTeb_41-768x1152.jpg 768w, https:\/\/gkvitkovice.cz\/wp-content\/uploads\/2023\/05\/05_TGTeb_41-1024x1536.jpg 1024w, https:\/\/gkvitkovice.cz\/wp-content\/uploads\/2023\/05\/05_TGTeb_41.jpg 1333w\" sizes=\"(max-width: 341px) 100vw, 341px\" \/><\/a><\/figure><\/div>\n\n\n\n<p><br>V sobotu 15. 4. 2023 se na\u0161e TG dru\u017estvo z\u00fa\u010dastnilo z\u00e1vodu v T\u0159eb\u00ed\u010di, kter\u00fd byl prvn\u00edm z\u00e1vodem \u010cesk\u00e9ho poh\u00e1ru (s\u00e9rie p\u011bti z\u00e1vodu v TG) a z\u00e1rove\u0148 nomina\u010dn\u00edm z\u00e1vodem na M\u010cR v Olomouci. Na\u0161e d\u011bv\u010data z\u00e1vodila v nejvy\u0161\u0161\u00ed juniorsk\u00e9 kategorii JUNIOR A. V T\u0159eb\u00ed\u010d\u00ed se se\u0161ly nejlep\u0161\u00ed t\u00fdmy z cel\u00e9 republiky a konkurence byla opravdu velik\u00e1.<br>Holky zajely skv\u011bl\u00fd z\u00e1vod, obzvl\u00e1\u0161\u0165 se rozhod\u010d\u00edm l\u00edbilo jejich proveden\u00ed podiov\u00e9 skladby, za kterou obdr\u017eely 17 bod\u016f. Zaslou\u017een\u011b si tak z T\u0159eb\u00ed\u010de odvezly st\u0159\u00edbrn\u00e9 medaile, skon\u010dily pouhou desetinu za v\u00edt\u011bzn\u00fdm dru\u017estvem Flik Flak Plze\u0148<\/p>\n\n\n\n<p>Foto <a rel=\"noreferrer noopener\" href=\"https:\/\/gkvitkovice.rajce.idnes.cz\/TG_Trebic\" target=\"_blank\">ZDE<\/a><\/p>\n\n\n\n<p><em>(Gabriela Hynek)<\/em><\/p>\n\n\n<div class=\"fb-like\" data-href=\"http:\/\/gkvitkovice.cz\/?p=5418\" data-width=\"\" data-layout=\"\" data-action=\"\" data-size=\"\" data-share=\"true\"><\/div>","protected":false},"excerpt":{"rendered":"<p><!-- wp:image {\"align\":\"center\",\"id\":5419,\"width\":341,\"height\":512,\"sizeSlug\":\"large\",\"linkDestination\":\"media\"} --><\/p>\n<div class=\"wp-block-image\">\n<figure class=\"aligncenter size-large is-resized\"><a href=\"http:\/\/gkvitkovice.cz\/wp-content\/uploads\/2023\/05\/05_TGTeb_41.jpg\"><img loading=\"lazy\" src=\"http:\/\/gkvitkovice.cz\/wp-content\/uploads\/2023\/05\/05_TGTeb_41-682x1024.jpg\" alt=\"\" class=\"wp-image-5419\" width=\"341\" height=\"512\" srcset=\"https:\/\/gkvitkovice.cz\/wp-content\/uploads\/2023\/05\/05_TGTeb_41-682x1024.jpg 682w, https:\/\/gkvitkovice.cz\/wp-content\/uploads\/2023\/05\/05_TGTeb_41-200x300.jpg 200w, https:\/\/gkvitkovice.cz\/wp-content\/uploads\/2023\/05\/05_TGTeb_41-768x1152.jpg 768w, https:\/\/gkvitkovice.cz\/wp-content\/uploads\/2023\/05\/05_TGTeb_41-1024x1536.jpg 1024w, https:\/\/gkvitkovice.cz\/wp-content\/uploads\/2023\/05\/05_TGTeb_41.jpg 1333w\" sizes=\"(max-width: 341px) 100vw, 341px\" \/><\/a><\/figure>\n<\/div>\n<p><!-- \/wp:image --><\/p>\n<p><!-- wp:paragraph --><\/p>\n<p>V sobotu 15. 4. 2023 se na\u0161e TG dru\u017estvo z\u00fa\u010dastnilo z\u00e1vodu v T\u0159eb\u00ed\u010di, kter\u00fd byl prvn\u00edm z\u00e1vodem \u010cesk\u00e9ho poh\u00e1ru (s\u00e9rie p\u011bti z\u00e1vodu v TG) a z\u00e1rove\u0148 nomina\u010dn\u00edm z\u00e1vodem na M\u010cR v Olomouci.<\/p>\n","protected":false},"author":1,"featured_media":0,"comment_status":"closed","ping_status":"open","sticky":false,"template":"","format":"standard","meta":[],"categories":[18],"tags":[],"_links":{"self":[{"href":"https:\/\/gkvitkovice.cz\/index.php?rest_route=\/wp\/v2\/posts\/5418"}],"collection":[{"href":"https:\/\/gkvitkovice.cz\/index.php?rest_route=\/wp\/v2\/posts"}],"about":[{"href":"https:\/\/gkvitkovice.cz\/index.php?rest_route=\/wp\/v2\/types\/post"}],"author":[{"embeddable":true,"href":"https:\/\/gkvitkovice.cz\/index.php?rest_route=\/wp\/v2\/users\/1"}],"replies":[{"embeddable":true,"href":"https:\/\/gkvitkovice.cz\/index.php?rest_route=%2Fwp%2Fv2%2Fcomments&post=5418"}],"version-history":[{"count":2,"href":"https:\/\/gkvitkovice.cz\/index.php?rest_route=\/wp\/v2\/posts\/5418\/revisions"}],"predecessor-version":[{"id":5422,"href":"https:\/\/gkvitkovice.cz\/index.php?rest_route=\/wp\/v2\/posts\/5418\/revisions\/5422"}],"wp:attachment":[{"href":"https:\/\/gkvitkovice.cz\/index.php?rest_route=%2Fwp%2Fv2%2Fmedia&parent=5418"}],"wp:term":[{"taxonomy":"category","embeddable":true,"href":"https:\/\/gkvitkovice.cz\/index.php?rest_route=%2Fwp%2Fv2%2Fcategories&post=5418"},{"taxonomy":"post_tag","embeddable":true,"href":"https:\/\/gkvitkovice.cz\/index.php?rest_route=%2Fwp%2Fv2%2Ftags&post=5418"}],"curies":[{"name":"wp","href":"https:\/\/api.w.org\/{rel}","templated":true}]}}