{"id":5429,"date":"2023-05-02T12:28:48","date_gmt":"2023-05-02T12:28:48","guid":{"rendered":"http:\/\/gkvitkovice.cz\/?p=5429"},"modified":"2023-05-02T12:29:16","modified_gmt":"2023-05-02T12:29:16","slug":"pohar-mesta-kadane-2023","status":"publish","type":"post","link":"https:\/\/gkvitkovice.cz\/?p=5429","title":{"rendered":"Poh\u00e1r m\u011bsta Kadan\u011b 2023"},"content":{"rendered":"<div id=\"fb-root\"><\/div>\n<p><script async=\"\" defer=\"\" crossorigin=\"anonymous\" src=\"https:\/\/connect.facebook.net\/cs_CZ\/sdk.js#xfbml=1&amp;version=v16.0\" nonce=\"O7lYsuXH\"><\/script><\/p>\n\n\n<div class=\"wp-block-image\"><figure class=\"aligncenter size-large is-resized\"><a href=\"http:\/\/gkvitkovice.cz\/wp-content\/uploads\/2023\/05\/06_Kada_22.jpg\"><img loading=\"lazy\" src=\"http:\/\/gkvitkovice.cz\/wp-content\/uploads\/2023\/05\/06_Kada_22-1024x683.jpg\" alt=\"\" class=\"wp-image-5430\" width=\"512\" height=\"342\" srcset=\"https:\/\/gkvitkovice.cz\/wp-content\/uploads\/2023\/05\/06_Kada_22-1024x683.jpg 1024w, https:\/\/gkvitkovice.cz\/wp-content\/uploads\/2023\/05\/06_Kada_22-300x200.jpg 300w, https:\/\/gkvitkovice.cz\/wp-content\/uploads\/2023\/05\/06_Kada_22-768x512.jpg 768w, https:\/\/gkvitkovice.cz\/wp-content\/uploads\/2023\/05\/06_Kada_22-1536x1025.jpg 1536w, https:\/\/gkvitkovice.cz\/wp-content\/uploads\/2023\/05\/06_Kada_22.jpg 2000w\" sizes=\"(max-width: 512px) 100vw, 512px\" \/><\/a><\/figure><\/div>\n\n\n\n<p>Druh\u00fdm z\u00e1vodem \u010cesk\u00e9ho poh\u00e1ru a z\u00e1rove\u0148 druh\u00fdm kvalifika\u010dn\u00edm z\u00e1vodem na M\u010cR v teamgymu byl Poh\u00e1r m\u011bsta Kadan\u011b. Na\u0161e dru\u017estvo \u010dekaly dal\u0161\u00ed n\u00e1ro\u010dn\u00e9 v\u00fdzvy. Tou \u00fapln\u011b prvn\u00ed bylo absolvov\u00e1n\u00ed cesty do dalek\u00e9 Kadan\u011b, tedy skoro osm hodin cesty vlakem. V z\u00e1vod\u011b se holky praly hlavn\u011b s trampol\u00ednou, na kter\u00e9 za\u010d\u00ednaly. Zde ji\u017e p\u0159i rozcvi\u010den\u00ed zavl\u00e1dla lehk\u00e1 nervozita. Ta se bohu\u017eel p\u0159enesla i do z\u00e1vodu a holky ztratily oproti T\u0159eb\u00ed\u010di dva a p\u016fl bodu. Na\u0161t\u011bst\u00ed jsou ale skv\u011bl\u00e1 parta a um\u00ed se nejen bavit, ale hlavn\u011b se vz\u00e1jemn\u011b podpo\u0159it. Proto se nevzdaly a spole\u010dn\u011b se state\u010dn\u011b popraly se zbytkem z\u00e1vodu. Hned na tumblu vybojovaly nejvy\u0161\u0161\u00ed zn\u00e1mku a tak si z Kadan\u011b nakonec odvezly st\u0159\u00edbrn\u00e9 medaile a dal\u0161\u00ed cenn\u00e9 body do \u010cesk\u00e9ho poh\u00e1ru. <\/p>\n\n\n\n<p>Moc d\u011bkujeme po\u0159adatel\u016fm a Maxipsu F\u00edkovi za kr\u00e1sn\u00fd z\u00e1vod, ceny a velmi vesel\u00e9 vyhl\u00e1\u0161en\u00ed v\u00fdsledk\u016f. Tak\u00e9 n\u00e1s p\u0159ekvapilo, jak kr\u00e1sn\u00e9 m\u011bsto Kada\u0148 je a kolik zaj\u00edmavost\u00ed je zde k vid\u011bn\u00ed. Holky ale ur\u010dit\u011b nejv\u00edce ocenily n\u00e1v\u0161t\u011bvu baz\u00e9nu &#8222;v nafukova\u010dce&#8220; \ud83d\ude42<\/p>\n\n\n\n<p>Tak\u017ee za \u010dtrn\u00e1ct dn\u00ed na M\u010cR v Olomouci!<\/p>\n\n\n\n<p>Foto <a rel=\"noreferrer noopener\" href=\"https:\/\/gkvitkovice.rajce.idnes.cz\/TG_Kadan%2C_29._4._2023\/\" target=\"_blank\">ZDE<\/a><\/p>\n\n\n\n<p><em>(Gabriela Hynek)<\/em><\/p>\n\n\n<div class=\"fb-like\" data-href=\"http:\/\/gkvitkovice.cz\/?p=5429\" data-width=\"\" data-layout=\"\" data-action=\"\" data-size=\"\" data-share=\"true\"><\/div>","protected":false},"excerpt":{"rendered":"<p><!-- wp:image {\"align\":\"center\",\"id\":5430,\"width\":512,\"height\":342,\"sizeSlug\":\"large\",\"linkDestination\":\"media\"} --><\/p>\n<div class=\"wp-block-image\">\n<figure class=\"aligncenter size-large is-resized\"><a href=\"http:\/\/gkvitkovice.cz\/wp-content\/uploads\/2023\/05\/06_Kada_22.jpg\"><img loading=\"lazy\" src=\"http:\/\/gkvitkovice.cz\/wp-content\/uploads\/2023\/05\/06_Kada_22-1024x683.jpg\" alt=\"\" class=\"wp-image-5430\" width=\"512\" height=\"342\" srcset=\"https:\/\/gkvitkovice.cz\/wp-content\/uploads\/2023\/05\/06_Kada_22-1024x683.jpg 1024w, https:\/\/gkvitkovice.cz\/wp-content\/uploads\/2023\/05\/06_Kada_22-300x200.jpg 300w, https:\/\/gkvitkovice.cz\/wp-content\/uploads\/2023\/05\/06_Kada_22-768x512.jpg 768w, https:\/\/gkvitkovice.cz\/wp-content\/uploads\/2023\/05\/06_Kada_22-1536x1025.jpg 1536w, https:\/\/gkvitkovice.cz\/wp-content\/uploads\/2023\/05\/06_Kada_22.jpg 2000w\" sizes=\"(max-width: 512px) 100vw, 512px\" \/><\/a><\/figure>\n<\/div>\n<p><!-- \/wp:image --><\/p>\n<p><!-- wp:paragraph --><\/p>\n<p>Druh\u00fdm z\u00e1vodem \u010cesk\u00e9ho poh\u00e1ru a z\u00e1rove\u0148 druh\u00fdm kvalifika\u010dn\u00edm z\u00e1vodem na M\u010cR v teamgymu byl Poh\u00e1r m\u011bsta Kadan\u011b. <\/p>\n","protected":false},"author":1,"featured_media":0,"comment_status":"closed","ping_status":"open","sticky":false,"template":"","format":"standard","meta":[],"categories":[18],"tags":[],"_links":{"self":[{"href":"https:\/\/gkvitkovice.cz\/index.php?rest_route=\/wp\/v2\/posts\/5429"}],"collection":[{"href":"https:\/\/gkvitkovice.cz\/index.php?rest_route=\/wp\/v2\/posts"}],"about":[{"href":"https:\/\/gkvitkovice.cz\/index.php?rest_route=\/wp\/v2\/types\/post"}],"author":[{"embeddable":true,"href":"https:\/\/gkvitkovice.cz\/index.php?rest_route=\/wp\/v2\/users\/1"}],"replies":[{"embeddable":true,"href":"https:\/\/gkvitkovice.cz\/index.php?rest_route=%2Fwp%2Fv2%2Fcomments&post=5429"}],"version-history":[{"count":2,"href":"https:\/\/gkvitkovice.cz\/index.php?rest_route=\/wp\/v2\/posts\/5429\/revisions"}],"predecessor-version":[{"id":5432,"href":"https:\/\/gkvitkovice.cz\/index.php?rest_route=\/wp\/v2\/posts\/5429\/revisions\/5432"}],"wp:attachment":[{"href":"https:\/\/gkvitkovice.cz\/index.php?rest_route=%2Fwp%2Fv2%2Fmedia&parent=5429"}],"wp:term":[{"taxonomy":"category","embeddable":true,"href":"https:\/\/gkvitkovice.cz\/index.php?rest_route=%2Fwp%2Fv2%2Fcategories&post=5429"},{"taxonomy":"post_tag","embeddable":true,"href":"https:\/\/gkvitkovice.cz\/index.php?rest_route=%2Fwp%2Fv2%2Ftags&post=5429"}],"curies":[{"name":"wp","href":"https:\/\/api.w.org\/{rel}","templated":true}]}}