{"id":5433,"date":"2023-05-02T12:37:38","date_gmt":"2023-05-02T12:37:38","guid":{"rendered":"http:\/\/gkvitkovice.cz\/?p=5433"},"modified":"2023-05-02T12:38:36","modified_gmt":"2023-05-02T12:38:36","slug":"prebor-msk-nepostupove-kategorie-2023","status":"publish","type":"post","link":"https:\/\/gkvitkovice.cz\/?p=5433","title":{"rendered":"P\u0159ebor MSK &#8211; nepostupov\u00e9 kategorie 2023"},"content":{"rendered":"<div id=\"fb-root\"><\/div>\n<p><script async=\"\" defer=\"\" crossorigin=\"anonymous\" src=\"https:\/\/connect.facebook.net\/cs_CZ\/sdk.js#xfbml=1&amp;version=v16.0\" nonce=\"RrtKkved\"><\/script><\/p>\n\n\n<div class=\"wp-block-image\"><figure class=\"aligncenter size-large is-resized\"><a href=\"http:\/\/gkvitkovice.cz\/wp-content\/uploads\/2023\/05\/WhatsApp-Image-2023-05-02-at-14.35.02-1.jpeg\"><img loading=\"lazy\" src=\"http:\/\/gkvitkovice.cz\/wp-content\/uploads\/2023\/05\/WhatsApp-Image-2023-05-02-at-14.35.02-1-769x1024.jpeg\" alt=\"\" class=\"wp-image-5434\" width=\"385\" height=\"512\" srcset=\"https:\/\/gkvitkovice.cz\/wp-content\/uploads\/2023\/05\/WhatsApp-Image-2023-05-02-at-14.35.02-1-769x1024.jpeg 769w, https:\/\/gkvitkovice.cz\/wp-content\/uploads\/2023\/05\/WhatsApp-Image-2023-05-02-at-14.35.02-1-225x300.jpeg 225w, https:\/\/gkvitkovice.cz\/wp-content\/uploads\/2023\/05\/WhatsApp-Image-2023-05-02-at-14.35.02-1-768x1022.jpeg 768w, https:\/\/gkvitkovice.cz\/wp-content\/uploads\/2023\/05\/WhatsApp-Image-2023-05-02-at-14.35.02-1.jpeg 843w\" sizes=\"(max-width: 385px) 100vw, 385px\" \/><\/a><\/figure><\/div>\n\n\n\n<p>29. 4. 2023 se na\u0161e gymnastky z\u00fa\u010dastnily krajsk\u00e9ho p\u0159eboru Moravskoslezsk\u00e9ho kraje pro nepostupov\u00e9 kategorie ve Fren\u0161t\u00e1tu pod Radho\u0161t\u011bm. Zastoupen\u00ed jsme m\u011bli v p\u011bti kategori\u00edch z osmi a dovezli jsme 6 medail\u00ed, z toho 3 zlat\u00e9.<br><\/p>\n\n\n\n<p>Z\u00e1vodu se z\u00fa\u010dastnily:<br>VS0A &#8211; 1. <strong>Prouzov\u00e1 Tereza<\/strong>, 2. <strong>Kr\u00e1\u010dal\u00edkov\u00e1 Barbora<\/strong>, 5.<strong> Je\u017ekov\u00e1 Marie Anna<\/strong><br>VS1B &#8211; 1. <strong>Francov\u00e1 Apolena<\/strong>, 2. <strong>Kova\u0159\u010d\u00edkov\u00e1 Mia<\/strong><br>VS4C &#8211; 7.<strong> Svobodov\u00e1 Roz\u00e1lie<\/strong>, 8. <strong>Kiesewetterov\u00e1 Emma<\/strong><br>VS5C &#8211; 4. <strong>Ludwigov\u00e1 Elen<\/strong><br>VS6C &#8211; 1. <strong>Najdekov\u00e1 Nat\u00e1lie<\/strong>, 2. <strong>Koci\u00e1nov\u00e1 Veronika<\/strong><\/p>\n\n\n\n<p>V\u0161em gratulujeme!<\/p>\n\n\n\n<p>Fotky <a href=\"https:\/\/gkvitkovice.rajce.idnes.cz\/Prebor_MSK_-_nepostupove_kategorie%2C_29.4.2023%2C_Frenstat_pod_Radhostem\/\" target=\"_blank\" rel=\"noreferrer noopener\">ZDE<\/a><\/p>\n\n\n\n<p>V\u00fdsledky <a rel=\"noreferrer noopener\" href=\"https:\/\/www.gymfed.cz\/vysledky\/detail\/2726\" target=\"_blank\">ZDE<\/a><\/p>\n\n\n\n<p><p><em>(Laura Smolecov\u00e1)<\/em><\/p>\n<div class=\"fb-like\" data-href=\"http:\/\/gkvitkovice.cz\/?p=5433\" data-width=\"\" data-layout=\"\" data-action=\"\" data-size=\"\" data-share=\"true\"><\/div><\/p>\n","protected":false},"excerpt":{"rendered":"<p><!-- wp:image {\"align\":\"center\",\"id\":5434,\"width\":385,\"height\":512,\"sizeSlug\":\"large\",\"linkDestination\":\"media\"} --><\/p>\n<div class=\"wp-block-image\">\n<figure class=\"aligncenter size-large is-resized\"><a href=\"http:\/\/gkvitkovice.cz\/wp-content\/uploads\/2023\/05\/WhatsApp-Image-2023-05-02-at-14.35.02-1.jpeg\"><img loading=\"lazy\" src=\"http:\/\/gkvitkovice.cz\/wp-content\/uploads\/2023\/05\/WhatsApp-Image-2023-05-02-at-14.35.02-1-769x1024.jpeg\" alt=\"\" class=\"wp-image-5434\" width=\"385\" height=\"512\" srcset=\"https:\/\/gkvitkovice.cz\/wp-content\/uploads\/2023\/05\/WhatsApp-Image-2023-05-02-at-14.35.02-1-769x1024.jpeg 769w, https:\/\/gkvitkovice.cz\/wp-content\/uploads\/2023\/05\/WhatsApp-Image-2023-05-02-at-14.35.02-1-225x300.jpeg 225w, https:\/\/gkvitkovice.cz\/wp-content\/uploads\/2023\/05\/WhatsApp-Image-2023-05-02-at-14.35.02-1-768x1022.jpeg 768w, https:\/\/gkvitkovice.cz\/wp-content\/uploads\/2023\/05\/WhatsApp-Image-2023-05-02-at-14.35.02-1.jpeg 843w\" sizes=\"(max-width: 385px) 100vw, 385px\" \/><\/a><\/figure>\n<\/div>\n<p><!-- \/wp:image --><\/p>\n<p><!-- wp:paragraph --><\/p>\n<p>29. 4. 2023 se na\u0161e gymnastky z\u00fa\u010dastnily krajsk\u00e9ho p\u0159eboru Moravskoslezsk\u00e9ho kraje pro nepostupov\u00e9 kategorie ve Fren\u0161t\u00e1tu pod Radho\u0161t\u011bm.<\/p>\n","protected":false},"author":1,"featured_media":0,"comment_status":"closed","ping_status":"open","sticky":false,"template":"","format":"standard","meta":[],"categories":[18],"tags":[],"_links":{"self":[{"href":"https:\/\/gkvitkovice.cz\/index.php?rest_route=\/wp\/v2\/posts\/5433"}],"collection":[{"href":"https:\/\/gkvitkovice.cz\/index.php?rest_route=\/wp\/v2\/posts"}],"about":[{"href":"https:\/\/gkvitkovice.cz\/index.php?rest_route=\/wp\/v2\/types\/post"}],"author":[{"embeddable":true,"href":"https:\/\/gkvitkovice.cz\/index.php?rest_route=\/wp\/v2\/users\/1"}],"replies":[{"embeddable":true,"href":"https:\/\/gkvitkovice.cz\/index.php?rest_route=%2Fwp%2Fv2%2Fcomments&post=5433"}],"version-history":[{"count":3,"href":"https:\/\/gkvitkovice.cz\/index.php?rest_route=\/wp\/v2\/posts\/5433\/revisions"}],"predecessor-version":[{"id":5437,"href":"https:\/\/gkvitkovice.cz\/index.php?rest_route=\/wp\/v2\/posts\/5433\/revisions\/5437"}],"wp:attachment":[{"href":"https:\/\/gkvitkovice.cz\/index.php?rest_route=%2Fwp%2Fv2%2Fmedia&parent=5433"}],"wp:term":[{"taxonomy":"category","embeddable":true,"href":"https:\/\/gkvitkovice.cz\/index.php?rest_route=%2Fwp%2Fv2%2Fcategories&post=5433"},{"taxonomy":"post_tag","embeddable":true,"href":"https:\/\/gkvitkovice.cz\/index.php?rest_route=%2Fwp%2Fv2%2Ftags&post=5433"}],"curies":[{"name":"wp","href":"https:\/\/api.w.org\/{rel}","templated":true}]}}