{"id":5438,"date":"2023-05-02T21:05:49","date_gmt":"2023-05-02T21:05:49","guid":{"rendered":"http:\/\/gkvitkovice.cz\/?p=5438"},"modified":"2023-05-02T21:06:15","modified_gmt":"2023-05-02T21:06:15","slug":"25-internationales-asvo-jugendturnier-innsbruck-2023","status":"publish","type":"post","link":"https:\/\/gkvitkovice.cz\/?p=5438","title":{"rendered":"25. INTERNATIONALES ASV\u00d6 JUGENDTURNIER INNSBRUCK 2023"},"content":{"rendered":"<div id=\"fb-root\"><\/div>\n<p><script async=\"\" defer=\"\" crossorigin=\"anonymous\" src=\"https:\/\/connect.facebook.net\/cs_CZ\/sdk.js#xfbml=1&amp;version=v16.0\" nonce=\"xOjqfHl8\"><\/script><\/p>\n\n\n<div class=\"wp-block-image\"><figure class=\"aligncenter size-large is-resized\"><a href=\"http:\/\/gkvitkovice.cz\/wp-content\/uploads\/2023\/05\/IMG_20230422_142713.jpg\"><img loading=\"lazy\" src=\"http:\/\/gkvitkovice.cz\/wp-content\/uploads\/2023\/05\/IMG_20230422_142713-1024x769.jpg\" alt=\"\" class=\"wp-image-5440\" width=\"512\" height=\"385\" srcset=\"https:\/\/gkvitkovice.cz\/wp-content\/uploads\/2023\/05\/IMG_20230422_142713-1024x769.jpg 1024w, https:\/\/gkvitkovice.cz\/wp-content\/uploads\/2023\/05\/IMG_20230422_142713-300x225.jpg 300w, https:\/\/gkvitkovice.cz\/wp-content\/uploads\/2023\/05\/IMG_20230422_142713-768x577.jpg 768w, https:\/\/gkvitkovice.cz\/wp-content\/uploads\/2023\/05\/IMG_20230422_142713-1536x1154.jpg 1536w, https:\/\/gkvitkovice.cz\/wp-content\/uploads\/2023\/05\/IMG_20230422_142713.jpg 2000w\" sizes=\"(max-width: 512px) 100vw, 512px\" \/><\/a><\/figure><\/div>\n\n\n\n<p>Leto\u0161n\u00edm prvn\u00edm mezin\u00e1rodn\u00edm z\u00e1vodem, kter\u00e9ho jsme se z\u00fa\u010dastnili, byl ji\u017e tradi\u010dn\u00ed z\u00e1vod v rakousk\u00e9m Innsbrucku, kter\u00fd se konal 22. 4. 2023. Za \u00fa\u010dasti sedmi evropsk\u00fdch st\u00e1t\u016f, v\u010detn\u011b \u010desk\u00fdch, slovensk\u00fdch, chorvatsk\u00fdch a rakousk\u00fdch \u010dlen\u016f juniorsk\u00fdch reprezenta\u010dn\u00edch v\u00fdb\u011br\u016f, se na\u0161i z\u00e1vodn\u00edci neztratili.<\/p>\n\n\n\n<p>D\u011bv\u010data p\u0159es nemoci a zran\u011bn\u00ed, kter\u00e9 se jim kr\u00e1tce p\u0159ed z\u00e1vodem nevyhnuly, zaz\u00e1vodila nad o\u010dek\u00e1v\u00e1n\u00ed v\u00fdborn\u011b. V\u0161echny \u00fasp\u011b\u0161n\u011b za\u0159adily mnoho nov\u00fdch prvk\u016f a vazeb, kter\u00e9 si poprv\u00e9 vyzkou\u0161ely v sout\u011b\u017ei. Bohu\u017eel se na kladin\u011b nevyhnuly hrub\u00fdm chyb\u00e1m a p\u0159ipravily se o lep\u0161\u00ed um\u00edst\u011bn\u00ed. I tak je 12. m\u00edsto <strong>Lindy Rakov\u00e9<\/strong>, 23. m\u00edsto <strong>Frederky Prutkayov\u00e9<\/strong> a 27. m\u00edsto <strong>Zoe Kol\u00e1\u0159ov\u00e9<\/strong> v konkurenci 51 z\u00e1vodnic velmi p\u011bkn\u00fd v\u00fdsledek. Stejn\u011b jako 14. m\u00edsto <strong>Ka\u010dky B\u00e1rtkov\u00e9<\/strong> a 25. m\u00edsto <strong>S\u00e1ry Novotn\u00e9<\/strong> v kategorii junior.<\/p>\n\n\n\n<p>Letos s n\u00e1mi odjeli sout\u011b\u017eit i kluci. <strong>Honza Leikep<\/strong> z\u00e1vodil v kategorii junior a zacvi\u010dil na v\u011bt\u0161in\u011b n\u00e1\u0159ad\u00ed opravdu bezvadn\u011b. Sv\u00fdm kvalitn\u00edm cvi\u010den\u00edm si zajistil kr\u00e1sn\u00e9 9. m\u00edsto (15 z\u00e1vodn\u00edk\u016f). Spolu s hostuj\u00edc\u00edmi kluky z Brna obsadili v sout\u011b\u017ei dru\u017estev p\u011bkn\u00e9 4. m\u00edsto.<\/p>\n\n\n\n<p>V\u0161ichni z\u00e1vodn\u00edci a z\u00e1vodnice si odvezli p\u0159edev\u0161\u00edm zku\u0161enosti, kter\u00e9 jsou d\u016fle\u017eit\u00e9 pro jejich dal\u0161\u00ed sportovn\u00ed rozvoj. Mimoto si odnesli i mnoho p\u011bkn\u00fdch z\u00e1\u017eitk\u016f z proch\u00e1zky po kr\u00e1sn\u00e9m Innsbrucku nebo tradi\u010dn\u00ed zast\u00e1vky u jezera Mondsee.<\/p>\n\n\n\n<p>D\u011bkujeme nejen z\u00e1vodn\u00edk\u016fm a z\u00e1vodnic\u00edm za reprezentaci a tren\u00e9r\u016fm za p\u0159\u00edpravu, ale tak\u00e9 \u0159idi\u010d\u016fm a brn\u011bnsk\u00fdm kluk\u016fm a tren\u00e9r\u016fm za spolupr\u00e1ci.<\/p>\n\n\n\n<p>Fotky <a rel=\"noreferrer noopener\" href=\"https:\/\/gkvitkovice.rajce.idnes.cz\/25._INTERNATIONALES_ASVO_JUGENDTURNIER_INNSBRUCK%2C_22.4.2023\/\" target=\"_blank\">ZDE<\/a><\/p>\n\n\n\n<p>V\u00fdsledky: <\/p>\n\n\n\n<div class=\"wp-block-file\"><a href=\"http:\/\/gkvitkovice.cz\/wp-content\/uploads\/2023\/05\/erg_hpd2023_gesamt_korr.pdf\">erg_hpd2023_gesamt_korr<\/a><a href=\"http:\/\/gkvitkovice.cz\/wp-content\/uploads\/2023\/05\/erg_hpd2023_gesamt_korr.pdf\" class=\"wp-block-file__button\" download>St\u00e1hnout<\/a><\/div>\n\n\n\n<p><em>(Monika Prutkayov\u00e1)<\/em><\/p>\n\n\n<div class=\"fb-like\" data-href=\"http:\/\/gkvitkovice.cz\/?p=5438\" data-width=\"\" data-layout=\"\" data-action=\"\" data-size=\"\" data-share=\"true\"><\/div>","protected":false},"excerpt":{"rendered":"<p><!-- wp:image {\"align\":\"center\",\"id\":5440,\"width\":512,\"height\":385,\"sizeSlug\":\"large\",\"linkDestination\":\"media\"} --><\/p>\n<div class=\"wp-block-image\">\n<figure class=\"aligncenter size-large is-resized\"><a href=\"http:\/\/gkvitkovice.cz\/wp-content\/uploads\/2023\/05\/IMG_20230422_142713.jpg\"><img loading=\"lazy\" src=\"http:\/\/gkvitkovice.cz\/wp-content\/uploads\/2023\/05\/IMG_20230422_142713-1024x769.jpg\" alt=\"\" class=\"wp-image-5440\" width=\"512\" height=\"385\" srcset=\"https:\/\/gkvitkovice.cz\/wp-content\/uploads\/2023\/05\/IMG_20230422_142713-1024x769.jpg 1024w, https:\/\/gkvitkovice.cz\/wp-content\/uploads\/2023\/05\/IMG_20230422_142713-300x225.jpg 300w, https:\/\/gkvitkovice.cz\/wp-content\/uploads\/2023\/05\/IMG_20230422_142713-768x577.jpg 768w, https:\/\/gkvitkovice.cz\/wp-content\/uploads\/2023\/05\/IMG_20230422_142713-1536x1154.jpg 1536w, https:\/\/gkvitkovice.cz\/wp-content\/uploads\/2023\/05\/IMG_20230422_142713.jpg 2000w\" sizes=\"(max-width: 512px) 100vw, 512px\" \/><\/a><\/figure>\n<\/div>\n<p><!-- \/wp:image --><\/p>\n<p><!-- wp:paragraph --><\/p>\n<p>Leto\u0161n\u00edm prvn\u00edm mezin\u00e1rodn\u00edm z\u00e1vodem, kter\u00e9ho jsme se z\u00fa\u010dastnili, byl ji\u017e tradi\u010dn\u00ed z\u00e1vod v rakousk\u00e9m Innsbrucku, kter\u00fd se konal 22. 4. 2023. <\/p>\n","protected":false},"author":1,"featured_media":0,"comment_status":"closed","ping_status":"open","sticky":false,"template":"","format":"standard","meta":[],"categories":[18],"tags":[],"_links":{"self":[{"href":"https:\/\/gkvitkovice.cz\/index.php?rest_route=\/wp\/v2\/posts\/5438"}],"collection":[{"href":"https:\/\/gkvitkovice.cz\/index.php?rest_route=\/wp\/v2\/posts"}],"about":[{"href":"https:\/\/gkvitkovice.cz\/index.php?rest_route=\/wp\/v2\/types\/post"}],"author":[{"embeddable":true,"href":"https:\/\/gkvitkovice.cz\/index.php?rest_route=\/wp\/v2\/users\/1"}],"replies":[{"embeddable":true,"href":"https:\/\/gkvitkovice.cz\/index.php?rest_route=%2Fwp%2Fv2%2Fcomments&post=5438"}],"version-history":[{"count":2,"href":"https:\/\/gkvitkovice.cz\/index.php?rest_route=\/wp\/v2\/posts\/5438\/revisions"}],"predecessor-version":[{"id":5442,"href":"https:\/\/gkvitkovice.cz\/index.php?rest_route=\/wp\/v2\/posts\/5438\/revisions\/5442"}],"wp:attachment":[{"href":"https:\/\/gkvitkovice.cz\/index.php?rest_route=%2Fwp%2Fv2%2Fmedia&parent=5438"}],"wp:term":[{"taxonomy":"category","embeddable":true,"href":"https:\/\/gkvitkovice.cz\/index.php?rest_route=%2Fwp%2Fv2%2Fcategories&post=5438"},{"taxonomy":"post_tag","embeddable":true,"href":"https:\/\/gkvitkovice.cz\/index.php?rest_route=%2Fwp%2Fv2%2Ftags&post=5438"}],"curies":[{"name":"wp","href":"https:\/\/api.w.org\/{rel}","templated":true}]}}