{"id":5479,"date":"2023-05-14T21:02:06","date_gmt":"2023-05-14T21:02:06","guid":{"rendered":"http:\/\/gkvitkovice.cz\/?p=5479"},"modified":"2023-05-14T21:02:44","modified_gmt":"2023-05-14T21:02:44","slug":"majovy-zavod-2023","status":"publish","type":"post","link":"https:\/\/gkvitkovice.cz\/?p=5479","title":{"rendered":"M\u00e1jov\u00fd z\u00e1vod 2023"},"content":{"rendered":"<div id=\"fb-root\"><\/div>\n<p><script async=\"\" defer=\"\" crossorigin=\"anonymous\" src=\"https:\/\/connect.facebook.net\/cs_CZ\/sdk.js#xfbml=1&amp;version=v16.0\" nonce=\"tpkqFzyI\"><\/script><\/p>\n\n\n<div class=\"wp-block-image\"><figure class=\"aligncenter size-large is-resized\"><a href=\"http:\/\/gkvitkovice.cz\/wp-content\/uploads\/2023\/05\/08_Karvin_42.jpg\"><img loading=\"lazy\" src=\"http:\/\/gkvitkovice.cz\/wp-content\/uploads\/2023\/05\/08_Karvin_42-683x1024.jpg\" alt=\"\" class=\"wp-image-5480\" width=\"342\" height=\"512\" srcset=\"https:\/\/gkvitkovice.cz\/wp-content\/uploads\/2023\/05\/08_Karvin_42-683x1024.jpg 683w, https:\/\/gkvitkovice.cz\/wp-content\/uploads\/2023\/05\/08_Karvin_42-200x300.jpg 200w, https:\/\/gkvitkovice.cz\/wp-content\/uploads\/2023\/05\/08_Karvin_42-768x1151.jpg 768w, https:\/\/gkvitkovice.cz\/wp-content\/uploads\/2023\/05\/08_Karvin_42-1025x1536.jpg 1025w, https:\/\/gkvitkovice.cz\/wp-content\/uploads\/2023\/05\/08_Karvin_42.jpg 1334w\" sizes=\"(max-width: 342px) 100vw, 342px\" \/><\/a><\/figure><\/div>\n\n\n\n<p>6. 5. 2023 se t\u0159i na\u0161e d\u011bv\u010data \u00fa\u010dastnila moc p\u011bkn\u00e9ho z\u00e1vodu v Karvin\u00e9. Z\u00e1vodilo se v cel\u00e9m \u010dty\u0159boji. <\/p>\n\n\n\n<p>Nejl\u00e9pe se um\u00edstila <strong>Julie Marszolkov\u00e1<\/strong>, kter\u00e1 vyhr\u00e1la kategorii nejmlad\u0161\u00edch \u017e\u00e1ky\u0148 &#8211; ro\u010d. nar. 2015. Hned za n\u00ed na 2. m\u00edst\u011b skon\u010dila <strong>Vivien Farn\u00edkov\u00e1<\/strong>. V kategorii juniorek a \u017een startovala <strong>Nat\u00e1lie Najdekov\u00e1<\/strong>, kter\u00e9 se bohu\u017eel tolik nezada\u0159ilo na p\u0159eskoku a nav\u00edc spadla z kladiny.&nbsp; I tak ale skon\u010dila na p\u011bkn\u00e9m 5. m\u00edst\u011b.<\/p>\n\n\n\n<p>V\u0161em gratulujeme k um\u00edst\u011bn\u00ed.<\/p>\n\n\n\n<p>Fotky <a rel=\"noreferrer noopener\" href=\"https:\/\/gkvitkovice.rajce.idnes.cz\/Majovy_zavod%2C_6._5._2023\/\" target=\"_blank\">ZDE<\/a><\/p>\n\n\n\n<p><em>(Gabriela Hynek)<\/em><\/p>\n\n\n\n<p><\/p>\n\n\n<div class=\"fb-like\" data-href=\"http:\/\/gkvitkovice.cz\/?p=5479\" data-width=\"\" data-layout=\"\" data-action=\"\" data-size=\"\" data-share=\"true\"><\/div>","protected":false},"excerpt":{"rendered":"<p><!-- wp:image {\"align\":\"center\",\"id\":5480,\"width\":342,\"height\":512,\"sizeSlug\":\"large\",\"linkDestination\":\"media\"} --><\/p>\n<div class=\"wp-block-image\">\n<figure class=\"aligncenter size-large is-resized\"><a href=\"http:\/\/gkvitkovice.cz\/wp-content\/uploads\/2023\/05\/08_Karvin_42.jpg\"><img loading=\"lazy\" src=\"http:\/\/gkvitkovice.cz\/wp-content\/uploads\/2023\/05\/08_Karvin_42-683x1024.jpg\" alt=\"\" class=\"wp-image-5480\" width=\"342\" height=\"512\" srcset=\"https:\/\/gkvitkovice.cz\/wp-content\/uploads\/2023\/05\/08_Karvin_42-683x1024.jpg 683w, https:\/\/gkvitkovice.cz\/wp-content\/uploads\/2023\/05\/08_Karvin_42-200x300.jpg 200w, https:\/\/gkvitkovice.cz\/wp-content\/uploads\/2023\/05\/08_Karvin_42-768x1151.jpg 768w, https:\/\/gkvitkovice.cz\/wp-content\/uploads\/2023\/05\/08_Karvin_42-1025x1536.jpg 1025w, https:\/\/gkvitkovice.cz\/wp-content\/uploads\/2023\/05\/08_Karvin_42.jpg 1334w\" sizes=\"(max-width: 342px) 100vw, 342px\" \/><\/a><\/figure>\n<\/div>\n<p><!-- \/wp:image --><\/p>\n<p><!-- wp:paragraph --><\/p>\n<p>6. 5. 2023 se t\u0159i na\u0161e d\u011bv\u010data \u00fa\u010dastnila moc p\u011bkn\u00e9ho z\u00e1vodu v Karvin\u00e9. <\/p>\n","protected":false},"author":1,"featured_media":0,"comment_status":"closed","ping_status":"open","sticky":false,"template":"","format":"standard","meta":[],"categories":[18],"tags":[],"_links":{"self":[{"href":"https:\/\/gkvitkovice.cz\/index.php?rest_route=\/wp\/v2\/posts\/5479"}],"collection":[{"href":"https:\/\/gkvitkovice.cz\/index.php?rest_route=\/wp\/v2\/posts"}],"about":[{"href":"https:\/\/gkvitkovice.cz\/index.php?rest_route=\/wp\/v2\/types\/post"}],"author":[{"embeddable":true,"href":"https:\/\/gkvitkovice.cz\/index.php?rest_route=\/wp\/v2\/users\/1"}],"replies":[{"embeddable":true,"href":"https:\/\/gkvitkovice.cz\/index.php?rest_route=%2Fwp%2Fv2%2Fcomments&post=5479"}],"version-history":[{"count":2,"href":"https:\/\/gkvitkovice.cz\/index.php?rest_route=\/wp\/v2\/posts\/5479\/revisions"}],"predecessor-version":[{"id":5483,"href":"https:\/\/gkvitkovice.cz\/index.php?rest_route=\/wp\/v2\/posts\/5479\/revisions\/5483"}],"wp:attachment":[{"href":"https:\/\/gkvitkovice.cz\/index.php?rest_route=%2Fwp%2Fv2%2Fmedia&parent=5479"}],"wp:term":[{"taxonomy":"category","embeddable":true,"href":"https:\/\/gkvitkovice.cz\/index.php?rest_route=%2Fwp%2Fv2%2Fcategories&post=5479"},{"taxonomy":"post_tag","embeddable":true,"href":"https:\/\/gkvitkovice.cz\/index.php?rest_route=%2Fwp%2Fv2%2Ftags&post=5479"}],"curies":[{"name":"wp","href":"https:\/\/api.w.org\/{rel}","templated":true}]}}