{"id":5484,"date":"2023-05-14T21:10:52","date_gmt":"2023-05-14T21:10:52","guid":{"rendered":"http:\/\/gkvitkovice.cz\/?p=5484"},"modified":"2023-05-15T08:20:50","modified_gmt":"2023-05-15T08:20:50","slug":"mistrovstvi-ceske-republiky-v-teamgymu-2023","status":"publish","type":"post","link":"https:\/\/gkvitkovice.cz\/?p=5484","title":{"rendered":"Mistrovstv\u00ed \u010cesk\u00e9 republiky v TeamGymu 2023"},"content":{"rendered":"<div id=\"fb-root\"><\/div>\n<p><script async=\"\" defer=\"\" crossorigin=\"anonymous\" src=\"https:\/\/connect.facebook.net\/cs_CZ\/sdk.js#xfbml=1&amp;version=v16.0\" nonce=\"dm3lJNW7\"><\/script><\/p>\n\n\n<div class=\"wp-block-image\"><figure class=\"aligncenter size-large is-resized\"><a href=\"http:\/\/gkvitkovice.cz\/wp-content\/uploads\/2023\/05\/MCR_71-scaled.jpg\"><img loading=\"lazy\" src=\"http:\/\/gkvitkovice.cz\/wp-content\/uploads\/2023\/05\/MCR_71-1024x683.jpg\" alt=\"\" class=\"wp-image-5485\" width=\"512\" height=\"342\" srcset=\"https:\/\/gkvitkovice.cz\/wp-content\/uploads\/2023\/05\/MCR_71-1024x683.jpg 1024w, https:\/\/gkvitkovice.cz\/wp-content\/uploads\/2023\/05\/MCR_71-300x200.jpg 300w, https:\/\/gkvitkovice.cz\/wp-content\/uploads\/2023\/05\/MCR_71-768x512.jpg 768w, https:\/\/gkvitkovice.cz\/wp-content\/uploads\/2023\/05\/MCR_71-1536x1024.jpg 1536w, https:\/\/gkvitkovice.cz\/wp-content\/uploads\/2023\/05\/MCR_71-2048x1365.jpg 2048w\" sizes=\"(max-width: 512px) 100vw, 512px\" \/><\/a><\/figure><\/div>\n\n\n\n<p>13. 5. 2023 odjel n\u00e1\u0161 t\u00fdm do Olomouce na M\u010cR v TeamGymu. Doufaly jsme, \u017ee nav\u00e1\u017eeme na lo\u0148sk\u00e9 \u00fasp\u011bchy z Plzn\u011b (2. m\u00edsto v kategorii junior A), ale z\u00e1rove\u0148 jsme z\u016fst\u00e1valy nohama pevn\u011b na zemi s v\u011bdom\u00edm, \u017ee konkurence je obrovsk\u00e1. Z\u00e1vod jsme zah\u00e1jily na p\u00f3diov\u00e9 skladb\u011b. I p\u0159es drobn\u00e9 nezdary jsme z\u00edskaly velmi slu\u0161nou zn\u00e1mku, kter\u00e1 n\u00e1s nakopla p\u0159ed dal\u0161\u00edmi n\u00e1\u0159ad\u00edmi.\u00a0<br>N\u00e1sledoval tumble. Ten jsme uzav\u0159ely dv\u011bma dvojn\u00fdmi salty, z\u00edskaly tak nejvy\u0161\u0161\u00ed zn\u00e1mku za obt\u00ed\u017enost a sklidily zaslou\u017een\u00fd aplaus. Nakonec n\u00e1s \u010dekalo na\u0161e nejob\u00e1van\u011bj\u0161\u00ed n\u00e1\u0159ad\u00ed, trampol\u00edna. Prob\u011bhla taktick\u00e1 porada a \u0161lo se na v\u011bc. Holky do toho daly \u00fapln\u011b v\u0161echno.<br>Pak u\u017e jsme jen napjat\u011b sledovaly v\u00fdsledkovou tabuli. GK V\u00edtkovice &#8211; Garfi Ostrava se objevilo \u00fapln\u011b naho\u0159e. Neuv\u011b\u0159iteln\u00e9, \u00fa\u017easn\u00e9, skv\u011bl\u00e9! N\u00e1\u0161 sen se stal skute\u010dnost\u00ed jsme MISTRYN\u011a \u010cR pro rok 2023. Na\u0161e euforie se je\u0161t\u011b v\u00edc umocnila, kdy\u017e jsme zjistily, \u017ee jsme se jako dru\u017estvo nominovaly na Mid &#8211; European TeamGym Championships, kter\u00fd se uskute\u010dn\u00ed 16. &#8211; 19. 11. 2023 v italsk\u00e9m Lignano Sabbiadoro. Tento \u00fasp\u011bch je pro n\u00e1s cenn\u011bj\u0161\u00ed i proto, \u017ee jsme na konci lo\u0148sk\u00e9ho \u0161koln\u00edho roku st\u00e1ly p\u0159ed z\u00e1sadn\u00edm rozhodnut\u00edm. Co bude d\u00e1l? Na\u0161e \u010dty\u0159i st\u00e1lice (<strong>Klaudi Hynek<\/strong>, <strong>Lucku G\u0159e\u0161ovou<\/strong>, <strong>Natku Papou\u0161kovou<\/strong> a <strong>Rozku O\u017eanovou<\/strong>) doplnila d\u011bv\u010data z Fren\u0161t\u00e1tu (<strong>Nela \u0160tefkov\u00e1<\/strong>, <strong>Ami \u0160ustalov\u00e1<\/strong>, <strong>Terka Dobi\u00e1\u0161ov\u00e1<\/strong> a <strong>Sofi Hil\u0161erov\u00e1<\/strong>). Doj\u00ed\u017ed\u00ed za n\u00e1mi, cvi\u010d\u00ed, makaj\u00ed a t\u00edm posouvaj\u00ed sebe i n\u00e1s. Za to pat\u0159\u00ed d\u00edky jim i jejich tren\u00e9rk\u00e1m Simon\u011b Modrovi\u010dov\u00e9 a Mirce Fialov\u00e9. Nejv\u011bt\u0161\u00ed d\u00edky ale pat\u0159\u00ed na\u0161\u00ed Gabce Hynek, kter\u00e1 holky svedla dohromady a dovedla je a\u017e sem.<\/p>\n\n\n\n<p><br>Dodatek: Kr\u00e1tk\u00fd sest\u0159ih ze z\u00e1vodu a snad tedy i n\u00e1s m\u016f\u017eete vid\u011bt na \u010cT Sport, a to 18. 5. ve 14:15 h.<\/p>\n\n\n\n<p>Fotky <a href=\"https:\/\/gkvitkovice.rajce.idnes.cz\/MCR_TG_2023\/\" target=\"_blank\" rel=\"noreferrer noopener\">ZDE<\/a><\/p>\n\n\n\n<p><em>(Lucie Papou\u0161kov\u00e1)<\/em><\/p>\n\n\n<div class=\"fb-like\" data-href=\"http:\/\/gkvitkovice.cz\/?p=5484\" data-width=\"\" data-layout=\"\" data-action=\"\" data-size=\"\" data-share=\"true\"><\/div>","protected":false},"excerpt":{"rendered":"<p><!-- wp:image {\"align\":\"center\",\"id\":5485,\"width\":512,\"height\":342,\"sizeSlug\":\"large\",\"linkDestination\":\"media\"} --><\/p>\n<div class=\"wp-block-image\">\n<figure class=\"aligncenter size-large is-resized\"><a href=\"http:\/\/gkvitkovice.cz\/wp-content\/uploads\/2023\/05\/MCR_71-scaled.jpg\"><img loading=\"lazy\" src=\"http:\/\/gkvitkovice.cz\/wp-content\/uploads\/2023\/05\/MCR_71-1024x683.jpg\" alt=\"\" class=\"wp-image-5485\" width=\"512\" height=\"342\" srcset=\"https:\/\/gkvitkovice.cz\/wp-content\/uploads\/2023\/05\/MCR_71-1024x683.jpg 1024w, https:\/\/gkvitkovice.cz\/wp-content\/uploads\/2023\/05\/MCR_71-300x200.jpg 300w, https:\/\/gkvitkovice.cz\/wp-content\/uploads\/2023\/05\/MCR_71-768x512.jpg 768w, https:\/\/gkvitkovice.cz\/wp-content\/uploads\/2023\/05\/MCR_71-1536x1024.jpg 1536w, https:\/\/gkvitkovice.cz\/wp-content\/uploads\/2023\/05\/MCR_71-2048x1365.jpg 2048w\" sizes=\"(max-width: 512px) 100vw, 512px\" \/><\/a><\/figure>\n<\/div>\n<p><!-- \/wp:image --><\/p>\n<p><!-- wp:paragraph --><\/p>\n<p>13. 5. 2023 odjel n\u00e1\u0161 t\u00fdm do Olomouce na M\u010cR v TeamGymu.<\/p>\n","protected":false},"author":1,"featured_media":0,"comment_status":"closed","ping_status":"open","sticky":false,"template":"","format":"standard","meta":[],"categories":[18],"tags":[],"_links":{"self":[{"href":"https:\/\/gkvitkovice.cz\/index.php?rest_route=\/wp\/v2\/posts\/5484"}],"collection":[{"href":"https:\/\/gkvitkovice.cz\/index.php?rest_route=\/wp\/v2\/posts"}],"about":[{"href":"https:\/\/gkvitkovice.cz\/index.php?rest_route=\/wp\/v2\/types\/post"}],"author":[{"embeddable":true,"href":"https:\/\/gkvitkovice.cz\/index.php?rest_route=\/wp\/v2\/users\/1"}],"replies":[{"embeddable":true,"href":"https:\/\/gkvitkovice.cz\/index.php?rest_route=%2Fwp%2Fv2%2Fcomments&post=5484"}],"version-history":[{"count":3,"href":"https:\/\/gkvitkovice.cz\/index.php?rest_route=\/wp\/v2\/posts\/5484\/revisions"}],"predecessor-version":[{"id":5488,"href":"https:\/\/gkvitkovice.cz\/index.php?rest_route=\/wp\/v2\/posts\/5484\/revisions\/5488"}],"wp:attachment":[{"href":"https:\/\/gkvitkovice.cz\/index.php?rest_route=%2Fwp%2Fv2%2Fmedia&parent=5484"}],"wp:term":[{"taxonomy":"category","embeddable":true,"href":"https:\/\/gkvitkovice.cz\/index.php?rest_route=%2Fwp%2Fv2%2Fcategories&post=5484"},{"taxonomy":"post_tag","embeddable":true,"href":"https:\/\/gkvitkovice.cz\/index.php?rest_route=%2Fwp%2Fv2%2Ftags&post=5484"}],"curies":[{"name":"wp","href":"https:\/\/api.w.org\/{rel}","templated":true}]}}