{"id":5490,"date":"2023-05-26T20:17:27","date_gmt":"2023-05-26T20:17:27","guid":{"rendered":"https:\/\/gkvitkovice.cz\/?p=5490"},"modified":"2023-05-26T20:19:04","modified_gmt":"2023-05-26T20:19:04","slug":"memorial-karla-parmy-2023","status":"publish","type":"post","link":"https:\/\/gkvitkovice.cz\/?p=5490","title":{"rendered":"Memori\u00e1l Karla Parmy 2023"},"content":{"rendered":"<div id=\"fb-root\"><\/div>\n<p><script async=\"\" defer=\"\" crossorigin=\"anonymous\" src=\"https:\/\/connect.facebook.net\/cs_CZ\/sdk.js#xfbml=1&amp;version=v17.0\" nonce=\"3WMg8R0s\"><\/script><\/p>\n\n\n<div class=\"wp-block-image\"><figure class=\"aligncenter size-large is-resized\"><a href=\"https:\/\/gkvitkovice.cz\/wp-content\/uploads\/2023\/05\/20230513_141418.jpg\"><img loading=\"lazy\" src=\"https:\/\/gkvitkovice.cz\/wp-content\/uploads\/2023\/05\/20230513_141418-1024x768.jpg\" alt=\"\" class=\"wp-image-5491\" width=\"512\" height=\"384\" srcset=\"https:\/\/gkvitkovice.cz\/wp-content\/uploads\/2023\/05\/20230513_141418-1024x768.jpg 1024w, https:\/\/gkvitkovice.cz\/wp-content\/uploads\/2023\/05\/20230513_141418-300x225.jpg 300w, https:\/\/gkvitkovice.cz\/wp-content\/uploads\/2023\/05\/20230513_141418-768x576.jpg 768w, https:\/\/gkvitkovice.cz\/wp-content\/uploads\/2023\/05\/20230513_141418-1536x1152.jpg 1536w, https:\/\/gkvitkovice.cz\/wp-content\/uploads\/2023\/05\/20230513_141418.jpg 2000w\" sizes=\"(max-width: 512px) 100vw, 512px\" \/><\/a><\/figure><\/div>\n\n\n\n<p>13. 5. 2023 jsme se z\u00fa\u010dastnily velmi p\u011bkn\u00e9ho z\u00e1vodu v Jind\u0159ichov\u011b Hradci, kde si d\u011bv\u010data mohla vyzkou\u0161et natr\u00e9novan\u00e9 povinn\u00e9 sestavy a zm\u011b\u0159it si s\u00edly s d\u011bv\u010daty i z jin\u00fdch odd\u00edl\u016f ne\u017e z Moravskoslezsk\u00e9ho kraje. <\/p>\n\n\n\n<p>V kategorii VS0A se nejl\u00e9pe vedlo <strong>Prouzov\u00e9 Terce<\/strong>, kter\u00e1 zacvi\u010dila velice p\u011bkn\u00e9 sestavy a obsadila 3. m\u00edsto, <strong>Bar\u010da Kr\u00e1\u010dal\u00edkov\u00e1<\/strong> se um\u00edstila na 9. m\u00edst\u011b a <strong>Zorka Janotov\u00e1<\/strong> 14. m\u00edsto. V kategorii VS1A se d\u011bv\u010dat\u016fm neda\u0159ilo na p\u0159eskoku sko\u010dit toporn\u00e9 salto dle p\u0159edstav a i p\u0159esto si odv\u00e1\u017e\u00ed skv\u011bl\u00e1 um\u00edst\u011bn\u00ed, 6. p\u0159\u00ed\u010dku <strong>Lili Such\u00e1<\/strong> a <strong>Elka \u0160ilerov\u00e1<\/strong> 7. m\u00edsto. <\/p>\n\n\n\n<p>P\u0159ejeme d\u011bv\u010dat\u016fm v kategorii VS1A mnoho \u0161t\u011bst\u00ed na Krajsk\u00e9m p\u0159eboru, kter\u00fd je kvalifikac\u00ed na M\u010cR pro tuto kategorii.<\/p>\n\n\n\n<p>Fotky <a href=\"https:\/\/gkvitkovice.rajce.idnes.cz\/Memorial_Karla_Parmy,_Jindrichuv_Hradec\" target=\"_blank\" rel=\"noreferrer noopener\">ZDE<\/a><\/p>\n\n\n\n<p>V\u00fdsledky <a href=\"https:\/\/www.gymfed.cz\/vysledky\/detail\/2799\" target=\"_blank\" rel=\"noreferrer noopener\">ZDE<\/a><\/p>\n\n\n\n<p><em>(Monika Prutkayov\u00e1)<\/em><\/p>\n\n\n<div class=\"fb-like\" data-href=\"https:\/\/gkvitkovice.cz\/?p=5490\" data-width=\"\" data-layout=\"\" data-action=\"\" data-size=\"\" data-share=\"true\"><\/div>","protected":false},"excerpt":{"rendered":"<p><!-- wp:image {\"align\":\"center\",\"id\":5491,\"width\":512,\"height\":384,\"sizeSlug\":\"large\",\"linkDestination\":\"media\"} --><\/p>\n<div class=\"wp-block-image\">\n<figure class=\"aligncenter size-large is-resized\"><a href=\"https:\/\/gkvitkovice.cz\/wp-content\/uploads\/2023\/05\/20230513_141418.jpg\"><img loading=\"lazy\" src=\"https:\/\/gkvitkovice.cz\/wp-content\/uploads\/2023\/05\/20230513_141418-1024x768.jpg\" alt=\"\" class=\"wp-image-5491\" width=\"512\" height=\"384\" srcset=\"https:\/\/gkvitkovice.cz\/wp-content\/uploads\/2023\/05\/20230513_141418-1024x768.jpg 1024w, https:\/\/gkvitkovice.cz\/wp-content\/uploads\/2023\/05\/20230513_141418-300x225.jpg 300w, https:\/\/gkvitkovice.cz\/wp-content\/uploads\/2023\/05\/20230513_141418-768x576.jpg 768w, https:\/\/gkvitkovice.cz\/wp-content\/uploads\/2023\/05\/20230513_141418-1536x1152.jpg 1536w, https:\/\/gkvitkovice.cz\/wp-content\/uploads\/2023\/05\/20230513_141418.jpg 2000w\" sizes=\"(max-width: 512px) 100vw, 512px\" \/><\/a><\/figure>\n<\/div>\n<p><!-- \/wp:image --><\/p>\n<p><!-- wp:paragraph --><\/p>\n<p>13. 5. 2023 jsme se z\u00fa\u010dastnily velmi p\u011bkn\u00e9ho z\u00e1vodu v Jind\u0159ichov\u011b Hradci, kde si d\u011bv\u010data mohla vyzkou\u0161et natr\u00e9novan\u00e9 povinn\u00e9 sestavy a zm\u011b\u0159it si s\u00edly s d\u011bv\u010daty i z jin\u00fdch odd\u00edl\u016f ne\u017e z Moravskoslezsk\u00e9ho kraje. <\/p>\n","protected":false},"author":1,"featured_media":0,"comment_status":"closed","ping_status":"open","sticky":false,"template":"","format":"standard","meta":[],"categories":[18],"tags":[],"_links":{"self":[{"href":"https:\/\/gkvitkovice.cz\/index.php?rest_route=\/wp\/v2\/posts\/5490"}],"collection":[{"href":"https:\/\/gkvitkovice.cz\/index.php?rest_route=\/wp\/v2\/posts"}],"about":[{"href":"https:\/\/gkvitkovice.cz\/index.php?rest_route=\/wp\/v2\/types\/post"}],"author":[{"embeddable":true,"href":"https:\/\/gkvitkovice.cz\/index.php?rest_route=\/wp\/v2\/users\/1"}],"replies":[{"embeddable":true,"href":"https:\/\/gkvitkovice.cz\/index.php?rest_route=%2Fwp%2Fv2%2Fcomments&post=5490"}],"version-history":[{"count":2,"href":"https:\/\/gkvitkovice.cz\/index.php?rest_route=\/wp\/v2\/posts\/5490\/revisions"}],"predecessor-version":[{"id":5494,"href":"https:\/\/gkvitkovice.cz\/index.php?rest_route=\/wp\/v2\/posts\/5490\/revisions\/5494"}],"wp:attachment":[{"href":"https:\/\/gkvitkovice.cz\/index.php?rest_route=%2Fwp%2Fv2%2Fmedia&parent=5490"}],"wp:term":[{"taxonomy":"category","embeddable":true,"href":"https:\/\/gkvitkovice.cz\/index.php?rest_route=%2Fwp%2Fv2%2Fcategories&post=5490"},{"taxonomy":"post_tag","embeddable":true,"href":"https:\/\/gkvitkovice.cz\/index.php?rest_route=%2Fwp%2Fv2%2Ftags&post=5490"}],"curies":[{"name":"wp","href":"https:\/\/api.w.org\/{rel}","templated":true}]}}