{"id":5495,"date":"2023-05-26T20:27:01","date_gmt":"2023-05-26T20:27:01","guid":{"rendered":"https:\/\/gkvitkovice.cz\/?p=5495"},"modified":"2023-05-27T05:27:38","modified_gmt":"2023-05-27T05:27:38","slug":"kvalifikacni-zavody-a-linie-na-mcr-2023","status":"publish","type":"post","link":"https:\/\/gkvitkovice.cz\/?p=5495","title":{"rendered":"Kvalifika\u010dn\u00ed z\u00e1vody A linie na M\u010cR 2023"},"content":{"rendered":"<div id=\"fb-root\"><\/div>\n<p><script async=\"\" defer=\"\" crossorigin=\"anonymous\" src=\"https:\/\/connect.facebook.net\/cs_CZ\/sdk.js#xfbml=1&amp;version=v17.0\" nonce=\"ozagvJ1g\"><\/script><\/p>\n\n\n<div class=\"wp-block-image\"><figure class=\"aligncenter size-large is-resized\"><a href=\"https:\/\/gkvitkovice.cz\/wp-content\/uploads\/2023\/05\/346799878_679528490649592_8785167942526173814_n.jpg\"><img loading=\"lazy\" src=\"https:\/\/gkvitkovice.cz\/wp-content\/uploads\/2023\/05\/346799878_679528490649592_8785167942526173814_n-724x1024.jpg\" alt=\"\" class=\"wp-image-5496\" width=\"362\" height=\"512\" srcset=\"https:\/\/gkvitkovice.cz\/wp-content\/uploads\/2023\/05\/346799878_679528490649592_8785167942526173814_n-724x1024.jpg 724w, https:\/\/gkvitkovice.cz\/wp-content\/uploads\/2023\/05\/346799878_679528490649592_8785167942526173814_n-212x300.jpg 212w, https:\/\/gkvitkovice.cz\/wp-content\/uploads\/2023\/05\/346799878_679528490649592_8785167942526173814_n-768x1086.jpg 768w, https:\/\/gkvitkovice.cz\/wp-content\/uploads\/2023\/05\/346799878_679528490649592_8785167942526173814_n-1086x1536.jpg 1086w, https:\/\/gkvitkovice.cz\/wp-content\/uploads\/2023\/05\/346799878_679528490649592_8785167942526173814_n.jpg 1131w\" sizes=\"(max-width: 362px) 100vw, 362px\" \/><\/a><\/figure><\/div>\n\n\n\n<p>D\u011bv\u010data maj\u00ed za sebou \u00fasp\u011b\u0161nou s\u00e9rii kvalifika\u010dn\u00edch z\u00e1vod\u016f v Praze, Brn\u011b a Ostrav\u011b. V\u0161echny na\u0161e gymnastky se postupn\u011b zlep\u0161ovaly v povinn\u00fdch sestav\u00e1ch na v\u0161ech n\u00e1\u0159ad\u00edch.\u00a0\u00a0Nejv\u011bt\u0161\u00edho \u00fasp\u011bchu dos\u00e1hla <strong>Ani\u010dka Ulehlov\u00e1<\/strong>, kter\u00e1 z\u00edskala v kategorii VS 2A bronzovou medaili v Brn\u011b i v Ostrav\u011b. Na M-\u010cR v Brn\u011b (VS 4A &#8211; 2. &#8211; 4. 6. 2023) a v Ostrav\u011b (VS 2A + 3A &#8211; 9. &#8211; 11. 6. 2023) n\u00e1s budou reprezentovat:<\/p>\n\n\n\n<p><br><em>VS2A:<\/em><br><strong>Klosov\u00e1 Ag\u00e1ta<br>K\u0159i\u017eo\u0161\u010dakov\u00e1 S\u00e1ra<br>Mat\u00fa\u0161ov\u00e1 Nat\u00e1lie<br>Ulehlov\u00e1 Anna<\/strong><\/p>\n\n\n\n<p><em>VS3A:<\/em><br><strong>Mlyn\u00e1\u0159ov\u00e1 Liliana<br>Kol\u00e1\u0159ov\u00e1 Zoe Laura<br>Prutkayov\u00e1 Frederika<br>Chudov\u00e1 Ad\u00e9la<\/strong><p><em>VS4A:<\/em><strong><br>B\u00e1rtkov\u00e1 Kate\u0159ina<br>Novotn\u00e1 S\u00e1ra Anna<br>Rakov\u00e1 Linda<\/strong><\/p><\/p>\n\n\n\n<p>Mu\u017eskou gymnastiku zastoup\u00ed na M-\u010cR v Brn\u011b v kategorii junior\u016f A <strong>Honza Leikep<\/strong>.<\/p>\n\n\n\n<p><br>P\u0159ejeme&nbsp;v\u0161em&nbsp;hodn\u011b \u0161t\u011bst\u00ed&nbsp;na obou&nbsp;mistrovstv\u00edch a v\u011b\u0159\u00edme, \u017ee 11 startuj\u00edc\u00edch dopln\u00ed je\u0161t\u011b z\u00e1vodnice kategori\u00ed, kter\u00e9 budou v sobotu absolvovat kvalifika\u010dn\u00ed p\u0159ebor MS kraje.<\/p>\n\n\n\n<p><em>(Monika Prutkayov\u00e1)<\/em><\/p>\n\n\n\n<p><\/p>\n\n\n<div class=\"fb-like\" data-href=\"https:\/\/gkvitkovice.cz\/?p=5495\" data-width=\"\" data-layout=\"\" data-action=\"\" data-size=\"\" data-share=\"true\"><\/div>","protected":false},"excerpt":{"rendered":"<p><!-- wp:image {\"align\":\"center\",\"id\":5496,\"width\":362,\"height\":512,\"sizeSlug\":\"large\",\"linkDestination\":\"media\"} --><\/p>\n<div class=\"wp-block-image\">\n<figure class=\"aligncenter size-large is-resized\"><a href=\"https:\/\/gkvitkovice.cz\/wp-content\/uploads\/2023\/05\/346799878_679528490649592_8785167942526173814_n.jpg\"><img loading=\"lazy\" src=\"https:\/\/gkvitkovice.cz\/wp-content\/uploads\/2023\/05\/346799878_679528490649592_8785167942526173814_n-724x1024.jpg\" alt=\"\" class=\"wp-image-5496\" width=\"362\" height=\"512\" srcset=\"https:\/\/gkvitkovice.cz\/wp-content\/uploads\/2023\/05\/346799878_679528490649592_8785167942526173814_n-724x1024.jpg 724w, https:\/\/gkvitkovice.cz\/wp-content\/uploads\/2023\/05\/346799878_679528490649592_8785167942526173814_n-212x300.jpg 212w, https:\/\/gkvitkovice.cz\/wp-content\/uploads\/2023\/05\/346799878_679528490649592_8785167942526173814_n-768x1086.jpg 768w, https:\/\/gkvitkovice.cz\/wp-content\/uploads\/2023\/05\/346799878_679528490649592_8785167942526173814_n-1086x1536.jpg 1086w, https:\/\/gkvitkovice.cz\/wp-content\/uploads\/2023\/05\/346799878_679528490649592_8785167942526173814_n.jpg 1131w\" sizes=\"(max-width: 362px) 100vw, 362px\" \/><\/a><\/figure>\n<\/div>\n<p><!-- \/wp:image --><\/p>\n<p><!-- wp:paragraph --><\/p>\n<p>D\u011bv\u010data maj\u00ed za sebou \u00fasp\u011b\u0161nou s\u00e9rii kvalifika\u010dn\u00edch z\u00e1vod\u016f v Praze, Brn\u011b a Ostrav\u011b. <\/p>\n","protected":false},"author":1,"featured_media":0,"comment_status":"closed","ping_status":"open","sticky":false,"template":"","format":"standard","meta":[],"categories":[18],"tags":[],"_links":{"self":[{"href":"https:\/\/gkvitkovice.cz\/index.php?rest_route=\/wp\/v2\/posts\/5495"}],"collection":[{"href":"https:\/\/gkvitkovice.cz\/index.php?rest_route=\/wp\/v2\/posts"}],"about":[{"href":"https:\/\/gkvitkovice.cz\/index.php?rest_route=\/wp\/v2\/types\/post"}],"author":[{"embeddable":true,"href":"https:\/\/gkvitkovice.cz\/index.php?rest_route=\/wp\/v2\/users\/1"}],"replies":[{"embeddable":true,"href":"https:\/\/gkvitkovice.cz\/index.php?rest_route=%2Fwp%2Fv2%2Fcomments&post=5495"}],"version-history":[{"count":5,"href":"https:\/\/gkvitkovice.cz\/index.php?rest_route=\/wp\/v2\/posts\/5495\/revisions"}],"predecessor-version":[{"id":5506,"href":"https:\/\/gkvitkovice.cz\/index.php?rest_route=\/wp\/v2\/posts\/5495\/revisions\/5506"}],"wp:attachment":[{"href":"https:\/\/gkvitkovice.cz\/index.php?rest_route=%2Fwp%2Fv2%2Fmedia&parent=5495"}],"wp:term":[{"taxonomy":"category","embeddable":true,"href":"https:\/\/gkvitkovice.cz\/index.php?rest_route=%2Fwp%2Fv2%2Fcategories&post=5495"},{"taxonomy":"post_tag","embeddable":true,"href":"https:\/\/gkvitkovice.cz\/index.php?rest_route=%2Fwp%2Fv2%2Ftags&post=5495"}],"curies":[{"name":"wp","href":"https:\/\/api.w.org\/{rel}","templated":true}]}}