{"id":5500,"date":"2023-05-26T20:37:43","date_gmt":"2023-05-26T20:37:43","guid":{"rendered":"https:\/\/gkvitkovice.cz\/?p=5500"},"modified":"2023-05-26T20:38:15","modified_gmt":"2023-05-26T20:38:15","slug":"mz-verviers-v-belgii-2023","status":"publish","type":"post","link":"https:\/\/gkvitkovice.cz\/?p=5500","title":{"rendered":"MZ Verviers v Belgii 2023"},"content":{"rendered":"<div id=\"fb-root\"><\/div>\n<p><script async=\"\" defer=\"\" crossorigin=\"anonymous\" src=\"https:\/\/connect.facebook.net\/cs_CZ\/sdk.js#xfbml=1&amp;version=v17.0\" nonce=\"0kX75Ju5\"><\/script><\/p>\n\n\n<div class=\"wp-block-image\"><figure class=\"aligncenter size-large is-resized\"><a href=\"https:\/\/gkvitkovice.cz\/wp-content\/uploads\/2023\/05\/ObrzekWhatsApp2023-05-22v22.09.22.jpg\"><img loading=\"lazy\" src=\"https:\/\/gkvitkovice.cz\/wp-content\/uploads\/2023\/05\/ObrzekWhatsApp2023-05-22v22.09.22-1024x768.jpg\" alt=\"\" class=\"wp-image-5501\" width=\"512\" height=\"384\" srcset=\"https:\/\/gkvitkovice.cz\/wp-content\/uploads\/2023\/05\/ObrzekWhatsApp2023-05-22v22.09.22-1024x768.jpg 1024w, https:\/\/gkvitkovice.cz\/wp-content\/uploads\/2023\/05\/ObrzekWhatsApp2023-05-22v22.09.22-300x225.jpg 300w, https:\/\/gkvitkovice.cz\/wp-content\/uploads\/2023\/05\/ObrzekWhatsApp2023-05-22v22.09.22-768x576.jpg 768w, https:\/\/gkvitkovice.cz\/wp-content\/uploads\/2023\/05\/ObrzekWhatsApp2023-05-22v22.09.22-1536x1152.jpg 1536w, https:\/\/gkvitkovice.cz\/wp-content\/uploads\/2023\/05\/ObrzekWhatsApp2023-05-22v22.09.22.jpg 1824w\" sizes=\"(max-width: 512px) 100vw, 512px\" \/><\/a><\/figure><\/div>\n\n\n\n<p>V belgick\u00e9m Verviers prob\u011bhl za \u00fa\u010dasti v\u00edce ne\u017e 130 z\u00e1vodn\u00edk\u016f a z\u00e1vodnic z 9 st\u00e1t\u016f 28. ro\u010dn\u00edk mezin\u00e1rodn\u00edho z\u00e1vodu ve sportovn\u00ed gymnastice mu\u017e\u016f a \u017een.<\/p>\n\n\n\n<p>Na\u0161e d\u011bv\u010data z\u00edskala celkem 5 medail\u00ed. V kategorii 1 z\u00edskaly <strong>Katka B\u00e1rtkov\u00e1<\/strong>, <strong>Linda Rakov\u00e1<\/strong>, <strong>S\u00e1ra Novotn\u00e1<\/strong> a <strong>Frederka Prutkayov\u00e1 <\/strong>bronzovou medaili v konkurenci 12 dru\u017estev, Linda p\u0159idala po velmi p\u011bkn\u00e9m v\u00fdkonu na v\u0161ech n\u00e1\u0159ad\u00edch st\u0159\u00edbrnou medaili v sout\u011b\u017ei jednotlivky\u0148, Katka z\u00edskala bronzovou medaili a S\u00e1ra obsadila kr\u00e1sn\u00e9 5. m\u00edsto. Frederka se ve sv\u00e9 kategorii um\u00edstila t\u011bsn\u011b pod stupni v\u00edt\u011bz\u016f na 4. m\u00edst\u011b, kdy\u017e zacvi\u010dila velmi p\u011bkn\u00e1 prostn\u00e1, p\u0159eskok a kladinu, bohu\u017eel zav\u00e1h\u00e1n\u00ed na bradlech ji tentokr\u00e1t st\u00e1lo medaili.<\/p>\n\n\n\n<p>Tak\u00e9 v kategorii 2 z\u00edskaly <strong>Ani\u010dka Kr\u00fdsov\u00e1<\/strong>, <strong>Anet Nykodymov\u00e1<\/strong>, <strong>Anet Neni\u010dkov\u00e1<\/strong>, <strong>A\u010fa Chudov\u00e1<\/strong>, <strong>M\u00ed\u0161a Vavro\u0161ov\u00e1<\/strong>, <strong>Kl\u00e1rka Pape\u017eov\u00e1<\/strong> a <strong>Nela Hl\u00e1vkov\u00e1<\/strong> bronzov\u00e9 medaile v sout\u011b\u017ei dru\u017estev, kde startovalo celkem 15 dru\u017estev. V sout\u011b\u017ei jednotlivky\u0148 p\u0159idala po velmi p\u011bkn\u00e9m v\u00fdkonu na v\u0161ech n\u00e1\u0159ad\u00edch Anet Neni\u010dkov\u00e1 st\u0159\u00edbrnou medaili, Ad\u00e9lka se s p\u00e1dem na kladin\u011b um\u00edstila na kr\u00e1sn\u00e9m 6. m\u00edst\u011b a tak\u00e9 ostatn\u00ed t\u0159i d\u011bv\u010data se v konkurenci 39 z\u00e1vodnic neztratila a um\u00edstila se mezi prvn\u00edmi 15 z\u00e1vodnicemi \u2013 M\u00ed\u0161a 9., Kl\u00e1rka 12. a Nelka 15. V kategorii seniorek zacvi\u010dila velmi p\u011bkn\u011b Anet Nykodymov\u00e1, kter\u00e1 se um\u00edstila t\u011bsn\u011b pod stupni v\u00edt\u011bz\u016f na 4. m\u00edst\u011b, Ani\u010dka po nezdaru na p\u0159eskoku obsadila kr\u00e1sn\u00e9 7. m\u00edsto.<\/p>\n\n\n\n<p>V\u0161em d\u011bv\u010dat\u016fm a tren\u00e9r\u016fm blahop\u0159ejeme a p\u0159ejeme hodn\u011b \u0161t\u011bst\u00ed v KP a na mistrovstv\u00ed \u010cR. Tak\u00e9 d\u011bkujeme z\u00fa\u010dastn\u011bn\u00fdm rozhod\u010d\u00edm a rodi\u010d\u016fm za servis b\u011bhem na\u0161\u00ed dlouh\u00e9 cesty do Verviers .<\/p>\n\n\n\n<p>Fotky <a href=\"https:\/\/gkvitkovice.rajce.idnes.cz\/MZ_Belgie_Verviers%2C_20.5.2023\/\" target=\"_blank\" rel=\"noreferrer noopener\">ZDE<\/a><\/p>\n\n\n\n<p><em>(Sv\u011btlana Grmelov\u00e1)<\/em><\/p>\n\n\n<div class=\"fb-like\" data-href=\"https:\/\/gkvitkovice.cz\/?p=5500\" data-width=\"\" data-layout=\"\" data-action=\"\" data-size=\"\" data-share=\"true\"><\/div>","protected":false},"excerpt":{"rendered":"<p><!-- wp:image {\"align\":\"center\",\"id\":5501,\"width\":512,\"height\":384,\"sizeSlug\":\"large\",\"linkDestination\":\"media\"} --><\/p>\n<div class=\"wp-block-image\">\n<figure class=\"aligncenter size-large is-resized\"><a href=\"https:\/\/gkvitkovice.cz\/wp-content\/uploads\/2023\/05\/ObrzekWhatsApp2023-05-22v22.09.22.jpg\"><img loading=\"lazy\" src=\"https:\/\/gkvitkovice.cz\/wp-content\/uploads\/2023\/05\/ObrzekWhatsApp2023-05-22v22.09.22-1024x768.jpg\" alt=\"\" class=\"wp-image-5501\" width=\"512\" height=\"384\" srcset=\"https:\/\/gkvitkovice.cz\/wp-content\/uploads\/2023\/05\/ObrzekWhatsApp2023-05-22v22.09.22-1024x768.jpg 1024w, https:\/\/gkvitkovice.cz\/wp-content\/uploads\/2023\/05\/ObrzekWhatsApp2023-05-22v22.09.22-300x225.jpg 300w, https:\/\/gkvitkovice.cz\/wp-content\/uploads\/2023\/05\/ObrzekWhatsApp2023-05-22v22.09.22-768x576.jpg 768w, https:\/\/gkvitkovice.cz\/wp-content\/uploads\/2023\/05\/ObrzekWhatsApp2023-05-22v22.09.22-1536x1152.jpg 1536w, https:\/\/gkvitkovice.cz\/wp-content\/uploads\/2023\/05\/ObrzekWhatsApp2023-05-22v22.09.22.jpg 1824w\" sizes=\"(max-width: 512px) 100vw, 512px\" \/><\/a><\/figure>\n<\/div>\n<p><!-- \/wp:image --><\/p>\n<p><!-- wp:paragraph --><\/p>\n<p>V belgick\u00e9m Verviers prob\u011bhl za \u00fa\u010dasti v\u00edce ne\u017e 130 z\u00e1vodn\u00edk\u016f a z\u00e1vodnic z 9 st\u00e1t\u016f 28. ro\u010dn\u00edk mezin\u00e1rodn\u00edho z\u00e1vodu ve sportovn\u00ed gymnastice mu\u017e\u016f a \u017een.<\/p>\n","protected":false},"author":1,"featured_media":0,"comment_status":"closed","ping_status":"open","sticky":false,"template":"","format":"standard","meta":[],"categories":[18],"tags":[],"_links":{"self":[{"href":"https:\/\/gkvitkovice.cz\/index.php?rest_route=\/wp\/v2\/posts\/5500"}],"collection":[{"href":"https:\/\/gkvitkovice.cz\/index.php?rest_route=\/wp\/v2\/posts"}],"about":[{"href":"https:\/\/gkvitkovice.cz\/index.php?rest_route=\/wp\/v2\/types\/post"}],"author":[{"embeddable":true,"href":"https:\/\/gkvitkovice.cz\/index.php?rest_route=\/wp\/v2\/users\/1"}],"replies":[{"embeddable":true,"href":"https:\/\/gkvitkovice.cz\/index.php?rest_route=%2Fwp%2Fv2%2Fcomments&post=5500"}],"version-history":[{"count":2,"href":"https:\/\/gkvitkovice.cz\/index.php?rest_route=\/wp\/v2\/posts\/5500\/revisions"}],"predecessor-version":[{"id":5503,"href":"https:\/\/gkvitkovice.cz\/index.php?rest_route=\/wp\/v2\/posts\/5500\/revisions\/5503"}],"wp:attachment":[{"href":"https:\/\/gkvitkovice.cz\/index.php?rest_route=%2Fwp%2Fv2%2Fmedia&parent=5500"}],"wp:term":[{"taxonomy":"category","embeddable":true,"href":"https:\/\/gkvitkovice.cz\/index.php?rest_route=%2Fwp%2Fv2%2Fcategories&post=5500"},{"taxonomy":"post_tag","embeddable":true,"href":"https:\/\/gkvitkovice.cz\/index.php?rest_route=%2Fwp%2Fv2%2Ftags&post=5500"}],"curies":[{"name":"wp","href":"https:\/\/api.w.org\/{rel}","templated":true}]}}