{"id":5510,"date":"2023-06-02T12:15:21","date_gmt":"2023-06-02T12:15:21","guid":{"rendered":"http:\/\/gkvitkovice.cz\/?p=5510"},"modified":"2023-06-02T12:29:05","modified_gmt":"2023-06-02T12:29:05","slug":"prebor-moravskoslezskeho-kraje-2023","status":"publish","type":"post","link":"https:\/\/gkvitkovice.cz\/?p=5510","title":{"rendered":"P\u0159ebor Moravskoslezsk\u00e9ho kraje 2023"},"content":{"rendered":"<div id=\"fb-root\"><\/div>\n<p><script async=\"\" defer=\"\" crossorigin=\"anonymous\" src=\"https:\/\/connect.facebook.net\/cs_CZ\/sdk.js#xfbml=1&amp;version=v17.0\" nonce=\"XWm6JXV6\"><\/script><\/p>\n\n\n<div class=\"wp-block-image\"><figure class=\"aligncenter size-large is-resized\"><a href=\"http:\/\/gkvitkovice.cz\/wp-content\/uploads\/2023\/06\/ObrzekWhatsApp2023-05-28v19.49.32.jpg\"><img loading=\"lazy\" src=\"http:\/\/gkvitkovice.cz\/wp-content\/uploads\/2023\/06\/ObrzekWhatsApp2023-05-28v19.49.32.jpg\" alt=\"\" class=\"wp-image-5511\" width=\"512\" height=\"384\" srcset=\"https:\/\/gkvitkovice.cz\/wp-content\/uploads\/2023\/06\/ObrzekWhatsApp2023-05-28v19.49.32.jpg 1024w, https:\/\/gkvitkovice.cz\/wp-content\/uploads\/2023\/06\/ObrzekWhatsApp2023-05-28v19.49.32-300x225.jpg 300w, https:\/\/gkvitkovice.cz\/wp-content\/uploads\/2023\/06\/ObrzekWhatsApp2023-05-28v19.49.32-768x576.jpg 768w\" sizes=\"(max-width: 512px) 100vw, 512px\" \/><\/a><\/figure><\/div>\n\n\n\n<p>M\u00e1me radost, \u017ee i letos se na\u0161e d\u011bv\u010data p\u0159edvedla na P\u0159eboru Moravskoslezsk\u00e9ho kraje, kter\u00fd se konal 27. 5. 2023, s velice kvalitn\u00ed v\u00fdkonnost\u00ed a i p\u0159es p\u00e1r p\u00e1d\u016f a nezdar\u016f se kvalifikovaly v\u0161echny v\u00edtkovick\u00e9 gymnastky a p\u0159edstav\u00ed se na nadch\u00e1zej\u00edc\u00edch Mistrovstv\u00edch \u010cesk\u00e9 republiky!<\/p>\n\n\n\n<p><br>Tuto sobotu 3. 6. 2023 se d\u011bv\u010data v kategorii VS4A, <strong>B\u00e1rtkov\u00e1 Kate\u0159ina<\/strong>, <strong>Novotn\u00e1 S\u00e1ra Anna<\/strong>, <strong>Rakov\u00e1 Linda<\/strong>, p\u0159edstav\u00ed na M\u010cR v Brn\u011b. Dr\u017eme jim p\u011bsti, aby se um\u00edstily dle sv\u00fdch p\u0159edstav ve v\u00edceboji, ale tak\u00e9, aby se jim poda\u0159ilo kvalifikovat pro ned\u011bln\u00ed fin\u00e1le na jednotliv\u00fdch n\u00e1\u0159ad\u00edch. <\/p>\n\n\n\n<p><br>Ve dnech 9. &#8211; 11. 6. 2023 se kon\u00e1 M\u010cR v Ostrav\u011b v povinn\u00fdch sestav\u00e1ch linie A a voln\u00fdch sestav\u00e1ch linie B. Jako prvn\u00ed se p\u0159edstav\u00ed v p\u00e1tek odpoledne kategorie VS3A, kde n\u00e1s budou reprezentovat <strong>Chudov\u00e1 Ad\u00e9la<\/strong>, <strong>Kol\u00e1\u0159ov\u00e1 Zoe Laura<\/strong>, <strong>Mlyn\u00e1\u0159ov\u00e1 Liliana<\/strong> a <strong>Prutkayov\u00e1 Frederika<\/strong>. V sobotu jsou na \u0159ad\u011b kategorie B, v nich\u017e sv\u00e9 v\u00fdkony p\u0159edvedou <strong>Pape\u017eov\u00e1 Kl\u00e1ra<\/strong>, <strong>\u0160krochov\u00e1 Krist\u00fdna<\/strong>, <strong>Vavro\u0161ov\u00e1 Michaela<\/strong> &#8211; VS4B, <strong>\u010cechov\u00e1 Sofie<\/strong>, <strong>Neni\u010dkov\u00e1 Aneta<\/strong> &#8211; VS5B, <strong>Kr\u00fdsov\u00e1 Anna<\/strong>, <strong>Nykodymov\u00e1 Aneta <\/strong>&#8211; VS6B. V ned\u011bli se m\u016f\u017eeme t\u011b\u0161it na na\u0161e nejmlad\u0161\u00ed z\u00e1vodnice, a to v kategorie VS1A <strong>Farn\u00edkovou Vivien<\/strong>, <strong>Marszolkovou Julii<\/strong> a <strong>Suchou Lilianu<\/strong>. Nejpo\u010detn\u011bj\u0161\u00ed kategori\u00ed je obvykle kategorie VS2A, kde se kvalifikovalo p\u011bt v\u00edtkovick\u00fdch gymnastek, <strong>Klosov\u00e1 Ag\u00e1ta<\/strong>, <strong>Mat\u00fa\u0161ov\u00e1 Nat\u00e1lie<\/strong>, <strong>K\u0159i\u017eo\u0161\u010dakov\u00e1 S\u00e1ra<\/strong>, <strong>\u0160ilerov\u00e1 Elen<\/strong>, <strong>Ulehlov\u00e1 Anna<\/strong>. <\/p>\n\n\n\n<p><br>D\u011bv\u010dat\u016fm i tren\u00e9r\u016fm p\u0159ejeme pevn\u00e9 nervy a mnoho sportovn\u00edho \u0161t\u011bst\u00ed.<br><\/p>\n\n\n\n<p>D\u011bkujeme v\u0161em, kte\u0159\u00ed se pod\u00edleli na pohodov\u00e9m pr\u016fb\u011bhu P\u0159eboru Moravskoslezsk\u00e9ho kraje.<\/p>\n\n\n\n<p>Fotky <a href=\"https:\/\/gkvitkovice.rajce.idnes.cz\/Prebor_Moravskoslezskeho_kraje%2C_Ostrava_27._5._2023\/\" target=\"_blank\" rel=\"noreferrer noopener\">ZDE<\/a><\/p>\n\n\n\n<p>V\u00fdsledky <a href=\"https:\/\/www.gymfed.cz\/vysledky\/detail\/2721\" target=\"_blank\" rel=\"noreferrer noopener\">ZDE<\/a><\/p>\n\n\n\n<p><p><em>(Monika Prutkayov\u00e1)<\/em><\/p>\n<div class=\"fb-like\" data-href=\"http:\/\/gkvitkovice.cz\/?p=5510\" data-width=\"\" data-layout=\"\" data-action=\"\" data-size=\"\" data-share=\"true\"><\/div><\/p>\n","protected":false},"excerpt":{"rendered":"<p><!-- wp:image {\"align\":\"center\",\"id\":5511,\"width\":512,\"height\":384,\"sizeSlug\":\"large\",\"linkDestination\":\"media\"} --><\/p>\n<div class=\"wp-block-image\">\n<figure class=\"aligncenter size-large is-resized\"><a href=\"http:\/\/gkvitkovice.cz\/wp-content\/uploads\/2023\/06\/ObrzekWhatsApp2023-05-28v19.49.32.jpg\"><img loading=\"lazy\" src=\"http:\/\/gkvitkovice.cz\/wp-content\/uploads\/2023\/06\/ObrzekWhatsApp2023-05-28v19.49.32.jpg\" alt=\"\" class=\"wp-image-5511\" width=\"512\" height=\"384\" srcset=\"https:\/\/gkvitkovice.cz\/wp-content\/uploads\/2023\/06\/ObrzekWhatsApp2023-05-28v19.49.32.jpg 1024w, https:\/\/gkvitkovice.cz\/wp-content\/uploads\/2023\/06\/ObrzekWhatsApp2023-05-28v19.49.32-300x225.jpg 300w, https:\/\/gkvitkovice.cz\/wp-content\/uploads\/2023\/06\/ObrzekWhatsApp2023-05-28v19.49.32-768x576.jpg 768w\" sizes=\"(max-width: 512px) 100vw, 512px\" \/><\/a><\/figure>\n<\/div>\n<p><!-- \/wp:image --><\/p>\n<p><!-- wp:paragraph --><\/p>\n<p>M\u00e1me radost, \u017ee i letos se na\u0161e d\u011bv\u010data p\u0159edvedla na P\u0159eboru Moravskoslezsk\u00e9ho kraje, kter\u00fd se konal 27. 5. 2023, s velice kvalitn\u00ed v\u00fdkonnost\u00ed a i p\u0159es p\u00e1r p\u00e1d\u016f a nezdar\u016f se kvalifikovaly v\u0161echny v\u00edtkovick\u00e9 gymnastky a p\u0159edstav\u00ed se na nadch\u00e1zej\u00edc\u00edch Mistrovstv\u00edch \u010cesk\u00e9 republiky!<\/p>\n","protected":false},"author":1,"featured_media":0,"comment_status":"closed","ping_status":"open","sticky":false,"template":"","format":"standard","meta":[],"categories":[18],"tags":[],"_links":{"self":[{"href":"https:\/\/gkvitkovice.cz\/index.php?rest_route=\/wp\/v2\/posts\/5510"}],"collection":[{"href":"https:\/\/gkvitkovice.cz\/index.php?rest_route=\/wp\/v2\/posts"}],"about":[{"href":"https:\/\/gkvitkovice.cz\/index.php?rest_route=\/wp\/v2\/types\/post"}],"author":[{"embeddable":true,"href":"https:\/\/gkvitkovice.cz\/index.php?rest_route=\/wp\/v2\/users\/1"}],"replies":[{"embeddable":true,"href":"https:\/\/gkvitkovice.cz\/index.php?rest_route=%2Fwp%2Fv2%2Fcomments&post=5510"}],"version-history":[{"count":2,"href":"https:\/\/gkvitkovice.cz\/index.php?rest_route=\/wp\/v2\/posts\/5510\/revisions"}],"predecessor-version":[{"id":5514,"href":"https:\/\/gkvitkovice.cz\/index.php?rest_route=\/wp\/v2\/posts\/5510\/revisions\/5514"}],"wp:attachment":[{"href":"https:\/\/gkvitkovice.cz\/index.php?rest_route=%2Fwp%2Fv2%2Fmedia&parent=5510"}],"wp:term":[{"taxonomy":"category","embeddable":true,"href":"https:\/\/gkvitkovice.cz\/index.php?rest_route=%2Fwp%2Fv2%2Fcategories&post=5510"},{"taxonomy":"post_tag","embeddable":true,"href":"https:\/\/gkvitkovice.cz\/index.php?rest_route=%2Fwp%2Fv2%2Ftags&post=5510"}],"curies":[{"name":"wp","href":"https:\/\/api.w.org\/{rel}","templated":true}]}}