{"id":5539,"date":"2023-06-16T21:05:18","date_gmt":"2023-06-16T21:05:18","guid":{"rendered":"http:\/\/gkvitkovice.cz\/?p=5539"},"modified":"2023-06-16T21:06:08","modified_gmt":"2023-06-16T21:06:08","slug":"brnensky-pohar-2023","status":"publish","type":"post","link":"https:\/\/gkvitkovice.cz\/?p=5539","title":{"rendered":"Brn\u011bnsk\u00fd poh\u00e1r 2023"},"content":{"rendered":"<div id=\"fb-root\"><\/div>\n<p><script async=\"\" defer=\"\" crossorigin=\"anonymous\" src=\"https:\/\/connect.facebook.net\/cs_CZ\/sdk.js#xfbml=1&amp;version=v17.0\" nonce=\"xubTqt0a\"><\/script><\/p>\n\n\n<div class=\"wp-block-image\"><figure class=\"aligncenter size-large is-resized\"><a href=\"http:\/\/gkvitkovice.cz\/wp-content\/uploads\/2023\/06\/10_Brno_TG_13.jpg\"><img loading=\"lazy\" src=\"http:\/\/gkvitkovice.cz\/wp-content\/uploads\/2023\/06\/10_Brno_TG_13-1024x682.jpg\" alt=\"\" class=\"wp-image-5540\" width=\"512\" height=\"341\" srcset=\"https:\/\/gkvitkovice.cz\/wp-content\/uploads\/2023\/06\/10_Brno_TG_13-1024x682.jpg 1024w, https:\/\/gkvitkovice.cz\/wp-content\/uploads\/2023\/06\/10_Brno_TG_13-300x200.jpg 300w, https:\/\/gkvitkovice.cz\/wp-content\/uploads\/2023\/06\/10_Brno_TG_13-768x512.jpg 768w, https:\/\/gkvitkovice.cz\/wp-content\/uploads\/2023\/06\/10_Brno_TG_13-1536x1024.jpg 1536w, https:\/\/gkvitkovice.cz\/wp-content\/uploads\/2023\/06\/10_Brno_TG_13.jpg 2000w\" sizes=\"(max-width: 512px) 100vw, 512px\" \/><\/a><\/figure><\/div>\n\n\n\n<p>4. z\u00e1vod \u010cesk\u00e9ho poh\u00e1ru prob\u011bhl tentokr\u00e1t v Brn\u011b pod hlavi\u010dkou klubu sportovn\u00ed gymnastiky Moravsk\u00e1 Slavia Brno. Holky odjely v z\u00e1kladn\u00ed sestav\u011b, nav\u00edc s t\u00edm, \u017ee si cht\u011bj\u00ed vyzkou\u0161et nov\u00e9 prvky a \u0159ady. Vid\u011bt jsme mohli dal\u0161\u00ed cukaharu na p\u0159eskoku i nov\u00e9 vruty vp\u0159ed i vzad na tumblu. Holky dok\u00e1zaly, \u017ee v jarn\u00ed sez\u00f3n\u011b maj\u00ed velmi slu\u0161nou formu, z Brna si odvezly 2. m\u00edsto za 1. Plzn\u00ed a 3. P\u0159\u00edbrami.<\/p>\n\n\n\n<p><br>Douf\u00e1m, \u017ee do podzimu nejen zv\u00fd\u0161\u00ed obt\u00ed\u017enost, ale dolad\u00ed i proveden\u00ed.<\/p>\n\n\n\n<p><br>Z\u00e1kladn\u00ed sestava: <strong>Terezie Dobi\u00e1\u0161ov\u00e1<\/strong>, <strong>Lucie G\u0159e\u0161ov\u00e1<\/strong>, <strong>Sofie Hil\u0161erov\u00e1<\/strong>, <strong>Klaudie Hynek<\/strong>, <strong>Roz\u00e1lie O\u017eanov\u00e1<\/strong> a <strong>Nat\u00e1lie Papou\u0161kov\u00e1<\/strong>.<\/p>\n\n\n\n<p>Fotky <a rel=\"noreferrer noopener\" href=\"https:\/\/gkvitkovice.rajce.idnes.cz\/Brnensky_pohar%2C_TG_zavod_Ceskeho_poharu\/\" target=\"_blank\">ZDE<\/a><\/p>\n\n\n\n<p><em>(Gabriela Hynek)<\/em><\/p>\n\n\n<div class=\"fb-like\" data-href=\"http:\/\/gkvitkovice.cz\/?p=5539\" data-width=\"\" data-layout=\"\" data-action=\"\" data-size=\"\" data-share=\"true\"><\/div>","protected":false},"excerpt":{"rendered":"<p><!-- wp:image {\"align\":\"center\",\"id\":5540,\"width\":512,\"height\":341,\"sizeSlug\":\"large\",\"linkDestination\":\"media\"} --><\/p>\n<div class=\"wp-block-image\">\n<figure class=\"aligncenter size-large is-resized\"><a href=\"http:\/\/gkvitkovice.cz\/wp-content\/uploads\/2023\/06\/10_Brno_TG_13.jpg\"><img loading=\"lazy\" src=\"http:\/\/gkvitkovice.cz\/wp-content\/uploads\/2023\/06\/10_Brno_TG_13-1024x682.jpg\" alt=\"\" class=\"wp-image-5540\" width=\"512\" height=\"341\" srcset=\"https:\/\/gkvitkovice.cz\/wp-content\/uploads\/2023\/06\/10_Brno_TG_13-1024x682.jpg 1024w, https:\/\/gkvitkovice.cz\/wp-content\/uploads\/2023\/06\/10_Brno_TG_13-300x200.jpg 300w, https:\/\/gkvitkovice.cz\/wp-content\/uploads\/2023\/06\/10_Brno_TG_13-768x512.jpg 768w, https:\/\/gkvitkovice.cz\/wp-content\/uploads\/2023\/06\/10_Brno_TG_13-1536x1024.jpg 1536w, https:\/\/gkvitkovice.cz\/wp-content\/uploads\/2023\/06\/10_Brno_TG_13.jpg 2000w\" sizes=\"(max-width: 512px) 100vw, 512px\" \/><\/a><\/figure>\n<\/div>\n<p><!-- \/wp:image --><\/p>\n<p><!-- wp:paragraph --><\/p>\n<p>4. z\u00e1vod \u010cesk\u00e9ho poh\u00e1ru prob\u011bhl tentokr\u00e1t v Brn\u011b pod hlavi\u010dkou klubu sportovn\u00ed gymnastiky Moravsk\u00e1 Slavia Brno. <\/p>\n","protected":false},"author":1,"featured_media":0,"comment_status":"closed","ping_status":"open","sticky":false,"template":"","format":"standard","meta":[],"categories":[18],"tags":[],"_links":{"self":[{"href":"https:\/\/gkvitkovice.cz\/index.php?rest_route=\/wp\/v2\/posts\/5539"}],"collection":[{"href":"https:\/\/gkvitkovice.cz\/index.php?rest_route=\/wp\/v2\/posts"}],"about":[{"href":"https:\/\/gkvitkovice.cz\/index.php?rest_route=\/wp\/v2\/types\/post"}],"author":[{"embeddable":true,"href":"https:\/\/gkvitkovice.cz\/index.php?rest_route=\/wp\/v2\/users\/1"}],"replies":[{"embeddable":true,"href":"https:\/\/gkvitkovice.cz\/index.php?rest_route=%2Fwp%2Fv2%2Fcomments&post=5539"}],"version-history":[{"count":2,"href":"https:\/\/gkvitkovice.cz\/index.php?rest_route=\/wp\/v2\/posts\/5539\/revisions"}],"predecessor-version":[{"id":5542,"href":"https:\/\/gkvitkovice.cz\/index.php?rest_route=\/wp\/v2\/posts\/5539\/revisions\/5542"}],"wp:attachment":[{"href":"https:\/\/gkvitkovice.cz\/index.php?rest_route=%2Fwp%2Fv2%2Fmedia&parent=5539"}],"wp:term":[{"taxonomy":"category","embeddable":true,"href":"https:\/\/gkvitkovice.cz\/index.php?rest_route=%2Fwp%2Fv2%2Fcategories&post=5539"},{"taxonomy":"post_tag","embeddable":true,"href":"https:\/\/gkvitkovice.cz\/index.php?rest_route=%2Fwp%2Fv2%2Ftags&post=5539"}],"curies":[{"name":"wp","href":"https:\/\/api.w.org\/{rel}","templated":true}]}}