{"id":5543,"date":"2023-06-16T21:21:17","date_gmt":"2023-06-16T21:21:17","guid":{"rendered":"http:\/\/gkvitkovice.cz\/?p=5543"},"modified":"2023-06-16T21:32:14","modified_gmt":"2023-06-16T21:32:14","slug":"mistrovstvi-ceske-republiky-v-brne-a-v-ostrave-2023","status":"publish","type":"post","link":"https:\/\/gkvitkovice.cz\/?p=5543","title":{"rendered":"Mistrovstv\u00ed \u010cesk\u00e9 republiky v Brn\u011b a v Ostrav\u011b 2023"},"content":{"rendered":"\n<div id=\"fb-root\">&nbsp;<\/div>\n\n\n\n<p><script async=\"\" defer=\"\" crossorigin=\"anonymous\" src=\"https:\/\/connect.facebook.net\/cs_CZ\/sdk.js#xfbml=1&amp;version=v17.0\" nonce=\"l3JSzisQ\"><\/script><\/p>\n\n\n\n<div class=\"wp-block-image\"><figure class=\"aligncenter size-large is-resized\"><a href=\"http:\/\/gkvitkovice.cz\/wp-content\/uploads\/2023\/06\/348914006_576720681117980_1647666981681668671_n.jpg\"><img loading=\"lazy\" src=\"http:\/\/gkvitkovice.cz\/wp-content\/uploads\/2023\/06\/348914006_576720681117980_1647666981681668671_n-821x1024.jpg\" alt=\"\" class=\"wp-image-5549\" width=\"411\" height=\"512\" srcset=\"https:\/\/gkvitkovice.cz\/wp-content\/uploads\/2023\/06\/348914006_576720681117980_1647666981681668671_n-821x1024.jpg 821w, https:\/\/gkvitkovice.cz\/wp-content\/uploads\/2023\/06\/348914006_576720681117980_1647666981681668671_n-241x300.jpg 241w, https:\/\/gkvitkovice.cz\/wp-content\/uploads\/2023\/06\/348914006_576720681117980_1647666981681668671_n-768x957.jpg 768w, https:\/\/gkvitkovice.cz\/wp-content\/uploads\/2023\/06\/348914006_576720681117980_1647666981681668671_n-1232x1536.jpg 1232w, https:\/\/gkvitkovice.cz\/wp-content\/uploads\/2023\/06\/348914006_576720681117980_1647666981681668671_n.jpg 1440w\" sizes=\"(max-width: 411px) 100vw, 411px\" \/><\/a><\/figure><\/div>\n\n\n<p>Gratulujeme v\u00edtkovick\u00fdm \u00fa\u010dastn\u00edk\u016fm M\u010cR!!!<\/p>\n<p>I p\u0159es \u010dastou nemocnost a zran\u011bn\u00ed, kter\u00e9 n\u00e1s prov\u00e1zely celou jarn\u00ed sez\u00f3nu, jsme letos op\u011bt zaznamenali skv\u011bl\u00e9 v\u00fdsledky a v\u00fdkony na\u0161ich z\u00e1vodnic a z\u00e1vodn\u00edka.<\/p>\n<p>Nejprve prob\u011bhlo v Brn\u011b Mistrovstv\u00ed \u010cR kadetek, kadet\u016f, juniorek a junior\u016f A a \u017een a mu\u017e\u016f MT. V kategorii kadetek nastoupila 3 na\u0161e d\u011bv\u010data. Nejl\u00e9pe se um\u00edstila <strong>Linda Rakov\u00e1<\/strong>, kter\u00e1 ve v\u00edceboji obsadila 11. m\u00edsto a po jist\u00e9m v\u00fdkonu na kladin\u011b se kvalifikovala do ned\u011bln\u00edho fin\u00e1le na tomto n\u00e1\u0159ad\u00ed. Ve fin\u00e1le vyst\u0159ihla velice p\u011bknou sestavu a z\u00edskala tak st\u0159\u00edbrnou medaili. Tak\u00e9 <strong>S\u00e1\u0159e Novotn\u00e9<\/strong> se z\u00e1vod povedl, ve v\u00edceboji obsadila 15. m\u00edsto a kvalifikovala se do fin\u00e1le na bradlech. V ned\u011bln\u00edm z\u00e1vod\u011b p\u0159edvedla op\u011bt slu\u0161nou sestavu a udr\u017eela velmi p\u011bkn\u00e9 4. m\u00edsto. Dal\u0161\u00ed gymnastkou, kter\u00e1 se p\u0159edvedla na tomto mistrovstv\u00ed, byla <strong>Kate\u0159ina B\u00e1rtkov\u00e1<\/strong>. Zacvi\u010dila velmi p\u011bkn\u011b na 3 n\u00e1\u0159ad\u00edch, bohu\u017eel na bradlech se nevyhnula chyb\u00e1m a v celkov\u00e9m po\u0159ad\u00ed se um\u00edstila uprost\u0159ed startovn\u00edho pole na 21. m\u00edst\u011b.<\/p>\n\n\n<div class=\"wp-block-image\"><figure class=\"aligncenter size-large is-resized\"><a href=\"http:\/\/gkvitkovice.cz\/wp-content\/uploads\/2023\/06\/350503240_1775566616172714_5764063427857225507_n.jpg\"><img loading=\"lazy\" src=\"http:\/\/gkvitkovice.cz\/wp-content\/uploads\/2023\/06\/350503240_1775566616172714_5764063427857225507_n-819x1024.jpg\" alt=\"\" class=\"wp-image-5550\" width=\"410\" height=\"512\" srcset=\"https:\/\/gkvitkovice.cz\/wp-content\/uploads\/2023\/06\/350503240_1775566616172714_5764063427857225507_n-819x1024.jpg 819w, https:\/\/gkvitkovice.cz\/wp-content\/uploads\/2023\/06\/350503240_1775566616172714_5764063427857225507_n-240x300.jpg 240w, https:\/\/gkvitkovice.cz\/wp-content\/uploads\/2023\/06\/350503240_1775566616172714_5764063427857225507_n-768x960.jpg 768w, https:\/\/gkvitkovice.cz\/wp-content\/uploads\/2023\/06\/350503240_1775566616172714_5764063427857225507_n-1229x1536.jpg 1229w, https:\/\/gkvitkovice.cz\/wp-content\/uploads\/2023\/06\/350503240_1775566616172714_5764063427857225507_n.jpg 1440w\" sizes=\"(max-width: 410px) 100vw, 410px\" \/><\/a><\/figure><\/div>\n\n\n<p>Na mistrovstv\u00ed v Brn\u011b jsme m\u011bli zastoupen\u00ed tak\u00e9 mezi mu\u017ei. V kategorii Junior\u016f A nastoupil <strong>Honza Leikep<\/strong> a p\u0159i sv\u00e9m prvn\u00edm startu v t\u00e9to kategorii si nevedl \u0161patn\u011b. Ve v\u00edceboji obsadil celkov\u011b 11. m\u00edsto a postoupil do fin\u00e1le na prostn\u00fdch, kde v ned\u011bln\u00edm z\u00e1vod\u011b obsadil kr\u00e1sn\u00e9 6. m\u00edsto.<\/p>\n<p><\/p>\n\n\n<div class=\"wp-block-image\"><figure class=\"aligncenter size-large is-resized\"><a href=\"http:\/\/gkvitkovice.cz\/wp-content\/uploads\/2023\/06\/11_MR_VS1A_28.jpg\"><img loading=\"lazy\" src=\"http:\/\/gkvitkovice.cz\/wp-content\/uploads\/2023\/06\/11_MR_VS1A_28-1024x682.jpg\" alt=\"\" class=\"wp-image-5544\" width=\"512\" height=\"341\" srcset=\"https:\/\/gkvitkovice.cz\/wp-content\/uploads\/2023\/06\/11_MR_VS1A_28-1024x682.jpg 1024w, https:\/\/gkvitkovice.cz\/wp-content\/uploads\/2023\/06\/11_MR_VS1A_28-300x200.jpg 300w, https:\/\/gkvitkovice.cz\/wp-content\/uploads\/2023\/06\/11_MR_VS1A_28-768x512.jpg 768w, https:\/\/gkvitkovice.cz\/wp-content\/uploads\/2023\/06\/11_MR_VS1A_28-1536x1024.jpg 1536w, https:\/\/gkvitkovice.cz\/wp-content\/uploads\/2023\/06\/11_MR_VS1A_28.jpg 2000w\" sizes=\"(max-width: 512px) 100vw, 512px\" \/><\/a><\/figure><\/div>\n\n\n<p>Minul\u00fd v\u00edkend prob\u011bhlo Mistrovstv\u00ed \u010cR VS, kde jsme z\u00edskali dv\u011b st\u0159\u00edbrn\u00e9 medaile, a to z\u00e1sluhou <strong>Anety Neni\u010dkov\u00e9<\/strong> (VS4B) a <strong>Anny Ulehlov\u00e9<\/strong> (VS2A). P\u0159edvedly velmi p\u011bkn\u00e9 sestavy a bez v\u011bt\u0161\u00edch zav\u00e1h\u00e1n\u00ed pro\u0161ly cel\u00fdm \u010dty\u0159bojem.<br \/>V prvn\u00ed \u0161estici se um\u00edstily v kategorii VS1A <strong>Liliana Such\u00e1<\/strong> na nepopul\u00e1rn\u00edm 4. m\u00edst\u011b a v kategorii VS3A <strong>Zoe Laura Kol\u00e1\u0159ov\u00e1<\/strong> na 6. m\u00edst\u011b.<\/p>\n<p>Dal\u0161\u00ed um\u00edst\u011bn\u00ed v\u00edtkovick\u00fdch d\u011bv\u010dat:<br \/>VS1A <strong>Marszolkov\u00e1 Julie<\/strong> 20. m\u00edsto, <strong>Farn\u00edkov\u00e1 Vivien<\/strong> 25. m\u00edsto<br \/>VS2A <strong>K\u0159i\u017eo\u0161\u010dakov\u00e1 S\u00e1ra<\/strong> 15. m\u00edsto, <strong>Mat\u00fa\u0161ov\u00e1 Nat\u00e1lie<\/strong> 30. m\u00edsto, <strong>Klosov\u00e1 Ag\u00e1ta<\/strong> 34. m\u00edsto, <strong>\u0160ilerov\u00e1 Elen<\/strong> 40. m\u00edsto<br \/>VS3A <strong>Prutkayov\u00e1 Frederika<\/strong> 10. m\u00edsto, <strong>Chudov\u00e1 Ad\u00e9la<\/strong> 18. m\u00edsto, <strong>Mlyn\u00e1\u0159ov\u00e1 Liliana<\/strong> 37. m\u00edsto<br \/>VS4B <strong>Pape\u017eov\u00e1 Kl\u00e1ra<\/strong> 8. m\u00edsto, <strong>Vavro\u0161ov\u00e1 Michaela<\/strong> 9. m\u00edsto, <strong>\u0160krochov\u00e1 Krist\u00fdna<\/strong> 10. m\u00edsto<br \/>VS5B <strong>\u010cechov\u00e1 Sofie<\/strong> 21. m\u00edsto<br \/>VS6B <strong>Kr\u00fdsov\u00e1 Anna<\/strong> 12. m\u00edsto<\/p>\n<p>V nadch\u00e1zej\u00edc\u00edm v\u00edkendu p\u0159ejeme hodn\u011b \u0161t\u011bst\u00ed na\u0161im chlapc\u016fm, kte\u0159\u00ed budou startovat na M-\u010cR v Praze.<\/p>\n<p>V\u0161em z\u00e1vodnic\u00edm a z\u00e1vodn\u00edk\u016fm blahop\u0159ejeme a tren\u00e9r\u016fm a tren\u00e9rk\u00e1m d\u011bkujeme za p\u0159\u00edpravu.<\/p>\n<p>V\u00fdsledky M\u010cR MT <a href=\"https:\/\/www.gymfed.cz\/vysledky\/detail\/2701\">ZDE<\/a><\/p>\n<p>V\u00fdsledky M\u010cR MT fin\u00e1le <a href=\"https:\/\/www.gymfed.cz\/vysledky\/detail\/2947\">ZDE<\/a><\/p>\n<p>V\u00fdsledky M\u010cR VS <a href=\"https:\/\/www.gymfed.cz\/vysledky\/detail\/2636\">ZDE<\/a><\/p>\n<p>Fotky M\u010cR VS <a href=\"https:\/\/gkvitkovice.rajce.idnes.cz\/Mistrovstvi_CR_jednotlivkyn_9.6._-_11.6.2023_Ostrava\/\">ZDE<\/a><\/p>\n<p><em>(Monika Prutkayov\u00e1)<\/em><\/p>\n<div class=\"fb-like\" data-href=\"http:\/\/gkvitkovice.cz\/?p=5543\" data-width=\"\" data-layout=\"\" data-action=\"\" data-size=\"\" data-share=\"true\">\u00a0<\/div>","protected":false},"excerpt":{"rendered":"<p><!-- wp:image {\"align\":\"center\",\"id\":5549,\"width\":411,\"height\":512,\"sizeSlug\":\"large\",\"linkDestination\":\"media\"} --><\/p>\n<div class=\"wp-block-image\">\n<figure class=\"aligncenter size-large is-resized\"><a href=\"http:\/\/gkvitkovice.cz\/wp-content\/uploads\/2023\/06\/348914006_576720681117980_1647666981681668671_n.jpg\"><img loading=\"lazy\" src=\"http:\/\/gkvitkovice.cz\/wp-content\/uploads\/2023\/06\/348914006_576720681117980_1647666981681668671_n-821x1024.jpg\" alt=\"\" class=\"wp-image-5549\" width=\"411\" height=\"512\" srcset=\"https:\/\/gkvitkovice.cz\/wp-content\/uploads\/2023\/06\/348914006_576720681117980_1647666981681668671_n-821x1024.jpg 821w, https:\/\/gkvitkovice.cz\/wp-content\/uploads\/2023\/06\/348914006_576720681117980_1647666981681668671_n-241x300.jpg 241w, https:\/\/gkvitkovice.cz\/wp-content\/uploads\/2023\/06\/348914006_576720681117980_1647666981681668671_n-768x957.jpg 768w, https:\/\/gkvitkovice.cz\/wp-content\/uploads\/2023\/06\/348914006_576720681117980_1647666981681668671_n-1232x1536.jpg 1232w, https:\/\/gkvitkovice.cz\/wp-content\/uploads\/2023\/06\/348914006_576720681117980_1647666981681668671_n.jpg 1440w\" sizes=\"(max-width: 411px) 100vw, 411px\" \/><\/a><\/figure>\n<\/div>\n<p><!-- \/wp:image --><\/p>\n<p>Gratulujeme v\u00edtkovick\u00fdm \u00fa\u010dastn\u00edk\u016fm M\u010cR!!!<\/p>\n","protected":false},"author":1,"featured_media":0,"comment_status":"closed","ping_status":"open","sticky":false,"template":"","format":"standard","meta":[],"categories":[18],"tags":[],"_links":{"self":[{"href":"https:\/\/gkvitkovice.cz\/index.php?rest_route=\/wp\/v2\/posts\/5543"}],"collection":[{"href":"https:\/\/gkvitkovice.cz\/index.php?rest_route=\/wp\/v2\/posts"}],"about":[{"href":"https:\/\/gkvitkovice.cz\/index.php?rest_route=\/wp\/v2\/types\/post"}],"author":[{"embeddable":true,"href":"https:\/\/gkvitkovice.cz\/index.php?rest_route=\/wp\/v2\/users\/1"}],"replies":[{"embeddable":true,"href":"https:\/\/gkvitkovice.cz\/index.php?rest_route=%2Fwp%2Fv2%2Fcomments&post=5543"}],"version-history":[{"count":4,"href":"https:\/\/gkvitkovice.cz\/index.php?rest_route=\/wp\/v2\/posts\/5543\/revisions"}],"predecessor-version":[{"id":5552,"href":"https:\/\/gkvitkovice.cz\/index.php?rest_route=\/wp\/v2\/posts\/5543\/revisions\/5552"}],"wp:attachment":[{"href":"https:\/\/gkvitkovice.cz\/index.php?rest_route=%2Fwp%2Fv2%2Fmedia&parent=5543"}],"wp:term":[{"taxonomy":"category","embeddable":true,"href":"https:\/\/gkvitkovice.cz\/index.php?rest_route=%2Fwp%2Fv2%2Fcategories&post=5543"},{"taxonomy":"post_tag","embeddable":true,"href":"https:\/\/gkvitkovice.cz\/index.php?rest_route=%2Fwp%2Fv2%2Ftags&post=5543"}],"curies":[{"name":"wp","href":"https:\/\/api.w.org\/{rel}","templated":true}]}}