{"id":5801,"date":"2023-09-28T11:14:10","date_gmt":"2023-09-28T11:14:10","guid":{"rendered":"http:\/\/gkvitkovice.cz\/?p=5801"},"modified":"2023-10-03T09:29:29","modified_gmt":"2023-10-03T09:29:29","slug":"pozvani-nasich-sportovcu-starostou-mestskeho-obvodu-ostrava-jih-21-9-2023","status":"publish","type":"post","link":"https:\/\/gkvitkovice.cz\/?p=5801","title":{"rendered":"Pozv\u00e1n\u00ed na\u0161ich sportovc\u016f starostou m\u011bstsk\u00e9ho obvodu Ostrava &#8211; Jih, 21. 9. 2023"},"content":{"rendered":"<div id=\"fb-root\"><\/div>\n<p><script async=\"\" defer=\"\" crossorigin=\"anonymous\" src=\"https:\/\/connect.facebook.net\/cs_CZ\/sdk.js#xfbml=1&amp;version=v18.0\" nonce=\"pwAAwn2Y\"><\/script><\/p>\n\n\n<div class=\"wp-block-image\"><figure class=\"aligncenter size-large is-resized\"><a href=\"http:\/\/gkvitkovice.cz\/wp-content\/uploads\/2023\/09\/uvodni-foto.jpg\"><img loading=\"lazy\" src=\"http:\/\/gkvitkovice.cz\/wp-content\/uploads\/2023\/09\/uvodni-foto.jpg\" alt=\"\" class=\"wp-image-5802\" width=\"500\" height=\"334\" srcset=\"https:\/\/gkvitkovice.cz\/wp-content\/uploads\/2023\/09\/uvodni-foto.jpg 1000w, https:\/\/gkvitkovice.cz\/wp-content\/uploads\/2023\/09\/uvodni-foto-300x200.jpg 300w, https:\/\/gkvitkovice.cz\/wp-content\/uploads\/2023\/09\/uvodni-foto-768x512.jpg 768w\" sizes=\"(max-width: 500px) 100vw, 500px\" \/><\/a><\/figure><\/div>\n\n\n\n<p>Nej\u00fasp\u011b\u0161n\u011bj\u0161\u00ed \u010dlenov\u00e9 na\u0161eho&nbsp;gymnastick\u00e9ho klubu p\u0159ijali&nbsp;laskav\u00e9&nbsp;pozv\u00e1n\u00ed starosty m\u011bstsk\u00e9ho obvodu Ostrava-Jih pana Bc. Martina Bedn\u00e1\u0159e. Z\u00fa\u010dastnili se mil\u00e9ho setk\u00e1n\u00ed, b\u011bhem kter\u00e9ho byly prezentov\u00e1ny jejich&nbsp;sportovn\u00ed&nbsp;\u00fasp\u011bchy. Starosta ocenil,&nbsp;a to nejen slovn\u011b, ale i malou pozornost\u00ed, nejenom&nbsp;sportovce, ale i jejich tren\u00e9ry.<\/p>\n\n\n\n<p><br>Velmi si v\u00e1\u017e\u00edme mo\u017enosti sezn\u00e1mit se s&nbsp; p\u0159edstavitelem na\u0161eho m\u011bstsk\u00e9ho obvodu a d\u011bkujeme za velmi p\u0159\u00edjemn\u011b str\u00e1ven\u00fd \u010das.<\/p>\n\n\n\n<p><em>Sportovn\u00ed gymnastika<\/em><\/p>\n\n\n\n<p><strong>Zoe Laura Kol\u00e1\u0159ov\u00e1<\/strong><\/p>\n\n\n\n<ul><li>p\u0159ebornice MS kraje 2023, 6. m\u00edsto M\u010cR 2023 VS 3A<\/li><\/ul>\n\n\n\n<p><strong>S\u00e1ra Anna Novotn\u00e1<\/strong><\/p>\n\n\n\n<ul><li>4. m\u00edsto M\u010cR 2023 na bradlech VS 4A<\/li><\/ul>\n\n\n\n<p><strong>Frederika Prutkayov\u00e1<\/strong><\/p>\n\n\n\n<ul><li>n\u011bkolikan\u00e1sobn\u00e1 p\u0159ebornice MS kraje, mistryn\u011b \u010cR 2021 VS 1A, 4. m\u00edsto M\u010cR 2022 VS 2A, 10. m\u00edsto M\u010cR 2023 VS 3A<\/li><\/ul>\n\n\n\n<p><strong>Linda Rakov\u00e1<\/strong><\/p>\n\n\n\n<ul><li>n\u011bkolikan\u00e1sobn\u00e1 p\u0159ebornice MS kraje, mistryn\u011b \u010cR 2019 VS 1A, 5. m\u00edsto M\u010cR 2021 VS 2A, vicemistryn\u011b \u010cR 2023 na kladin\u011b VS 4 A<\/li><\/ul>\n\n\n\n<p><strong>Liliana Such\u00e1<\/strong><\/p>\n\n\n\n<ul><li>dvojn\u00e1sobn\u00e1 p\u0159ebornice MS kraje, 4. m\u00edsto M\u010cR 2023 VS 1A<\/li><\/ul>\n\n\n\n<p><strong>Anna Ulehlov\u00e1<\/strong><\/p>\n\n\n\n<ul><li>n\u011bkolikan\u00e1sobn\u00e1 p\u0159ebornice MS kraje, dvojn\u00e1sobn\u00e1 vicemistryn\u011b \u010cR 2022 VS 1A a 2023 VS 2A<\/li><\/ul>\n\n\n\n<p><strong>Jan Leikep&nbsp;<\/strong><\/p>\n\n\n\n<ul><li>mistr \u010cR 2022 v kat. dorostenci, 5. m\u00edsto 2023 na prostn\u00fdch v kat. junio\u0159i<\/li><\/ul>\n\n\n\n<p><em>Teamgym<\/em><\/p>\n\n\n\n<p><strong>Lucie G\u0159e\u0161ov\u00e1<\/strong>, <strong>Klaudie Hynek<\/strong>, <strong>Roz\u00e1lie O\u017eanov\u00e1<\/strong>, <strong>Nat\u00e1lie Papou\u0161kov\u00e1&nbsp;<\/strong><\/p>\n\n\n\n<ul><li>vicemistryn\u011b \u010cR 2022<\/li><\/ul>\n\n\n\n<ul><li>mistryn\u011b \u010cR 2023 \u2013 v\u00edt\u011bzstv\u00edm si zajistily postup na Mid-European Championship v italsk\u00e9m LignanoSabbiadoro, kter\u00e9 se uskute\u010dn\u00ed v listopadu 2023<\/li><\/ul>\n\n\n\n<ul><li>V\u0161echny \u010dty\u0159i se dostaly do u\u017e\u0161\u00edho v\u00fdb\u011bru na ME 2024, kter\u00e9 se bude konat v Baku (\u00c1zerb\u00e1jd\u017e\u00e1n).<\/li><li>Klaudie Hynek se nav\u00edc v lo\u0148sk\u00e9m roce probojovala do juniorsk\u00e9 reprezentace \u010cesk\u00e9 republiky, se kterou z\u00e1vodila na Mistrovstv\u00ed Evropy v Lucembursku.<\/li><\/ul>\n\n\n\n<p><br><em>Tren\u00e9\u0159i<\/em><\/p>\n\n\n\n<p><strong>Karla Adam\u00edkov\u00e1<\/strong><\/p>\n\n\n\n<p><strong>Sv\u011btlana Grmelov\u00e1<\/strong><\/p>\n\n\n\n<p><strong>Gabriela Hynek<\/strong><\/p>\n\n\n\n<p><strong>Monika Prutkayov\u00e1<\/strong><\/p>\n\n\n\n<p><strong>Ji\u0159\u00ed Kopec<\/strong><\/p>\n\n\n\n<p>Fotky <a href=\"https:\/\/www.rajce.idnes.cz\/gkvitkovice\/album\/prijeti-starostou-ostrava-jih-21-9-2023\" target=\"_blank\" rel=\"noreferrer noopener\">ZDE<\/a><\/p>\n\n\n\n<p><em>(Gabriela Hynek, Monika Prutkayov\u00e1)<\/em><\/p>\n\n\n<div class=\"fb-like\" data-href=\"http:\/\/gkvitkovice.cz\/?p=5801\" data-width=\"\" data-layout=\"\" data-action=\"\" data-size=\"\" data-share=\"true\"><\/div>","protected":false},"excerpt":{"rendered":"<p><!-- wp:image {\"align\":\"center\",\"id\":5802,\"width\":500,\"height\":334,\"sizeSlug\":\"large\",\"linkDestination\":\"media\"} --><\/p>\n<div class=\"wp-block-image\">\n<figure class=\"aligncenter size-large is-resized\"><a href=\"http:\/\/gkvitkovice.cz\/wp-content\/uploads\/2023\/09\/uvodni-foto.jpg\"><img loading=\"lazy\" src=\"http:\/\/gkvitkovice.cz\/wp-content\/uploads\/2023\/09\/uvodni-foto.jpg\" alt=\"\" class=\"wp-image-5802\" width=\"500\" height=\"334\" srcset=\"https:\/\/gkvitkovice.cz\/wp-content\/uploads\/2023\/09\/uvodni-foto.jpg 1000w, https:\/\/gkvitkovice.cz\/wp-content\/uploads\/2023\/09\/uvodni-foto-300x200.jpg 300w, https:\/\/gkvitkovice.cz\/wp-content\/uploads\/2023\/09\/uvodni-foto-768x512.jpg 768w\" sizes=\"(max-width: 500px) 100vw, 500px\" \/><\/a><\/figure>\n<\/div>\n<p><!-- \/wp:image --><\/p>\n<p><!-- wp:paragraph --><\/p>\n<p>Nej\u00fasp\u011b\u0161n\u011bj\u0161\u00ed \u010dlenov\u00e9 na\u0161eho\u00a0gymnastick\u00e9ho klubu p\u0159ijali\u00a0laskav\u00e9\u00a0pozv\u00e1n\u00ed starosty m\u011bstsk\u00e9ho obvodu Ostrava-Jih pana Bc. Martina Bedn\u00e1\u0159e. <\/p>\n","protected":false},"author":1,"featured_media":0,"comment_status":"closed","ping_status":"open","sticky":false,"template":"","format":"standard","meta":[],"categories":[18],"tags":[],"_links":{"self":[{"href":"https:\/\/gkvitkovice.cz\/index.php?rest_route=\/wp\/v2\/posts\/5801"}],"collection":[{"href":"https:\/\/gkvitkovice.cz\/index.php?rest_route=\/wp\/v2\/posts"}],"about":[{"href":"https:\/\/gkvitkovice.cz\/index.php?rest_route=\/wp\/v2\/types\/post"}],"author":[{"embeddable":true,"href":"https:\/\/gkvitkovice.cz\/index.php?rest_route=\/wp\/v2\/users\/1"}],"replies":[{"embeddable":true,"href":"https:\/\/gkvitkovice.cz\/index.php?rest_route=%2Fwp%2Fv2%2Fcomments&post=5801"}],"version-history":[{"count":3,"href":"https:\/\/gkvitkovice.cz\/index.php?rest_route=\/wp\/v2\/posts\/5801\/revisions"}],"predecessor-version":[{"id":5807,"href":"https:\/\/gkvitkovice.cz\/index.php?rest_route=\/wp\/v2\/posts\/5801\/revisions\/5807"}],"wp:attachment":[{"href":"https:\/\/gkvitkovice.cz\/index.php?rest_route=%2Fwp%2Fv2%2Fmedia&parent=5801"}],"wp:term":[{"taxonomy":"category","embeddable":true,"href":"https:\/\/gkvitkovice.cz\/index.php?rest_route=%2Fwp%2Fv2%2Fcategories&post=5801"},{"taxonomy":"post_tag","embeddable":true,"href":"https:\/\/gkvitkovice.cz\/index.php?rest_route=%2Fwp%2Fv2%2Ftags&post=5801"}],"curies":[{"name":"wp","href":"https:\/\/api.w.org\/{rel}","templated":true}]}}