{"id":5809,"date":"2023-10-04T07:12:50","date_gmt":"2023-10-04T07:12:50","guid":{"rendered":"http:\/\/gkvitkovice.cz\/?p=5809"},"modified":"2023-10-04T07:13:22","modified_gmt":"2023-10-04T07:13:22","slug":"treninkovy-kemp-sgz-cgf-2023","status":"publish","type":"post","link":"https:\/\/gkvitkovice.cz\/?p=5809","title":{"rendered":"Tr\u00e9ninkov\u00fd kemp SG\u017d \u010cGF 2023"},"content":{"rendered":"<div id=\"fb-root\"><\/div>\n<p><script async=\"\" defer=\"\" crossorigin=\"anonymous\" src=\"https:\/\/connect.facebook.net\/cs_CZ\/sdk.js#xfbml=1&amp;version=v18.0\" nonce=\"moexlK4Z\"><\/script><\/p>\n\n\n<div class=\"wp-block-image\"><figure class=\"aligncenter size-large is-resized\"><a href=\"http:\/\/gkvitkovice.cz\/wp-content\/uploads\/2023\/10\/IMG_20230930_180316.jpg\"><img loading=\"lazy\" src=\"http:\/\/gkvitkovice.cz\/wp-content\/uploads\/2023\/10\/IMG_20230930_180316-769x1024.jpg\" alt=\"\" class=\"wp-image-5810\" width=\"385\" height=\"512\" srcset=\"https:\/\/gkvitkovice.cz\/wp-content\/uploads\/2023\/10\/IMG_20230930_180316-769x1024.jpg 769w, https:\/\/gkvitkovice.cz\/wp-content\/uploads\/2023\/10\/IMG_20230930_180316-225x300.jpg 225w, https:\/\/gkvitkovice.cz\/wp-content\/uploads\/2023\/10\/IMG_20230930_180316-768x1023.jpg 768w, https:\/\/gkvitkovice.cz\/wp-content\/uploads\/2023\/10\/IMG_20230930_180316-1154x1536.jpg 1154w, https:\/\/gkvitkovice.cz\/wp-content\/uploads\/2023\/10\/IMG_20230930_180316.jpg 1502w\" sizes=\"(max-width: 385px) 100vw, 385px\" \/><\/a><\/figure><\/div>\n\n\n\n<p>O v\u00edkendu 29. 9. &#8211; 1. 10. 2023 se v&nbsp;GymCentru Merkur v \u010cesk\u00fdch Bud\u011bjovic\u00edch konal kemp pro tren\u00e9ry, kter\u00fd byl zam\u011b\u0159en\u00fd p\u0159edev\u0161\u00edm na kategorie VS1A a\u017e VS4A.<\/p>\n\n\n\n<p>Tento tr\u00e9ninkov\u00fd kemp vedly tren\u00e9rky Tereza Kinclov\u00e1, Karol\u00edna Imbrov\u00e1 a Aneta Moryskov\u00e1, kter\u00e9 si p\u0159ivezly cenn\u00e9 zku\u0161enosti z&nbsp;\u010dervencov\u00e9ho tr\u00e9ninkov\u00e9ho kempu v&nbsp;Kuortane (Finsko), kde se v&nbsp;l\u00e9t\u011b konal desetidenn\u00ed kemp pro gymnastky ve v\u011bkov\u00e9m rozmez\u00ed ro\u010dn\u00edk\u016f narozen\u00ed 2010-2012, po\u0159\u00e1dan\u00fd Evropskou gymnastickou federac\u00ed.<\/p>\n\n\n\n<p>Do \u010cesk\u00fdch Bud\u011bjovic vycestovaly na\u0161e tren\u00e9rky Monika Prutkayov\u00e1 a Kate\u0159ina Orliczkov\u00e1 spole\u010dn\u011b s&nbsp;d\u011bv\u010daty <strong>Ani\u010dkou Ulehlovou<\/strong>, <strong>Agi Klosovou<\/strong> a <strong>Fredy Prutkayovou<\/strong>.<\/p>\n\n\n\n<p>Z&nbsp;v\u00edkendu si jak tren\u00e9rky, tak jejich sv\u011b\u0159enkyn\u011b odvezly plno z\u00e1\u017eitk\u016f a nov\u00fdch zku\u0161enost\u00ed, ze kter\u00fdch ur\u010dit\u011b v&nbsp;budoucnu budou cht\u00edt \u010derpat.<\/p>\n\n\n\n<p>D\u011bkujeme tak\u00e9 vedouc\u00edm lektor\u016fm za p\u0159edan\u00e9 zku\u0161enosti a p\u0159\u00ed\u0161t\u00ed rok se ur\u010dit\u011b budeme zase t\u011b\u0161it.&nbsp;<\/p>\n\n\n\n<p>Fotky <a href=\"https:\/\/www.rajce.idnes.cz\/gkvitkovice\/album\/treninkovy-kemp-sgz-cgf-ceske-budejovice-29-9-1-10-2023\" target=\"_blank\" rel=\"noreferrer noopener\">ZDE<\/a><\/p>\n\n\n\n<p><em>(Kate\u0159ina Orliczkov\u00e1)<\/em><\/p>\n\n\n<div class=\"fb-like\" data-href=\"http:\/\/gkvitkovice.cz\/?p=5809\" data-width=\"\" data-layout=\"\" data-action=\"\" data-size=\"\" data-share=\"true\"><\/div>","protected":false},"excerpt":{"rendered":"<p><!-- wp:image {\"align\":\"center\",\"id\":5810,\"width\":385,\"height\":512,\"sizeSlug\":\"large\",\"linkDestination\":\"media\"} --><\/p>\n<div class=\"wp-block-image\">\n<figure class=\"aligncenter size-large is-resized\"><a href=\"http:\/\/gkvitkovice.cz\/wp-content\/uploads\/2023\/10\/IMG_20230930_180316.jpg\"><img loading=\"lazy\" src=\"http:\/\/gkvitkovice.cz\/wp-content\/uploads\/2023\/10\/IMG_20230930_180316-769x1024.jpg\" alt=\"\" class=\"wp-image-5810\" width=\"385\" height=\"512\" srcset=\"https:\/\/gkvitkovice.cz\/wp-content\/uploads\/2023\/10\/IMG_20230930_180316-769x1024.jpg 769w, https:\/\/gkvitkovice.cz\/wp-content\/uploads\/2023\/10\/IMG_20230930_180316-225x300.jpg 225w, https:\/\/gkvitkovice.cz\/wp-content\/uploads\/2023\/10\/IMG_20230930_180316-768x1023.jpg 768w, https:\/\/gkvitkovice.cz\/wp-content\/uploads\/2023\/10\/IMG_20230930_180316-1154x1536.jpg 1154w, https:\/\/gkvitkovice.cz\/wp-content\/uploads\/2023\/10\/IMG_20230930_180316.jpg 1502w\" sizes=\"(max-width: 385px) 100vw, 385px\" \/><\/a><\/figure>\n<\/div>\n<p><!-- \/wp:image --><\/p>\n<p><!-- wp:paragraph --><\/p>\n<p>O v\u00edkendu 29. 9. &#8211; 1. 10. 2023 se v\u00a0GymCentru Merkur v \u010cesk\u00fdch Bud\u011bjovic\u00edch konal kemp pro tren\u00e9ry, kter\u00fd byl zam\u011b\u0159en\u00fd p\u0159edev\u0161\u00edm na kategorie VS1A a\u017e VS4A.<\/p>\n","protected":false},"author":1,"featured_media":0,"comment_status":"closed","ping_status":"open","sticky":false,"template":"","format":"standard","meta":[],"categories":[18],"tags":[],"_links":{"self":[{"href":"https:\/\/gkvitkovice.cz\/index.php?rest_route=\/wp\/v2\/posts\/5809"}],"collection":[{"href":"https:\/\/gkvitkovice.cz\/index.php?rest_route=\/wp\/v2\/posts"}],"about":[{"href":"https:\/\/gkvitkovice.cz\/index.php?rest_route=\/wp\/v2\/types\/post"}],"author":[{"embeddable":true,"href":"https:\/\/gkvitkovice.cz\/index.php?rest_route=\/wp\/v2\/users\/1"}],"replies":[{"embeddable":true,"href":"https:\/\/gkvitkovice.cz\/index.php?rest_route=%2Fwp%2Fv2%2Fcomments&post=5809"}],"version-history":[{"count":2,"href":"https:\/\/gkvitkovice.cz\/index.php?rest_route=\/wp\/v2\/posts\/5809\/revisions"}],"predecessor-version":[{"id":5812,"href":"https:\/\/gkvitkovice.cz\/index.php?rest_route=\/wp\/v2\/posts\/5809\/revisions\/5812"}],"wp:attachment":[{"href":"https:\/\/gkvitkovice.cz\/index.php?rest_route=%2Fwp%2Fv2%2Fmedia&parent=5809"}],"wp:term":[{"taxonomy":"category","embeddable":true,"href":"https:\/\/gkvitkovice.cz\/index.php?rest_route=%2Fwp%2Fv2%2Fcategories&post=5809"},{"taxonomy":"post_tag","embeddable":true,"href":"https:\/\/gkvitkovice.cz\/index.php?rest_route=%2Fwp%2Fv2%2Ftags&post=5809"}],"curies":[{"name":"wp","href":"https:\/\/api.w.org\/{rel}","templated":true}]}}