{"id":5931,"date":"2023-10-16T14:20:13","date_gmt":"2023-10-16T14:20:13","guid":{"rendered":"http:\/\/gkvitkovice.cz\/?p=5931"},"modified":"2023-10-16T14:20:55","modified_gmt":"2023-10-16T14:20:55","slug":"hodokvas-na-hrade-2023","status":"publish","type":"post","link":"https:\/\/gkvitkovice.cz\/?p=5931","title":{"rendered":"Hodokvas na hrad\u011b 2023"},"content":{"rendered":"<div id=\"fb-root\"><\/div>\n<p><script async=\"\" defer=\"\" crossorigin=\"anonymous\" src=\"https:\/\/connect.facebook.net\/cs_CZ\/sdk.js#xfbml=1&amp;version=v18.0\" nonce=\"wlw2rqt0\"><\/script><\/p>\n\n\n<div class=\"wp-block-image\"><figure class=\"aligncenter size-large is-resized\"><a href=\"http:\/\/gkvitkovice.cz\/wp-content\/uploads\/2023\/10\/387827096_707364811429147_210513052165112529_n.jpg\"><img loading=\"lazy\" src=\"http:\/\/gkvitkovice.cz\/wp-content\/uploads\/2023\/10\/387827096_707364811429147_210513052165112529_n.jpg\" alt=\"\" class=\"wp-image-5932\" width=\"500\" height=\"333\" srcset=\"https:\/\/gkvitkovice.cz\/wp-content\/uploads\/2023\/10\/387827096_707364811429147_210513052165112529_n.jpg 1000w, https:\/\/gkvitkovice.cz\/wp-content\/uploads\/2023\/10\/387827096_707364811429147_210513052165112529_n-300x200.jpg 300w, https:\/\/gkvitkovice.cz\/wp-content\/uploads\/2023\/10\/387827096_707364811429147_210513052165112529_n-768x511.jpg 768w\" sizes=\"(max-width: 500px) 100vw, 500px\" \/><\/a><figcaption>Foto: Jan Kr\u00e1l<\/figcaption><\/figure><\/div>\n\n\n\n<p>V Ostrav\u011b na Slezskoostravsk\u00e9m hrad\u011b se 7. \u0159\u00edjna 2023 odehr\u00e1la ud\u00e1lost, kter\u00e1 p\u0159il\u00e1kala pozornost mnoha obyvatel. Touto ud\u00e1lost\u00ed byl tradi\u010dn\u00ed &#8222;Hodokvas na hrad\u011b&#8220;, kter\u00fd se stal z\u00e1kladem pro setk\u00e1v\u00e1n\u00ed m\u00edstn\u00edch komunit a pro\u017e\u00edv\u00e1n\u00ed tradi\u010dn\u00edho \u010desk\u00e9ho folkl\u00f3ru. Ale letos byl Hodokvas o n\u011bco speci\u00e1ln\u011bj\u0161\u00ed d\u00edky op\u011btovn\u00e9 \u00fa\u010dasti na\u0161ich gymnastek.<\/p>\n\n\n\n<p>Gymnastky z V\u00edtkovic obdr\u017eely pozv\u00e1nku, aby p\u0159edvedly sv\u00e9 vystoupen\u00ed, kter\u00e9 nacvi\u010dily pod veden\u00edm sv\u00fdch tren\u00e9rek, Kate\u0159iny Orliczkov\u00e9 a Laury Smolecov\u00e9.<\/p>\n\n\n\n<p>Vystoupen\u00ed se v\u0161em holk\u00e1m moc povedlo a u\u017e te\u010f se t\u011b\u0161\u00ed op\u011bt za rok.<\/p>\n\n\n\n<p>Fotky <a href=\"https:\/\/www.rajce.idnes.cz\/gkvitkovice\/album\/hodokvas-na-hrade-slezskoostravsky-hrad-7-10-2023\">ZDE<\/a><\/p>\n\n\n\n<p><em>(Kate\u0159ina Orliczkov\u00e1)<\/em><\/p>\n\n\n<div class=\"fb-like\" data-href=\"http:\/\/gkvitkovice.cz\/?p=5931\" data-width=\"\" data-layout=\"\" data-action=\"\" data-size=\"\" data-share=\"true\"><\/div>","protected":false},"excerpt":{"rendered":"<p><!-- wp:image {\"align\":\"center\",\"id\":5932,\"width\":500,\"height\":333,\"sizeSlug\":\"large\",\"linkDestination\":\"media\"} --><\/p>\n<div class=\"wp-block-image\">\n<figure class=\"aligncenter size-large is-resized\"><a href=\"http:\/\/gkvitkovice.cz\/wp-content\/uploads\/2023\/10\/387827096_707364811429147_210513052165112529_n.jpg\"><img loading=\"lazy\" src=\"http:\/\/gkvitkovice.cz\/wp-content\/uploads\/2023\/10\/387827096_707364811429147_210513052165112529_n.jpg\" alt=\"\" class=\"wp-image-5932\" width=\"500\" height=\"333\" srcset=\"https:\/\/gkvitkovice.cz\/wp-content\/uploads\/2023\/10\/387827096_707364811429147_210513052165112529_n.jpg 1000w, https:\/\/gkvitkovice.cz\/wp-content\/uploads\/2023\/10\/387827096_707364811429147_210513052165112529_n-300x200.jpg 300w, https:\/\/gkvitkovice.cz\/wp-content\/uploads\/2023\/10\/387827096_707364811429147_210513052165112529_n-768x511.jpg 768w\" sizes=\"(max-width: 500px) 100vw, 500px\" \/><\/a><figcaption>Foto: Jan Kr\u00e1l<\/figcaption><\/figure>\n<\/div>\n<p><!-- \/wp:image --><\/p>\n<p><!-- wp:paragraph --><\/p>\n<p>V Ostrav\u011b na Slezskoostravsk\u00e9m hrad\u011b se 7. \u0159\u00edjna 2023 odehr\u00e1la ud\u00e1lost, kter\u00e1 p\u0159il\u00e1kala pozornost mnoha obyvatel.<\/p>\n","protected":false},"author":1,"featured_media":0,"comment_status":"closed","ping_status":"open","sticky":false,"template":"","format":"standard","meta":[],"categories":[18],"tags":[],"_links":{"self":[{"href":"https:\/\/gkvitkovice.cz\/index.php?rest_route=\/wp\/v2\/posts\/5931"}],"collection":[{"href":"https:\/\/gkvitkovice.cz\/index.php?rest_route=\/wp\/v2\/posts"}],"about":[{"href":"https:\/\/gkvitkovice.cz\/index.php?rest_route=\/wp\/v2\/types\/post"}],"author":[{"embeddable":true,"href":"https:\/\/gkvitkovice.cz\/index.php?rest_route=\/wp\/v2\/users\/1"}],"replies":[{"embeddable":true,"href":"https:\/\/gkvitkovice.cz\/index.php?rest_route=%2Fwp%2Fv2%2Fcomments&post=5931"}],"version-history":[{"count":2,"href":"https:\/\/gkvitkovice.cz\/index.php?rest_route=\/wp\/v2\/posts\/5931\/revisions"}],"predecessor-version":[{"id":5934,"href":"https:\/\/gkvitkovice.cz\/index.php?rest_route=\/wp\/v2\/posts\/5931\/revisions\/5934"}],"wp:attachment":[{"href":"https:\/\/gkvitkovice.cz\/index.php?rest_route=%2Fwp%2Fv2%2Fmedia&parent=5931"}],"wp:term":[{"taxonomy":"category","embeddable":true,"href":"https:\/\/gkvitkovice.cz\/index.php?rest_route=%2Fwp%2Fv2%2Fcategories&post=5931"},{"taxonomy":"post_tag","embeddable":true,"href":"https:\/\/gkvitkovice.cz\/index.php?rest_route=%2Fwp%2Fv2%2Ftags&post=5931"}],"curies":[{"name":"wp","href":"https:\/\/api.w.org\/{rel}","templated":true}]}}